{"id":389145,"date":"2021-10-11T16:37:59","date_gmt":"2021-10-11T13:37:59","guid":{"rendered":"http:\/\/arantv.az\/?p=389145"},"modified":"2021-10-11T16:37:59","modified_gmt":"2021-10-11T13:37:59","slug":"iraq-k%c9%99sfiyyatindan-xususi-%c9%99m%c9%99liyyat-bagdadinin-muavini-%c9%99l%c9%99-kecdi","status":"publish","type":"post","link":"https:\/\/arantv.az\/?p=389145","title":{"rendered":"\u0130raq k\u0259\u015ffiyyat\u0131ndan x\u00fcsusi \u0259m\u0259liyyat: Ba\u011fdadinin m\u00fcavini \u0259l\u0259 ke\u00e7di"},"content":{"rendered":"<p>\u0130raq\u0131n Ba\u015f naziri Mustafa \u0259l-Kaz\u0131mi \u0130\u015e\u0130D terror qrupla\u015fmas\u0131n\u0131n ke\u00e7mi\u015f lideri \u018fbub\u0259kr \u0259l-Ba\u011fdadinin m\u00fcavini, maliyy\u0259 m\u0259s\u0259l\u0259l\u0259rin\u0259 n\u0259zar\u0259t ed\u0259n Sami Casimin saxlan\u0131ld\u0131\u011f\u0131n\u0131 a\u00e7\u0131qlay\u0131b.<\/p>\n<p>\u201cT\u0259hl\u00fck\u0259sizlik q\u00fcvv\u0259l\u0259ri \u00f6lk\u0259d\u0259 ke\u00e7iril\u0259n parlament se\u00e7kil\u0259rini qorudu\u011fu halda, onlar\u0131n k\u0259\u015ffiyyatda \u00e7al\u0131\u015fan h\u0259mkarlar\u0131 \u0130\u015e\u0130D-in maliyy\u0259 m\u0259s\u0259l\u0259l\u0259rin\u0259 cavabdeh Sami Casimin tutulmas\u0131 \u00fc\u00e7\u00fcn \u0259n \u00e7\u0259tin \u0259m\u0259liyyatlardan birini icra edibl\u0259r\u201d, &#8211; dey\u0259 ba\u015f nazir bildirib.<\/p>\n<div id=\"AdviadNativeVideo0\" class=\"AdviadNativeVideo\"><\/div>\n<p>Qeyd olunur ki, terror\u00e7unun saxlan\u0131lmas\u0131 il\u0259 ba\u011fl\u0131 \u0259m\u0259liyyat \u00f6lk\u0259 xaricind\u0259 h\u0259yata ke\u00e7irilib.<\/p>\n<p>M\u0259nb\u0259: TASS<\/p>\n","protected":false},"excerpt":{"rendered":"<p>\u0130raq\u0131n Ba\u015f naziri Mustafa \u0259l-Kaz\u0131mi \u0130\u015e\u0130D terror qrupla\u015fmas\u0131n\u0131n ke\u00e7mi\u015f lideri \u018fbub\u0259kr \u0259l-Ba\u011fdadinin m\u00fcavini, maliyy\u0259 m\u0259s\u0259l\u0259l\u0259rin\u0259 n\u0259zar\u0259t ed\u0259n Sami Casimin saxlan\u0131ld\u0131\u011f\u0131n\u0131 a\u00e7\u0131qlay\u0131b. \u201cT\u0259hl\u00fck\u0259sizlik q\u00fcvv\u0259l\u0259ri \u00f6lk\u0259d\u0259 ke\u00e7iril\u0259n parlament se\u00e7kil\u0259rini qorudu\u011fu halda, onlar\u0131n k\u0259\u015ffiyyatda \u00e7al\u0131\u015fan h\u0259mkarlar\u0131 \u0130\u015e\u0130D-in maliyy\u0259 m\u0259s\u0259l\u0259l\u0259rin\u0259 cavabdeh Sami Casimin tutulmas\u0131 \u00fc\u00e7\u00fcn \u0259n \u00e7\u0259tin \u0259m\u0259liyyatlardan birini icra edibl\u0259r\u201d, &#8211; dey\u0259 ba\u015f nazir bildirib. Qeyd olunur ki, terror\u00e7unun saxlan\u0131lmas\u0131 il\u0259 ba\u011fl\u0131 \u0259m\u0259liyyat \u00f6lk\u0259 xaricind\u0259 h\u0259yata ke\u00e7irilib. M\u0259nb\u0259: TASS<\/p>\n","protected":false},"author":2,"featured_media":389146,"comment_status":"closed","ping_status":"closed","sticky":false,"template":"","format":"standard","meta":{"om_disable_all_campaigns":false,"_monsterinsights_skip_tracking":false,"_monsterinsights_sitenote_active":false,"_monsterinsights_sitenote_note":"","_monsterinsights_sitenote_category":0},"categories":[7],"tags":[],"aioseo_notices":[],"gutentor_comment":0,"rttpg_featured_image_url":{"full":["https:\/\/arantv.az\/wp-content\/uploads\/2021\/10\/df1ab935-f729-474b-a15e-d9cfc48d1d63.jpg",620,413,false],"landscape":["https:\/\/arantv.az\/wp-content\/uploads\/2021\/10\/df1ab935-f729-474b-a15e-d9cfc48d1d63.jpg",620,413,false],"portraits":["https:\/\/arantv.az\/wp-content\/uploads\/2021\/10\/df1ab935-f729-474b-a15e-d9cfc48d1d63.jpg",620,413,false],"thumbnail":["https:\/\/arantv.az\/wp-content\/uploads\/2021\/10\/df1ab935-f729-474b-a15e-d9cfc48d1d63-500x280.jpg",500,280,true],"medium":["https:\/\/arantv.az\/wp-content\/uploads\/2021\/10\/df1ab935-f729-474b-a15e-d9cfc48d1d63-548x365.jpg",548,365,true],"large":["https:\/\/arantv.az\/wp-content\/uploads\/2021\/10\/df1ab935-f729-474b-a15e-d9cfc48d1d63.jpg",620,413,false],"1536x1536":["https:\/\/arantv.az\/wp-content\/uploads\/2021\/10\/df1ab935-f729-474b-a15e-d9cfc48d1d63.jpg",620,413,false],"2048x2048":["https:\/\/arantv.az\/wp-content\/uploads\/2021\/10\/df1ab935-f729-474b-a15e-d9cfc48d1d63.jpg",620,413,false],"post-thumbnail":["https:\/\/arantv.az\/wp-content\/uploads\/2021\/10\/df1ab935-f729-474b-a15e-d9cfc48d1d63-240x172.jpg",240,172,true],"advps-thumb-one":["https:\/\/arantv.az\/wp-content\/uploads\/2021\/10\/df1ab935-f729-474b-a15e-d9cfc48d1d63.jpg",620,413,false]},"rttpg_author":{"display_name":"V\u00fcsal Rafiqo\u011flu","author_link":"https:\/\/arantv.az\/?author=2"},"rttpg_comment":0,"rttpg_category":"<a href=\"https:\/\/arantv.az\/?cat=7\" rel=\"category\">D\u00fcnya<\/a>","rttpg_excerpt":"\u0130raq\u0131n Ba\u015f naziri Mustafa \u0259l-Kaz\u0131mi \u0130\u015e\u0130D terror qrupla\u015fmas\u0131n\u0131n ke\u00e7mi\u015f lideri \u018fbub\u0259kr \u0259l-Ba\u011fdadinin m\u00fcavini, maliyy\u0259 m\u0259s\u0259l\u0259l\u0259rin\u0259 n\u0259zar\u0259t ed\u0259n Sami Casimin saxlan\u0131ld\u0131\u011f\u0131n\u0131 a\u00e7\u0131qlay\u0131b. \u201cT\u0259hl\u00fck\u0259sizlik q\u00fcvv\u0259l\u0259ri \u00f6lk\u0259d\u0259 ke\u00e7iril\u0259n parlament se\u00e7kil\u0259rini qorudu\u011fu halda, onlar\u0131n k\u0259\u015ffiyyatda \u00e7al\u0131\u015fan h\u0259mkarlar\u0131 \u0130\u015e\u0130D-in maliyy\u0259 m\u0259s\u0259l\u0259l\u0259rin\u0259 cavabdeh Sami Casimin tutulmas\u0131 \u00fc\u00e7\u00fcn \u0259n \u00e7\u0259tin \u0259m\u0259liyyatlardan birini icra edibl\u0259r\u201d, &#8211; dey\u0259 ba\u015f nazir bildirib. Qeyd olunur ki,&hellip;","_links":{"self":[{"href":"https:\/\/arantv.az\/index.php?rest_route=\/wp\/v2\/posts\/389145"}],"collection":[{"href":"https:\/\/arantv.az\/index.php?rest_route=\/wp\/v2\/posts"}],"about":[{"href":"https:\/\/arantv.az\/index.php?rest_route=\/wp\/v2\/types\/post"}],"author":[{"embeddable":true,"href":"https:\/\/arantv.az\/index.php?rest_route=\/wp\/v2\/users\/2"}],"replies":[{"embeddable":true,"href":"https:\/\/arantv.az\/index.php?rest_route=%2Fwp%2Fv2%2Fcomments&post=389145"}],"version-history":[{"count":0,"href":"https:\/\/arantv.az\/index.php?rest_route=\/wp\/v2\/posts\/389145\/revisions"}],"wp:featuredmedia":[{"embeddable":true,"href":"https:\/\/arantv.az\/index.php?rest_route=\/wp\/v2\/media\/389146"}],"wp:attachment":[{"href":"https:\/\/arantv.az\/index.php?rest_route=%2Fwp%2Fv2%2Fmedia&parent=389145"}],"wp:term":[{"taxonomy":"category","embeddable":true,"href":"https:\/\/arantv.az\/index.php?rest_route=%2Fwp%2Fv2%2Fcategories&post=389145"},{"taxonomy":"post_tag","embeddable":true,"href":"https:\/\/arantv.az\/index.php?rest_route=%2Fwp%2Fv2%2Ftags&post=389145"}],"curies":[{"name":"wp","href":"https:\/\/api.w.org\/{rel}","templated":true}]}}