{"id":389161,"date":"2021-10-11T16:53:47","date_gmt":"2021-10-11T13:53:47","guid":{"rendered":"http:\/\/arantv.az\/?p=389161"},"modified":"2021-10-11T16:53:47","modified_gmt":"2021-10-11T13:53:47","slug":"media-v%c9%99-siyasi-prosesl%c9%99r%c9%99-baxis-pes%c9%99-etikasi-v%c9%99-perspektiv-v%c9%99zif%c9%99l%c9%99r-movzusunda-konfrans-kecirildi-foto","status":"publish","type":"post","link":"https:\/\/arantv.az\/?p=389161","title":{"rendered":"\u201cMedia v\u0259 siyasi prosesl\u0259r\u0259 bax\u0131\u015f: pe\u015f\u0259 etikas\u0131 v\u0259 perspektiv v\u0259zif\u0259l\u0259r\u201d m\u00f6vzusunda konfrans ke\u00e7irildi &#8211; FOTO"},"content":{"rendered":"<p>Bu g\u00fcn Az\u0259rbaycan M\u0259tbuat \u015euras\u0131n\u0131n (M\u015e) t\u0259\u015f\u0259bb\u00fcs\u00fc il\u0259 \u201cMedia v\u0259 siyasi prosesl\u0259r\u0259 bax\u0131\u015f: pe\u015f\u0259 etikas\u0131 v\u0259 perspektiv v\u0259zif\u0259l\u0259r\u201d m\u00f6vzusunda konfrans ke\u00e7irilib.<\/p>\n<p>\u015euradan\u00a0Trend-\u0259 bildirilib ki, toplant\u0131n\u0131 giri\u015f s\u00f6z\u00fc il\u0259 M\u015e s\u0259dri \u018fflatun Ama\u015fov a\u00e7araq bildirib ki, Az\u0259rbaycan medias\u0131 \u00f6lk\u0259mizl\u0259 ba\u011fl\u0131 ist\u0259r regionda, ist\u0259rs\u0259 d\u0259 d\u00fcnyada ba\u015f ver\u0259n siyasi prosesl\u0259r\u0259 h\u0259r zaman h\u0259ssasl\u0131qla yana\u015f\u0131b.<\/p>\n<p>Bu bax\u0131mdan daxili siyasi prosesl\u0259r, el\u0259c\u0259 d\u0259 ayr\u0131-ayr\u0131 hadis\u0259l\u0259r d\u0259 istisna deyil. Mediam\u0131z m\u0259s\u0259l\u0259l\u0259r\u0259 ortaq m\u00f6vqe n\u00fcmayi\u015f etdirm\u0259yi bacar\u0131b, c\u0259miyy\u0259tin m\u0259nafel\u0259rinin qorunmas\u0131n\u0131 \u0259sas g\u00f6t\u00fcr\u00fcb. Bu is\u0259 jurnalistl\u0259rimizin h\u0259m pe\u015f\u0259karl\u0131\u011f\u0131ndan, h\u0259m d\u0259 v\u0259t\u0259np\u0259rv\u0259rliyind\u0259n ir\u0259li g\u0259l\u0259n x\u00fcsusiyy\u0259tdir.<\/p>\n<div id=\"AdviadNativeVideo0\" class=\"AdviadNativeVideo\"><\/div>\n<p>\u201cMediam\u0131z qlobal m\u00fcst\u0259vid\u0259 ba\u015f ver\u0259n siyasi prosesl\u0259r\u0259 nec\u0259 m\u00fcnasib\u0259t s\u0259rgil\u0259m\u0259lidir? \u018flb\u0259tt\u0259, pe\u015f\u0259kar olmal\u0131d\u0131r. \u00dcmum\u0259n jurnalistika hans\u0131 m\u0259s\u0259l\u0259y\u0259 yana\u015f\u0131r-yana\u015fs\u0131n, ilk n\u00f6vb\u0259d\u0259 pe\u015f\u0259karl\u0131\u011f\u0131n\u0131 qorumal\u0131d\u0131r. Pe\u015f\u0259karl\u0131q is\u0259 h\u0259ssasl\u0131q, prosesl\u0259ri d\u00fczg\u00fcn t\u0259hlil edib n\u0259tic\u0259 \u00e7\u0131xararaq h\u0259min n\u0259tic\u0259ni c\u0259miyy\u0259t\u0259 \u00e7atd\u0131rmaqd\u0131r. 44 g\u00fcnl\u00fck V\u0259t\u0259n m\u00fcharib\u0259si q\u0259l\u0259b\u0259mizl\u0259 yekunla\u015fd\u0131. Jurnalistl\u0259r n\u0259z\u0259r\u0259 almal\u0131d\u0131rlar ki, biz qalib xalq\u0131q. T\u0259bii, bu, arxay\u0131nla\u015fmaq \u00fc\u00e7\u00fcn \u0259sas deyil. Daha diqq\u0259tli olmal\u0131y\u0131q. Amma diqq\u0259tli olub hans\u0131 m\u0259qamlar\u0131 qabartmal\u0131y\u0131q v\u0259 n\u0259l\u0259ri etm\u0259m\u0259liyik? Daha do\u011frusu, n\u0259l\u0259ri etm\u0259li v\u0259 n\u0259l\u0259ri etm\u0259m\u0259liyik ki, pe\u015f\u0259kar obraz\u0131m\u0131z s\u0131radan \u00e7\u0131xmas\u0131n\u201d, &#8211; dey\u0259n \u018f.Ama\u015fov vur\u011fulay\u0131b ki, Az\u0259rbaycan medias\u0131 Qaraba\u011fla ba\u011fl\u0131 hadis\u0259l\u0259ri h\u0259r zaman oldu\u011fu kimi, indi d\u0259 ciddi diqq\u0259t m\u0259rk\u0259zind\u0259 saxlay\u0131r. Bu x\u00fcsusda \u0130ran-Erm\u0259nistan, \u0130ran-Az\u0259rbaycan m\u00fcnasib\u0259tl\u0259rin\u0259 m\u0259xsusi yana\u015fmalar var. M\u015e s\u0259dri bu yana\u015fmalar\u0131n pe\u015f\u0259karl\u0131qdan ir\u0259li g\u0259lm\u0259sinin vacibliyini \u0259sasland\u0131r\u0131b. O, h\u0259m\u00e7inin daxili siyasi m\u00fchitd\u0259 t\u0259nqid h\u0259d\u0259fi kimi se\u00e7ilmi\u015f \u015f\u0259xsl\u0259r\u0259 m\u00fcnasib\u0259td\u0259 d\u0259 q\u0131rm\u0131z\u0131 x\u0259ttin qorunmas\u0131n\u0131n c\u0259miyy\u0259td\u0259ki \u00fcmumi ab-havan\u0131n saxlan\u0131lmas\u0131 n\u00f6qteyi-n\u0259z\u0259rd\u0259n \u0259h\u0259miyy\u0259tin\u0259 ayd\u0131nl\u0131q g\u0259tirib.<\/p>\n<p>Toplant\u0131da \u00e7\u0131x\u0131\u015f ed\u0259n M\u015e \u0130dar\u0259 Hey\u0259tinin \u00fczv\u00fc Ayd\u0131n Quliyev bildirib ki, \u0259vv\u0259ll\u0259r median\u0131n daxili siyasi prosesl\u0259r\u0259 yana\u015fmas\u0131nda ayr\u0131-ayr\u0131 q\u00fctbl\u0259rin maraqlar\u0131ndan \u00e7\u0131x\u0131\u015f etm\u0259 tendensiyas\u0131 var idi. Haz\u0131rda bununla ba\u011fl\u0131 v\u0259ziyy\u0259t q\u0259na\u0259tb\u0259x\u015fdir, o m\u0259rh\u0259l\u0259 gerid\u0259 qal\u0131b. A.Quliyev h\u0259m\u00e7inin ya\u015fad\u0131\u011f\u0131m\u0131z b\u00f6lg\u0259 v\u0259 \u00fcmumilikd\u0259 d\u00fcnya \u00fc\u00e7\u00fcn z\u0259ruri olan m\u0259s\u0259l\u0259l\u0259r\u0259 bax\u0131\u015fda da jurnalist pe\u015f\u0259karl\u0131\u011f\u0131n\u0131n \u0259h\u0259miyy\u0259tind\u0259n s\u00f6z a\u00e7\u0131b. O vur\u011fulay\u0131b ki, m\u00f6vcud istiqam\u0259td\u0259 media etikas\u0131 v\u0259 v\u0259t\u0259np\u0259rv\u0259rlik ba\u015fl\u0131ca x\u0259tt kimi g\u00f6t\u00fcr\u00fclm\u0259li, eyni zamanda bundan ir\u0259li g\u0259l\u0259n f\u0259aliyy\u0259t d\u0259 arqumentli t\u0259sir ba\u011f\u0131\u015flamal\u0131d\u0131r.<\/p>\n<p>M\u015e \u0130dar\u0259 Hey\u0259tinin \u00fczv\u00fc, \u201cXalq c\u0259bh\u0259si\u201d q\u0259zetinin ba\u015f redaktoru El\u00e7in Mirz\u0259b\u0259yli haz\u0131rda Az\u0259rbaycan medias\u0131n\u0131n b\u00f6lg\u0259 il\u0259 ba\u011fl\u0131 m\u0259s\u0259l\u0259l\u0259r\u0259 bax\u0131\u015f\u0131n\u0131n adekvat oldu\u011funu deyib. Bu x\u00fcsusda iki x\u0259ttin \u2013 Erm\u0259nistana v\u0259 \u0130rana m\u00fcnasib\u0259tin \u00f6z\u00fcn\u00fc g\u00f6st\u0259rdiyini \u00f6n\u0259 \u00e7\u0259k\u0259n E.Mirz\u0259b\u0259yli vur\u011fulay\u0131b ki, \u0130ran\u0131n ideoloji siyas\u0259tind\u0259 anti-Az\u0259rbaycan m\u00f6vqe h\u0259r zaman duyulub.\u00a0Az\u0259rbaycan jurnalistl\u0259rinin ba\u015f vermi\u015f hans\u0131sa konkret olaya bax\u0131\u015flar\u0131n\u0131 bu reall\u0131\u011fa uy\u011fun formala\u015fd\u0131rmalar\u0131 anla\u015f\u0131land\u0131r. Ancaq b\u00fct\u00fcn hallarda pe\u015f\u0259karl\u0131\u011f\u0131n g\u00f6zl\u0259nilm\u0259si, faktoloji f\u0259aliyy\u0259t\u0259 sadiqlik \u015f\u0259rtdir.<\/p>\n<p>M\u015e \u0130dar\u0259 Hey\u0259tinin \u00fczv\u00fc, \u201c\u0130ki sahil\u201d q\u0259zetinin ba\u015f redaktoru V\u00fcqar R\u0259himzad\u0259 h\u0259r bir \u015f\u0259xsin, o c\u00fcml\u0259d\u0259n h\u0259r bir jurnalistin \u00f6z f\u0259aliyy\u0259tind\u0259 v\u0259t\u0259nda\u015f m\u0259suliyy\u0259tind\u0259n ir\u0259li g\u0259l\u0259n norma v\u0259 prinsipl\u0259ri g\u00f6zl\u0259m\u0259sinin faydal\u0131 t\u0259r\u0259fl\u0259rind\u0259n s\u00f6z a\u00e7\u0131b. O, eyni zamanda bildirib ki, jurnalist t\u0259nqidi, \u00fcmum\u0259n yana\u015fmas\u0131 arqumentliliyi il\u0259 se\u00e7ilm\u0259lidir. Bu zaman onun haz\u0131rlad\u0131\u011f\u0131 material\u0131n t\u0259sir g\u00fcc\u00fc y\u00fcks\u0259k olur.<\/p>\n<p>\u201cOlaylar\u201d q\u0259zetinin ba\u015f redaktoru v\u0259 eyni adl\u0131 informasiya agentliyinin r\u0259hb\u0259ri Yunus O\u011fuz bildirib ki, jurnalistin ist\u0259nil\u0259n m\u0259s\u0259l\u0259y\u0259 bax\u0131\u015f\u0131nda q\u0131rm\u0131z\u0131 x\u0259tt anlay\u0131\u015f\u0131 olmal\u0131d\u0131r. Bu x\u0259tt is\u0259 milli maraqlar v\u0259 m\u0259nafel\u0259ri \u0259sas g\u00f6t\u00fcrm\u0259kl\u0259 pe\u015f\u0259karl\u0131\u011fa \u0259saslanmal\u0131d\u0131r.<\/p>\n<p>\u201cAznews.az\u201d sayt\u0131n\u0131n ba\u015f redaktoru Taleh \u015eahsuvarl\u0131 qeyd edib ki, h\u0259r bir m\u0259s\u0259l\u0259y\u0259 m\u00fcnasib\u0259td\u0259 jurnalist pe\u015f\u0259karl\u0131\u011f\u0131 bax\u0131m\u0131ndan norma Az\u0259rbaycan\u0131n m\u00fcvafiq qanunvericiliyi, eyni zamanda \u201cAz\u0259rbaycan Jurnalistl\u0259rinin Pe\u015f\u0259 Davran\u0131\u015f\u0131 Qaydalar\u0131\u201dd\u0131r. O, Az\u0259rbaycan \u0259d\u0259bi dilinin prinsipl\u0259rin\u0259 zidd olmayan ist\u0259nil\u0259n t\u0259nqidin yolveril\u0259n oldu\u011funu diqq\u0259t\u0259 \u00e7atd\u0131r\u0131b.<\/p>\n<p>Haz\u0131rda ideoloji m\u00fcbariz\u0259nin yeni m\u00fcst\u0259viy\u0259 q\u0259d\u0259m qoydu\u011funu vur\u011falayan M\u015e s\u0259drinin m\u00fcavini, Beyn\u0259lxalq Avrasiya M\u0259tbuat Fondunun r\u0259hb\u0259ri Umud R\u0259himo\u011flu \u0259lav\u0259 edib ki, bu m\u0259rh\u0259l\u0259d\u0259 jurnalistl\u0259rin beyn\u0259lxalq m\u0259s\u0259l\u0259l\u0259r\u0259 yana\u015fma bax\u0131m\u0131ndan etik standartlar\u0131n\u0131n olmas\u0131 faydal\u0131d\u0131r. O, m\u00f6vcud istiqam\u0259td\u0259ki hans\u0131sa bo\u015flu\u011fun \u00f6lk\u0259mizin \u0259leyhin\u0259 \u00e7evril\u0259 bil\u0259c\u0259yin\u0259 dair fikirl\u0259rini b\u00f6l\u00fc\u015f\u00fcb.<\/p>\n<p>M\u015e \u0130dar\u0259 Hey\u0259tinin \u00fczv\u00fc, \u201c\u015e\u0259rq\u201d q\u0259zetinin ba\u015f redaktoru Akif A\u015f\u0131rl\u0131 bildirib ki, ictimai maraqlar t\u0259l\u0259b ed\u0259rs\u0259, jurnalistin fakt\u0131n \u015fi\u015firdilm\u0259sin\u0259 yol verm\u0259si m\u00fcmk\u00fcnd\u00fcr. O, Az\u0259rbaycan jurnalistl\u0259rinin milli maraqlar\u0131n m\u00fcdafi\u0259si \u00fc\u00e7\u00fcn h\u0259r zaman sip\u0259r olduqlar\u0131n\u0131 deyib. Ba\u015f redaktor bu bax\u0131mdan son zamanlar \u0130randan \u00f6lk\u0259miz\u0259 y\u00f6n\u0259l\u0259n t\u0259hdidl\u0259rin, a\u015fa\u011f\u0131lay\u0131c\u0131 fikirl\u0259rin layiqli \u015f\u0259kild\u0259 cavabland\u0131r\u0131ld\u0131\u011f\u0131n\u0131 diqq\u0259t\u0259 \u00e7atd\u0131r\u0131b. A.A\u015f\u0131rl\u0131 eyni zamanda vur\u011fulay\u0131b ki, v\u0259t\u0259np\u0259rv\u0259rlikl\u0259 yana\u015f\u0131, jurnalist yarad\u0131c\u0131l\u0131\u011f\u0131 pe\u015f\u0259 prinsipl\u0259rini ciddi \u015f\u0259kild\u0259 qorunma\u011f\u0131 r\u0259hb\u0259r tutmal\u0131d\u0131r.<\/p>\n<p>Jurnalist Ekspert M\u0259rk\u0259zinin s\u0259dri Ceyhun Musao\u011flu \u00e7\u0131x\u0131\u015f\u0131nda diqq\u0259ti jurnalistl\u0259rin yaz\u0131lar\u0131nda b\u0259z\u0259n m\u00fc\u0259yy\u0259n \u015fi\u015firtm\u0259l\u0259r\u0259 yol verm\u0259l\u0259rin\u0259 y\u00f6n\u0259ldib. O bildirib ki, d\u00f6vl\u0259t v\u0259 xalq maraqlar\u0131 bax\u0131m\u0131ndan h\u0259tta yalan olan n\u0259l\u0259rs\u0259 d\u00f6vriyy\u0259y\u0259 burax\u0131l\u0131rsa, bu zaman da n\u0259yi nec\u0259 dem\u0259k m\u0259s\u0259l\u0259si \u00f6nd\u0259 olmal\u0131d\u0131r. Bu is\u0259 eyni zamanda jurnalistin t\u0259hsil s\u0259viyy\u0259sind\u0259n, d\u00fcnyag\u00f6r\u00fc\u015f\u00fcnd\u0259n as\u0131l\u0131 olan haz\u0131rl\u0131q m\u0259s\u0259l\u0259sidir.<\/p>\n<p>\u201cRegion plus\u201d jurnal\u0131n\u0131n ba\u015f redaktoru Namiq May\u0131lov etik qayda v\u0259 prinsipl\u0259rinin s\u0259rh\u0259dl\u0259rinin geni\u015fliyin\u0259 diqq\u0259t yetirib. O, ideoloji v\u0259 milli m\u0259s\u0259l\u0259l\u0259rl\u0259 ba\u011fl\u0131 jurnalist yana\u015fmas\u0131n\u0131n konkret \u015f\u0259kild\u0259 qurulmas\u0131n\u0131n z\u0259ruriliyini \u0259sasland\u0131r\u0131b.<\/p>\n<p>M\u015e \u0130dar\u0259 Hey\u0259tinin \u00fczv\u00fc, \u201cBayraqdar.info\u201d sayt\u0131n\u0131n r\u0259hb\u0259ri Az\u0259r H\u0259sr\u0259t Az\u0259rbaycan \u00fc\u00e7\u00fcn \u0259h\u0259miyy\u0259t da\u015f\u0131yan m\u0259s\u0259l\u0259l\u0259rd\u0259 t\u0259hqir\u0259 t\u0259hqirl\u0259, a\u015fa\u011f\u0131lay\u0131c\u0131 tonla cavab verilm\u0259sinin yolverilm\u0259zliyind\u0259n dan\u0131\u015f\u0131b. O, \u00fcmum\u0259n Az\u0259rbaycan medias\u0131nda ged\u0259n materiallar\u0131n xaricd\u0259ki m\u00fc\u0259yy\u0259n q\u00fcvv\u0259l\u0259r \u00fc\u00e7\u00fcn manipulyasiya predmeti oldu\u011fu reall\u0131\u011f\u0131n\u0131 qabard\u0131b v\u0259 bel\u0259 bir durumun jurnalistl\u0259rd\u0259n hadis\u0259 v\u0259 prosesl\u0259r\u0259 h\u0259ssas yana\u015fma t\u0259l\u0259b etdiyini vur\u011fulay\u0131b.<\/p>\n<p>\u201cYeni \u00c7a\u011f\u201d Media Qrupun r\u0259hb\u0259ri Aqil \u018fl\u0259sg\u0259r \u00e7\u0131x\u0131\u015f\u0131nda bildirib ki, Az\u0259rbaycan\u0131n milli maraqlar\u0131 bax\u0131m\u0131ndan h\u0259r c\u00fcr t\u0259bli\u011fat m\u0259qbuldur. O, \u00f6lk\u0259 medias\u0131 daxilind\u0259 xarici z\u0259r\u0259rli meyll\u0259rin, x\u00fcsus\u0259n d\u0259 \u0130ran t\u0259may\u00fcl\u00fcn\u00fcn m\u00f6vcudlu\u011funu dil\u0259 g\u0259tirib v\u0259 bu duruma qar\u015f\u0131 da s\u0259f\u0259rb\u0259rliyin vacibliyini qeyd edib.<\/p>\n<p>\u201cT\u0259zadlar\u201d q\u0259zetinin ba\u015f redaktoru Asif M\u0259rzili jurnalist pe\u015f\u0259karl\u0131\u011f\u0131n\u0131n ist\u0259nil\u0259n m\u0259s\u0259l\u0259y\u0259 m\u00fcnasib\u0259td\u0259 eyni zamanda s\u0259bir v\u0259 t\u0259mkin n\u00fcmayi\u015f etdirm\u0259k oldu\u011funu vur\u011fulayaraq fikrini bununla ba\u011fl\u0131 t\u0259cr\u00fcb\u0259sind\u0259 ba\u015f vermi\u015f hadis\u0259ni diqq\u0259t\u0259 \u00e7atd\u0131rmaqla \u0259sasland\u0131r\u0131b.<\/p>\n<p>Toplant\u0131dak\u0131 ayr\u0131-ayr\u0131 \u00e7\u0131x\u0131\u015flarda h\u0259r bir m\u0259s\u0259l\u0259y\u0259 m\u00fcnasib\u0259td\u0259 t\u0259nqidin yol veril\u0259n h\u0259dl\u0259rinin geni\u015f oldu\u011fu bildirilib v\u0259 jurnalist f\u0259aliyy\u0259tinin bundan istifad\u0259 ed\u0259r\u0259k qurulmas\u0131n\u0131n daha adekvat t\u0259sir ba\u011f\u0131\u015flad\u0131\u011f\u0131, effektiv n\u0259tic\u0259l\u0259r ver\u0259 bil\u0259c\u0259yi vur\u011fulan\u0131b.<\/p>\n<p>&nbsp;<\/p>\n<div class=\"gallery\">\n<div class=\"gallery-i\"><img src=\"https:\/\/cdn.oxu.az\/uploads\/W1siZiIsIjIwMjEvMTAvMTEvMTcvNDIvMDYvNzk1MmZiYmQtYTQ1Ny00NGFiLWI4Y2ItMTNkYTBkM2Y2NTY1L21ldGJ1YXRfc2h1cmFzaV9nb3J1c2hfMTExMDIxXzMuanBnIl0sWyJwIiwiZW5jb2RlIiwianBnIiwiLXF1YWxpdHkgODAiXSxbInAiLCJ0aHVtYiIsIjU5MHg1OTBcdTAwM2UiXV0?sha=0ff332db9940bd42\" alt=\"\" \/><\/p>\n<div class=\"gallery-i-caption\"><\/div>\n<\/div>\n<div class=\"gallery-i\"><img src=\"https:\/\/cdn.oxu.az\/uploads\/W1siZiIsIjIwMjEvMTAvMTEvMTcvNDIvMDcvNWE3NDNkMWItNTg2MC00ZDgwLWJiYjctNTRmNTNjYzNhZmMyL21ldGJ1YXRfc2h1cmFzaV9nb3J1c2hfMTExMDIxXzUuanBnIl0sWyJwIiwiZW5jb2RlIiwianBnIiwiLXF1YWxpdHkgODAiXSxbInAiLCJ0aHVtYiIsIjU5MHg1OTBcdTAwM2UiXV0?sha=8693a82bd7455036\" alt=\"\" \/><\/p>\n<div class=\"gallery-i-caption\"><\/div>\n<\/div>\n<div class=\"gallery-i\"><img src=\"https:\/\/cdn.oxu.az\/uploads\/W1siZiIsIjIwMjEvMTAvMTEvMTcvNDIvMDcvNDc5OTFiNzQtMjEzNS00MWY3LTgyNTItMTMzOGI2OTFiNzU3L21ldGJ1YXRfc2h1cmFzaV9nb3J1c2hfMTExMDIxXzQuanBnIl0sWyJwIiwiZW5jb2RlIiwianBnIiwiLXF1YWxpdHkgODAiXSxbInAiLCJ0aHVtYiIsIjU5MHg1OTBcdTAwM2UiXV0?sha=a4b53e1aa36d4907\" alt=\"\" \/><\/p>\n<div class=\"gallery-i-caption\"><\/div>\n<\/div>\n<div class=\"gallery-i\"><img src=\"https:\/\/cdn.oxu.az\/uploads\/W1siZiIsIjIwMjEvMTAvMTEvMTcvNDIvMDcvYTVlN2NkNGEtNWFkOS00ZGYwLWE0OTAtYjg5MWNiYjVmODUyL21ldGJ1YXRfc2h1cmFzaV9nb3J1c2hfMTExMDIxXzYuanBnIl0sWyJwIiwiZW5jb2RlIiwianBnIiwiLXF1YWxpdHkgODAiXSxbInAiLCJ0aHVtYiIsIjU5MHg1OTBcdTAwM2UiXV0?sha=94c430e4c511e5a2\" alt=\"\" \/><\/p>\n<div class=\"gallery-i-caption\"><\/div>\n<\/div>\n<div class=\"gallery-i\"><img src=\"https:\/\/cdn.oxu.az\/uploads\/W1siZiIsIjIwMjEvMTAvMTEvMTcvNDIvMDcvMzQ0Y2QxZTItNWJkMy00MTdhLTgzMWYtZjk5ZmM5MDVhZWFmL21ldGJ1YXRfc2h1cmFzaV9nb3J1c2hfMTExMDIxXzEzLmpwZyJdLFsicCIsImVuY29kZSIsImpwZyIsIi1xdWFsaXR5IDgwIl0sWyJwIiwidGh1bWIiLCI1OTB4NTkwXHUwMDNlIl1d?sha=6e7f82c2bc19c604\" alt=\"\" \/><\/p>\n<div class=\"gallery-i-caption\"><\/div>\n<\/div>\n<div class=\"gallery-i\"><img src=\"https:\/\/cdn.oxu.az\/uploads\/W1siZiIsIjIwMjEvMTAvMTEvMTcvNDIvMDcvODE4ZGQ4NmUtMThkYy00ZGI1LWFhNzEtNzJlMzRiZjIxZGFjL21ldGJ1YXRfc2h1cmFzaV9nb3J1c2hfMTExMDIxXzkuanBnIl0sWyJwIiwiZW5jb2RlIiwianBnIiwiLXF1YWxpdHkgODAiXSxbInAiLCJ0aHVtYiIsIjU5MHg1OTBcdTAwM2UiXV0?sha=795d58186f713103\" alt=\"\" \/><\/p>\n<div class=\"gallery-i-caption\"><\/div>\n<\/div>\n<div class=\"gallery-i\"><img src=\"https:\/\/cdn.oxu.az\/uploads\/W1siZiIsIjIwMjEvMTAvMTEvMTcvNDIvMDcvM2NlNTIzNTUtYjEyMi00NzY1LTliODgtODZiNzMyN2E2NjVlL21ldGJ1YXRfc2h1cmFzaV9nb3J1c2hfMTExMDIxXzExLmpwZyJdLFsicCIsImVuY29kZSIsImpwZyIsIi1xdWFsaXR5IDgwIl0sWyJwIiwidGh1bWIiLCI1OTB4NTkwXHUwMDNlIl1d?sha=cbe9802245f9323e\" alt=\"\" \/><\/p>\n<div class=\"gallery-i-caption\"><\/div>\n<\/div>\n<div class=\"gallery-i\"><img src=\"https:\/\/cdn.oxu.az\/uploads\/W1siZiIsIjIwMjEvMTAvMTEvMTcvNDIvMDgvY2VjZDZmZTctMWFiOS00MWY0LWJmNDQtM2ZkN2U2ODhjZDYxL21ldGJ1YXRfc2h1cmFzaV9nb3J1c2hfMTExMDIxXzEyLmpwZyJdLFsicCIsImVuY29kZSIsImpwZyIsIi1xdWFsaXR5IDgwIl0sWyJwIiwidGh1bWIiLCI1OTB4NTkwXHUwMDNlIl1d?sha=6d1e7de3c3ca316f\" alt=\"\" \/><\/p>\n<div class=\"gallery-i-caption\"><\/div>\n<\/div>\n<div class=\"gallery-i\"><img src=\"https:\/\/cdn.oxu.az\/uploads\/W1siZiIsIjIwMjEvMTAvMTEvMTcvNDIvMDgvOThjNTg2NTUtMmQ5ZC00MGNhLWFjZGQtMjA5YzYzNjNjNmU4L21ldGJ1YXRfc2h1cmFzaV9nb3J1c2hfMTExMDIxXzguanBnIl0sWyJwIiwiZW5jb2RlIiwianBnIiwiLXF1YWxpdHkgODAiXSxbInAiLCJ0aHVtYiIsIjU5MHg1OTBcdTAwM2UiXV0?sha=b242e3222837129c\" alt=\"\" \/><\/p>\n<div class=\"gallery-i-caption\"><\/div>\n<\/div>\n<div class=\"gallery-i\"><img src=\"https:\/\/cdn.oxu.az\/uploads\/W1siZiIsIjIwMjEvMTAvMTEvMTcvNDIvMDgvMTU4NTg0MDgtNzg4Yi00OTNlLWI4MzAtZmZkMTczNjk2NjYyL21ldGJ1YXRfc2h1cmFzaV9nb3J1c2hfMTExMDIxXzcuanBnIl0sWyJwIiwiZW5jb2RlIiwianBnIiwiLXF1YWxpdHkgODAiXSxbInAiLCJ0aHVtYiIsIjU5MHg1OTBcdTAwM2UiXV0?sha=b13f0f981762fded\" alt=\"\" \/><\/p>\n<div class=\"gallery-i-caption\"><\/div>\n<\/div>\n<div class=\"gallery-i\"><img src=\"https:\/\/cdn.oxu.az\/uploads\/W1siZiIsIjIwMjEvMTAvMTEvMTcvNDIvMDgvMTMwMGE4NjgtZjQxMi00OWRjLTgyOWItODI2NDUzZTJhNDY4L21ldGJ1YXRfc2h1cmFzaV9nb3J1c2hfMTExMDIxXzEwLmpwZyJdLFsicCIsImVuY29kZSIsImpwZyIsIi1xdWFsaXR5IDgwIl0sWyJwIiwidGh1bWIiLCI1OTB4NTkwXHUwMDNlIl1d?sha=abc5f0c0bf20b142\" alt=\"\" \/><\/p>\n<div class=\"gallery-i-caption\"><\/div>\n<\/div>\n<div class=\"gallery-i\"><img src=\"https:\/\/cdn.oxu.az\/uploads\/W1siZiIsIjIwMjEvMTAvMTEvMTcvNDIvMDgvZDdiMzVhYmMtOThkNS00NTA4LWExMzYtYWFhNzgxZTcxNzRmL21ldGJ1YXRfc2h1cmFzaV9nb3J1c2hfMTExMDIxXzEuanBnIl0sWyJwIiwiZW5jb2RlIiwianBnIiwiLXF1YWxpdHkgODAiXSxbInAiLCJ0aHVtYiIsIjU5MHg1OTBcdTAwM2UiXV0?sha=833eada92e136a9c\" alt=\"\" \/><\/div>\n<\/div>\n","protected":false},"excerpt":{"rendered":"<p>Bu g\u00fcn Az\u0259rbaycan M\u0259tbuat \u015euras\u0131n\u0131n (M\u015e) t\u0259\u015f\u0259bb\u00fcs\u00fc il\u0259 \u201cMedia v\u0259 siyasi prosesl\u0259r\u0259 bax\u0131\u015f: pe\u015f\u0259 etikas\u0131 v\u0259 perspektiv v\u0259zif\u0259l\u0259r\u201d m\u00f6vzusunda konfrans ke\u00e7irilib. \u015euradan\u00a0Trend-\u0259 bildirilib ki, toplant\u0131n\u0131 giri\u015f s\u00f6z\u00fc il\u0259 M\u015e s\u0259dri \u018fflatun Ama\u015fov a\u00e7araq bildirib ki, Az\u0259rbaycan medias\u0131 \u00f6lk\u0259mizl\u0259 ba\u011fl\u0131 ist\u0259r regionda, ist\u0259rs\u0259 d\u0259 d\u00fcnyada ba\u015f ver\u0259n siyasi prosesl\u0259r\u0259 h\u0259r zaman h\u0259ssasl\u0131qla yana\u015f\u0131b. Bu bax\u0131mdan daxili siyasi prosesl\u0259r, el\u0259c\u0259 d\u0259 ayr\u0131-ayr\u0131 hadis\u0259l\u0259r d\u0259 istisna deyil. Mediam\u0131z m\u0259s\u0259l\u0259l\u0259r\u0259 ortaq m\u00f6vqe n\u00fcmayi\u015f etdirm\u0259yi bacar\u0131b, c\u0259miyy\u0259tin m\u0259nafel\u0259rinin qorunmas\u0131n\u0131 \u0259sas g\u00f6t\u00fcr\u00fcb. Bu is\u0259 jurnalistl\u0259rimizin h\u0259m pe\u015f\u0259karl\u0131\u011f\u0131ndan, h\u0259m d\u0259 v\u0259t\u0259np\u0259rv\u0259rliyind\u0259n ir\u0259li g\u0259l\u0259n x\u00fcsusiyy\u0259tdir. \u201cMediam\u0131z qlobal m\u00fcst\u0259vid\u0259&hellip;<\/p>\n","protected":false},"author":2,"featured_media":389162,"comment_status":"closed","ping_status":"closed","sticky":false,"template":"","format":"standard","meta":{"om_disable_all_campaigns":false,"_monsterinsights_skip_tracking":false,"_monsterinsights_sitenote_active":false,"_monsterinsights_sitenote_note":"","_monsterinsights_sitenote_category":0},"categories":[26],"tags":[],"aioseo_notices":[],"gutentor_comment":0,"rttpg_featured_image_url":{"full":["https:\/\/arantv.az\/wp-content\/uploads\/2021\/10\/FotoJet-2021-10-11T174118.102.jpg",620,413,false],"landscape":["https:\/\/arantv.az\/wp-content\/uploads\/2021\/10\/FotoJet-2021-10-11T174118.102.jpg",620,413,false],"portraits":["https:\/\/arantv.az\/wp-content\/uploads\/2021\/10\/FotoJet-2021-10-11T174118.102.jpg",620,413,false],"thumbnail":["https:\/\/arantv.az\/wp-content\/uploads\/2021\/10\/FotoJet-2021-10-11T174118.102-500x280.jpg",500,280,true],"medium":["https:\/\/arantv.az\/wp-content\/uploads\/2021\/10\/FotoJet-2021-10-11T174118.102-548x365.jpg",548,365,true],"large":["https:\/\/arantv.az\/wp-content\/uploads\/2021\/10\/FotoJet-2021-10-11T174118.102.jpg",620,413,false],"1536x1536":["https:\/\/arantv.az\/wp-content\/uploads\/2021\/10\/FotoJet-2021-10-11T174118.102.jpg",620,413,false],"2048x2048":["https:\/\/arantv.az\/wp-content\/uploads\/2021\/10\/FotoJet-2021-10-11T174118.102.jpg",620,413,false],"post-thumbnail":["https:\/\/arantv.az\/wp-content\/uploads\/2021\/10\/FotoJet-2021-10-11T174118.102-240x172.jpg",240,172,true],"advps-thumb-one":["https:\/\/arantv.az\/wp-content\/uploads\/2021\/10\/FotoJet-2021-10-11T174118.102.jpg",620,413,false]},"rttpg_author":{"display_name":"V\u00fcsal Rafiqo\u011flu","author_link":"https:\/\/arantv.az\/?author=2"},"rttpg_comment":0,"rttpg_category":"<a href=\"https:\/\/arantv.az\/?cat=26\" rel=\"category\">Sosial<\/a>","rttpg_excerpt":"Bu g\u00fcn Az\u0259rbaycan M\u0259tbuat \u015euras\u0131n\u0131n (M\u015e) t\u0259\u015f\u0259bb\u00fcs\u00fc il\u0259 \u201cMedia v\u0259 siyasi prosesl\u0259r\u0259 bax\u0131\u015f: pe\u015f\u0259 etikas\u0131 v\u0259 perspektiv v\u0259zif\u0259l\u0259r\u201d m\u00f6vzusunda konfrans ke\u00e7irilib. \u015euradan\u00a0Trend-\u0259 bildirilib ki, toplant\u0131n\u0131 giri\u015f s\u00f6z\u00fc il\u0259 M\u015e s\u0259dri \u018fflatun Ama\u015fov a\u00e7araq bildirib ki, Az\u0259rbaycan medias\u0131 \u00f6lk\u0259mizl\u0259 ba\u011fl\u0131 ist\u0259r regionda, ist\u0259rs\u0259 d\u0259 d\u00fcnyada ba\u015f ver\u0259n siyasi prosesl\u0259r\u0259 h\u0259r zaman h\u0259ssasl\u0131qla yana\u015f\u0131b. Bu bax\u0131mdan daxili&hellip;","_links":{"self":[{"href":"https:\/\/arantv.az\/index.php?rest_route=\/wp\/v2\/posts\/389161"}],"collection":[{"href":"https:\/\/arantv.az\/index.php?rest_route=\/wp\/v2\/posts"}],"about":[{"href":"https:\/\/arantv.az\/index.php?rest_route=\/wp\/v2\/types\/post"}],"author":[{"embeddable":true,"href":"https:\/\/arantv.az\/index.php?rest_route=\/wp\/v2\/users\/2"}],"replies":[{"embeddable":true,"href":"https:\/\/arantv.az\/index.php?rest_route=%2Fwp%2Fv2%2Fcomments&post=389161"}],"version-history":[{"count":0,"href":"https:\/\/arantv.az\/index.php?rest_route=\/wp\/v2\/posts\/389161\/revisions"}],"wp:featuredmedia":[{"embeddable":true,"href":"https:\/\/arantv.az\/index.php?rest_route=\/wp\/v2\/media\/389162"}],"wp:attachment":[{"href":"https:\/\/arantv.az\/index.php?rest_route=%2Fwp%2Fv2%2Fmedia&parent=389161"}],"wp:term":[{"taxonomy":"category","embeddable":true,"href":"https:\/\/arantv.az\/index.php?rest_route=%2Fwp%2Fv2%2Fcategories&post=389161"},{"taxonomy":"post_tag","embeddable":true,"href":"https:\/\/arantv.az\/index.php?rest_route=%2Fwp%2Fv2%2Ftags&post=389161"}],"curies":[{"name":"wp","href":"https:\/\/api.w.org\/{rel}","templated":true}]}}