{"id":389166,"date":"2021-10-11T19:13:57","date_gmt":"2021-10-11T16:13:57","guid":{"rendered":"http:\/\/arantv.az\/?p=389166"},"modified":"2021-10-11T19:13:57","modified_gmt":"2021-10-11T16:13:57","slug":"%c9%99li%c9%99kb%c9%99r-ocaqnejat-az%c9%99rbaycanda-xususi-agentura-s%c9%99b%c9%99k%c9%99sinin-yaradilmasi-il%c9%99-m%c9%99sgul-olub","status":"publish","type":"post","link":"https:\/\/arantv.az\/?p=389166","title":{"rendered":"\u018fli\u0259kb\u0259r Ocaqnejat Az\u0259rbaycanda x\u00fcsusi agentura \u015f\u0259b\u0259k\u0259sinin yarad\u0131lmas\u0131 il\u0259 m\u0259\u015f\u011ful olub"},"content":{"rendered":"<p>\u201cAz\u0259rbaycan\u0131n V\u0259t\u0259n m\u00fcharib\u0259sind\u0259 parlaq q\u0259l\u0259b\u0259sind\u0259n sonra yeni reall\u0131qlar yaran\u0131b. Art\u0131q b\u00fct\u00fcn d\u00fcnya \u00f6lk\u0259mizin q\u0259l\u0259b\u0259sini q\u0259bul edir v\u0259 yeni reall\u0131qlara uy\u011funla\u015f\u0131r. \u00c7ox t\u0259\u0259ss\u00fcf ki Az\u0259rbaycanla h\u0259r zaman dost v\u0259 mehriban qon\u015fuluq m\u00fcnasib\u0259tl\u0259rind\u0259 olan \u0130ran bu g\u00fcn Az\u0259rbaycana qar\u015f\u0131 q\u0259r\u0259zli m\u00f6vqed\u0259n \u00e7\u0131x\u0131\u015f edir\u201d.<\/p>\n<p>Bunu \u201cReport\u201da a\u00e7\u0131qlamas\u0131nda Milli M\u0259clisin deputat\u0131 Cavid Osmanov deyib.<\/p>\n<div id=\"AdviadNativeVideo0\" class=\"AdviadNativeVideo\"><\/div>\n<p>O qeyd edib ki, \u0130ran\u0131n Az\u0259rbaycan \u0259leyhin\u0259 h\u0259yata ke\u00e7irdiyi siyas\u0259tin v\u0259 apard\u0131\u011f\u0131 kampaniyan\u0131n k\u00f6k\u00fcnd\u0259 b\u00f6y\u00fck b\u00f6htan v\u0259 q\u0259r\u0259z dayan\u0131r: \u201cR\u0259smi Tehran Az\u0259rbaycan\u0131n tarixi naliyy\u0259tini q\u0259bul ed\u0259 bilmir. O \u0130ran ki, \u00f6z\u00fcn\u00fc islam respublikas\u0131 adland\u0131r\u0131r. Amma Erm\u0259nistan\u0131n m\u00fcs\u0259lman \u00f6lk\u0259si olan Az\u0259rbaycan torpaqlar\u0131n\u0131 i\u015f\u011fala m\u0259ruz qoydu\u011fu zaman, Az\u0259rbaycan \u0259razisind\u0259 m\u00f6vcud olan b\u00fct\u00fcn infrastrukturun, sosial obyektl\u0259rin, evl\u0259rin darmada\u011f\u0131n edilm\u0259sind\u0259 birba\u015fa i\u015ftirak edib. Bu \u00f6lk\u0259nin v\u0259t\u0259nda\u015flar\u0131 vaxtil\u0259 i\u015f\u011fal alt\u0131nda olan \u0259razil\u0259rd\u0259 erm\u0259nil\u0259rl\u0259 birg\u0259 evl\u0259rin s\u00f6k\u00fct\u00fcs\u00fcn\u00fc h\u0259yata ke\u00e7irib, tikinti materiallar\u0131 kimi \u0130rana da\u015f\u0131yaraq, orada x\u00fcsusi bazarlarda sat\u0131\u015f\u0131n\u0131 t\u0259\u015fkil edibl\u0259r. Onlar bununla kifay\u0259tl\u0259nm\u0259yibl\u0259r, \u0130ran el\u0259 h\u0259min d\u00f6vrl\u0259rd\u0259 erm\u0259nil\u0259rl\u0259 birg\u0259 Az\u0259rbaycanda me\u015f\u0259l\u0259rin q\u0131r\u0131lmas\u0131nda, ekologiyaya ziyan vurulmas\u0131nda birba\u015fa i\u015ftirak edib. H\u0259m\u00e7inin Az\u0259rbaycanla s\u0259rh\u0259d \u0259razil\u0259rd\u0259, tarixi Az\u0259rbaycan torpaqlar\u0131nda qeyri-qanuni \u0259kin-bi\u00e7inl\u0259 m\u0259\u015f\u011ful olublar, mal-qoyun saxlay\u0131blar. Bu, yolverilm\u0259zdir\u201d.<\/p>\n<p>Deputat qeyd edib ki, uzun m\u00fcdd\u0259t \u0130ran dini liderinin x\u00fcsusi n\u00fcmay\u0259nd\u0259si kimi Az\u0259rbaycanda f\u0259aliyy\u0259t g\u00f6st\u0259r\u0259n \u018fli\u0259kb\u0259r Ocaqnejat bu ill\u0259r \u0259rzind\u0259 Az\u0259rbaycanda sad\u0259c\u0259 x\u00fcsusi agentura \u015f\u0259b\u0259k\u0259sinin yarad\u0131lmas\u0131 il\u0259 m\u0259\u015f\u011ful olub: \u201cH\u00fcseyn\u00e7il\u0259r h\u0259r\u0259kat\u0131, \u0130slam Partiyas\u0131, M\u00fcs\u0259lman Birliyi H\u0259r\u0259kat\u0131 v\u0259 s. z\u0259r\u0259rli t\u0259riq\u0259tl\u0259rin kurasiyas\u0131n\u0131 h\u0259yata ke\u00e7irib. Bu, birba\u015fa \u0130ran\u0131n Az\u0259rbaycana qar\u015f\u0131 q\u0259r\u0259zidir. Az\u0259rbaycan m\u00fcst\u0259qil siyas\u0259t y\u00fcr\u00fcd\u0259n \u00f6lk\u0259 kimi b\u00fct\u00fcn bu ittihamlar\u0131 r\u0259dd edir, \u0130ran t\u0259r\u0259finin erm\u0259nil\u0259rl\u0259 birg\u0259 Az\u0259rbaycan\u0131n tarixi torpaqlar\u0131nda h\u0259yata ke\u00e7irdiyi vandall\u0131qlar\u0131 v\u0259 da\u011f\u0131d\u0131c\u0131 missiyas\u0131n\u0131 if\u015fa edir\u201d.<\/p>\n","protected":false},"excerpt":{"rendered":"<p>\u201cAz\u0259rbaycan\u0131n V\u0259t\u0259n m\u00fcharib\u0259sind\u0259 parlaq q\u0259l\u0259b\u0259sind\u0259n sonra yeni reall\u0131qlar yaran\u0131b. Art\u0131q b\u00fct\u00fcn d\u00fcnya \u00f6lk\u0259mizin q\u0259l\u0259b\u0259sini q\u0259bul edir v\u0259 yeni reall\u0131qlara uy\u011funla\u015f\u0131r. \u00c7ox t\u0259\u0259ss\u00fcf ki Az\u0259rbaycanla h\u0259r zaman dost v\u0259 mehriban qon\u015fuluq m\u00fcnasib\u0259tl\u0259rind\u0259 olan \u0130ran bu g\u00fcn Az\u0259rbaycana qar\u015f\u0131 q\u0259r\u0259zli m\u00f6vqed\u0259n \u00e7\u0131x\u0131\u015f edir\u201d. Bunu \u201cReport\u201da a\u00e7\u0131qlamas\u0131nda Milli M\u0259clisin deputat\u0131 Cavid Osmanov deyib. O qeyd edib ki, \u0130ran\u0131n Az\u0259rbaycan \u0259leyhin\u0259 h\u0259yata ke\u00e7irdiyi siyas\u0259tin v\u0259 apard\u0131\u011f\u0131 kampaniyan\u0131n k\u00f6k\u00fcnd\u0259 b\u00f6y\u00fck b\u00f6htan v\u0259 q\u0259r\u0259z dayan\u0131r: \u201cR\u0259smi Tehran Az\u0259rbaycan\u0131n tarixi naliyy\u0259tini q\u0259bul ed\u0259 bilmir. O \u0130ran ki, \u00f6z\u00fcn\u00fc islam respublikas\u0131 adland\u0131r\u0131r. Amma Erm\u0259nistan\u0131n m\u00fcs\u0259lman \u00f6lk\u0259si olan Az\u0259rbaycan&hellip;<\/p>\n","protected":false},"author":2,"featured_media":389167,"comment_status":"closed","ping_status":"closed","sticky":false,"template":"","format":"standard","meta":{"om_disable_all_campaigns":false,"_monsterinsights_skip_tracking":false,"_monsterinsights_sitenote_active":false,"_monsterinsights_sitenote_note":"","_monsterinsights_sitenote_category":0},"categories":[26],"tags":[],"aioseo_notices":[],"gutentor_comment":0,"rttpg_featured_image_url":{"full":["https:\/\/arantv.az\/wp-content\/uploads\/2021\/10\/FotoJet-2021-10-11T185426.923.jpg",620,413,false],"landscape":["https:\/\/arantv.az\/wp-content\/uploads\/2021\/10\/FotoJet-2021-10-11T185426.923.jpg",620,413,false],"portraits":["https:\/\/arantv.az\/wp-content\/uploads\/2021\/10\/FotoJet-2021-10-11T185426.923.jpg",620,413,false],"thumbnail":["https:\/\/arantv.az\/wp-content\/uploads\/2021\/10\/FotoJet-2021-10-11T185426.923-500x280.jpg",500,280,true],"medium":["https:\/\/arantv.az\/wp-content\/uploads\/2021\/10\/FotoJet-2021-10-11T185426.923-548x365.jpg",548,365,true],"large":["https:\/\/arantv.az\/wp-content\/uploads\/2021\/10\/FotoJet-2021-10-11T185426.923.jpg",620,413,false],"1536x1536":["https:\/\/arantv.az\/wp-content\/uploads\/2021\/10\/FotoJet-2021-10-11T185426.923.jpg",620,413,false],"2048x2048":["https:\/\/arantv.az\/wp-content\/uploads\/2021\/10\/FotoJet-2021-10-11T185426.923.jpg",620,413,false],"post-thumbnail":["https:\/\/arantv.az\/wp-content\/uploads\/2021\/10\/FotoJet-2021-10-11T185426.923-240x172.jpg",240,172,true],"advps-thumb-one":["https:\/\/arantv.az\/wp-content\/uploads\/2021\/10\/FotoJet-2021-10-11T185426.923.jpg",620,413,false]},"rttpg_author":{"display_name":"V\u00fcsal Rafiqo\u011flu","author_link":"https:\/\/arantv.az\/?author=2"},"rttpg_comment":0,"rttpg_category":"<a href=\"https:\/\/arantv.az\/?cat=26\" rel=\"category\">Sosial<\/a>","rttpg_excerpt":"\u201cAz\u0259rbaycan\u0131n V\u0259t\u0259n m\u00fcharib\u0259sind\u0259 parlaq q\u0259l\u0259b\u0259sind\u0259n sonra yeni reall\u0131qlar yaran\u0131b. Art\u0131q b\u00fct\u00fcn d\u00fcnya \u00f6lk\u0259mizin q\u0259l\u0259b\u0259sini q\u0259bul edir v\u0259 yeni reall\u0131qlara uy\u011funla\u015f\u0131r. \u00c7ox t\u0259\u0259ss\u00fcf ki Az\u0259rbaycanla h\u0259r zaman dost v\u0259 mehriban qon\u015fuluq m\u00fcnasib\u0259tl\u0259rind\u0259 olan \u0130ran bu g\u00fcn Az\u0259rbaycana qar\u015f\u0131 q\u0259r\u0259zli m\u00f6vqed\u0259n \u00e7\u0131x\u0131\u015f edir\u201d. Bunu \u201cReport\u201da a\u00e7\u0131qlamas\u0131nda Milli M\u0259clisin deputat\u0131 Cavid Osmanov deyib. O qeyd edib ki, \u0130ran\u0131n&hellip;","_links":{"self":[{"href":"https:\/\/arantv.az\/index.php?rest_route=\/wp\/v2\/posts\/389166"}],"collection":[{"href":"https:\/\/arantv.az\/index.php?rest_route=\/wp\/v2\/posts"}],"about":[{"href":"https:\/\/arantv.az\/index.php?rest_route=\/wp\/v2\/types\/post"}],"author":[{"embeddable":true,"href":"https:\/\/arantv.az\/index.php?rest_route=\/wp\/v2\/users\/2"}],"replies":[{"embeddable":true,"href":"https:\/\/arantv.az\/index.php?rest_route=%2Fwp%2Fv2%2Fcomments&post=389166"}],"version-history":[{"count":0,"href":"https:\/\/arantv.az\/index.php?rest_route=\/wp\/v2\/posts\/389166\/revisions"}],"wp:featuredmedia":[{"embeddable":true,"href":"https:\/\/arantv.az\/index.php?rest_route=\/wp\/v2\/media\/389167"}],"wp:attachment":[{"href":"https:\/\/arantv.az\/index.php?rest_route=%2Fwp%2Fv2%2Fmedia&parent=389166"}],"wp:term":[{"taxonomy":"category","embeddable":true,"href":"https:\/\/arantv.az\/index.php?rest_route=%2Fwp%2Fv2%2Fcategories&post=389166"},{"taxonomy":"post_tag","embeddable":true,"href":"https:\/\/arantv.az\/index.php?rest_route=%2Fwp%2Fv2%2Ftags&post=389166"}],"curies":[{"name":"wp","href":"https:\/\/api.w.org\/{rel}","templated":true}]}}