{"id":389181,"date":"2021-10-11T19:21:38","date_gmt":"2021-10-11T16:21:38","guid":{"rendered":"http:\/\/arantv.az\/?p=389181"},"modified":"2021-10-11T19:21:38","modified_gmt":"2021-10-11T16:21:38","slug":"75-illik-omrunun-60-ilini-torpaga-h%c9%99sr-ed%c9%99n-sevil-osmanova-video","status":"publish","type":"post","link":"https:\/\/arantv.az\/?p=389181","title":{"rendered":"75 illik \u00f6mr\u00fcn\u00fcn 60 ilini torpa\u011fa h\u0259sr ed\u0259n Sevil Osmanova &#8211; V\u0130DEO"},"content":{"rendered":"<article class=\"news\">\n<div class=\"news-inner\">\n<p>75 illik \u00f6mr\u00fcn\u00fcn 60 ilini torpa\u011fa s\u0259rf ed\u0259n Sevil Osmanova u\u015faql\u0131q ill\u0259rind\u0259n \u0259m\u0259y\u0259, z\u0259hm\u0259t\u0259 al\u0131\u015f\u0131b.<\/p>\n<p>H\u0259l\u0259 orta m\u0259kt\u0259bd\u0259 oxuyark\u0259n d\u0259rsd\u0259n sonra pamb\u0131q sah\u0259sin\u0259 ged\u0259r v\u0259 pamb\u0131q\u00e7\u0131lara k\u00f6m\u0259k ed\u0259r, eyni zamanda onlardan pamb\u0131q\u00e7\u0131l\u0131\u011f\u0131n sirl\u0259rini \u00f6yr\u0259nm\u0259y\u0259 can atard\u0131.<\/p>\n<p>\u0130ll\u0259r \u00f6td\u00fckc\u0259 aqrar sah\u0259ni daha da yax\u0131ndan m\u0259nims\u0259y\u0259n Sevil xan\u0131m burada da xeyli u\u011fur qazan\u0131b v\u0259 zamanla Respublika s\u0259viyy\u0259sind\u0259 say\u0131l\u0131b-se\u00e7il\u0259n fermerl\u0259rd\u0259n olub.<\/p>\n<div id=\"AdviadNativeVideo0\" class=\"AdviadNativeVideo\"><\/div>\n<p>Prezident \u0130lham \u018fliyev d\u0259 b\u00f6lg\u0259l\u0259r\u0259 s\u0259f\u0259ri \u00e7\u0259r\u00e7iv\u0259sind\u0259 K\u00fcrd\u0259mird\u0259 sakinl\u0259rl\u0259 g\u00f6r\u00fc\u015f\u0259rk\u0259n Sevil Osmanova il\u0259 h\u0259ms\u00f6hb\u0259t olub. D\u00f6vl\u0259t ba\u015f\u00e7\u0131s\u0131n\u0131n s\u0259r\u0259ncam\u0131 il\u0259 q\u0259hr\u0259man xan\u0131m \u201cT\u0259r\u0259qqi\u201d medal\u0131 v\u0259 \u201c\u018fm\u0259k q\u0259hr\u0259man\u0131\u201d ordeni il\u0259 t\u0259ltif edilib. Bundan ba\u015fqa, o, \u201cC\u00fcmhuriyy\u0259timizin y\u00fczilliyi\u201d medal\u0131na da layiq g\u00f6r\u00fcl\u00fcb.<\/p>\n<p>S.Osmanova haz\u0131rda 75 ya\u015f\u0131 olmas\u0131na baxmayaraq, yen\u0259 d\u0259 m\u00fct\u0259madi olaraq pamb\u0131q sah\u0259l\u0259rin\u0259 ba\u015f \u00e7\u0259kir, \u00f6z tap\u015f\u0131r\u0131q v\u0259 t\u00f6vsiy\u0259l\u0259rini g\u0259nc fermerl\u0259rl\u0259 b\u00f6l\u00fc\u015f\u00fcr.<\/p>\n<p>\u018ftrafl\u0131 Baku TV-nin s\u00fcjetini t\u0259qdim edirik:<\/p>\n<div><iframe loading=\"lazy\" title=\"YouTube video player\" src=\"https:\/\/www.youtube.com\/embed\/-HIwlhVQjnk\" width=\"560\" height=\"315\" frameborder=\"0\" allowfullscreen=\"allowfullscreen\"><\/iframe><\/div>\n<\/div>\n<\/article>\n<h2 class=\"news-share-title\"><\/h2>\n","protected":false},"excerpt":{"rendered":"<p>75 illik \u00f6mr\u00fcn\u00fcn 60 ilini torpa\u011fa s\u0259rf ed\u0259n Sevil Osmanova u\u015faql\u0131q ill\u0259rind\u0259n \u0259m\u0259y\u0259, z\u0259hm\u0259t\u0259 al\u0131\u015f\u0131b. H\u0259l\u0259 orta m\u0259kt\u0259bd\u0259 oxuyark\u0259n d\u0259rsd\u0259n sonra pamb\u0131q sah\u0259sin\u0259 ged\u0259r v\u0259 pamb\u0131q\u00e7\u0131lara k\u00f6m\u0259k ed\u0259r, eyni zamanda onlardan pamb\u0131q\u00e7\u0131l\u0131\u011f\u0131n sirl\u0259rini \u00f6yr\u0259nm\u0259y\u0259 can atard\u0131. \u0130ll\u0259r \u00f6td\u00fckc\u0259 aqrar sah\u0259ni daha da yax\u0131ndan m\u0259nims\u0259y\u0259n Sevil xan\u0131m burada da xeyli u\u011fur qazan\u0131b v\u0259 zamanla Respublika s\u0259viyy\u0259sind\u0259 say\u0131l\u0131b-se\u00e7il\u0259n fermerl\u0259rd\u0259n olub. Prezident \u0130lham \u018fliyev d\u0259 b\u00f6lg\u0259l\u0259r\u0259 s\u0259f\u0259ri \u00e7\u0259r\u00e7iv\u0259sind\u0259 K\u00fcrd\u0259mird\u0259 sakinl\u0259rl\u0259 g\u00f6r\u00fc\u015f\u0259rk\u0259n Sevil Osmanova il\u0259 h\u0259ms\u00f6hb\u0259t olub. D\u00f6vl\u0259t ba\u015f\u00e7\u0131s\u0131n\u0131n s\u0259r\u0259ncam\u0131 il\u0259 q\u0259hr\u0259man xan\u0131m \u201cT\u0259r\u0259qqi\u201d medal\u0131 v\u0259 \u201c\u018fm\u0259k q\u0259hr\u0259man\u0131\u201d ordeni il\u0259 t\u0259ltif edilib. Bundan ba\u015fqa,&hellip;<\/p>\n","protected":false},"author":2,"featured_media":389182,"comment_status":"closed","ping_status":"closed","sticky":false,"template":"","format":"standard","meta":{"om_disable_all_campaigns":false,"_monsterinsights_skip_tracking":false,"_monsterinsights_sitenote_active":false,"_monsterinsights_sitenote_note":"","_monsterinsights_sitenote_category":0},"categories":[19],"tags":[],"aioseo_notices":[],"gutentor_comment":0,"rttpg_featured_image_url":{"full":["https:\/\/arantv.az\/wp-content\/uploads\/2021\/10\/FotoJet-8-6.jpg",620,458,false],"landscape":["https:\/\/arantv.az\/wp-content\/uploads\/2021\/10\/FotoJet-8-6.jpg",620,458,false],"portraits":["https:\/\/arantv.az\/wp-content\/uploads\/2021\/10\/FotoJet-8-6.jpg",620,458,false],"thumbnail":["https:\/\/arantv.az\/wp-content\/uploads\/2021\/10\/FotoJet-8-6-500x280.jpg",500,280,true],"medium":["https:\/\/arantv.az\/wp-content\/uploads\/2021\/10\/FotoJet-8-6-494x365.jpg",494,365,true],"large":["https:\/\/arantv.az\/wp-content\/uploads\/2021\/10\/FotoJet-8-6.jpg",620,458,false],"1536x1536":["https:\/\/arantv.az\/wp-content\/uploads\/2021\/10\/FotoJet-8-6.jpg",620,458,false],"2048x2048":["https:\/\/arantv.az\/wp-content\/uploads\/2021\/10\/FotoJet-8-6.jpg",620,458,false],"post-thumbnail":["https:\/\/arantv.az\/wp-content\/uploads\/2021\/10\/FotoJet-8-6-240x172.jpg",240,172,true],"advps-thumb-one":["https:\/\/arantv.az\/wp-content\/uploads\/2021\/10\/FotoJet-8-6.jpg",620,458,false]},"rttpg_author":{"display_name":"V\u00fcsal Rafiqo\u011flu","author_link":"https:\/\/arantv.az\/?author=2"},"rttpg_comment":0,"rttpg_category":"<a href=\"https:\/\/arantv.az\/?cat=19\" rel=\"category\">G\u00fcnd\u0259m<\/a>","rttpg_excerpt":"75 illik \u00f6mr\u00fcn\u00fcn 60 ilini torpa\u011fa s\u0259rf ed\u0259n Sevil Osmanova u\u015faql\u0131q ill\u0259rind\u0259n \u0259m\u0259y\u0259, z\u0259hm\u0259t\u0259 al\u0131\u015f\u0131b. H\u0259l\u0259 orta m\u0259kt\u0259bd\u0259 oxuyark\u0259n d\u0259rsd\u0259n sonra pamb\u0131q sah\u0259sin\u0259 ged\u0259r v\u0259 pamb\u0131q\u00e7\u0131lara k\u00f6m\u0259k ed\u0259r, eyni zamanda onlardan pamb\u0131q\u00e7\u0131l\u0131\u011f\u0131n sirl\u0259rini \u00f6yr\u0259nm\u0259y\u0259 can atard\u0131. \u0130ll\u0259r \u00f6td\u00fckc\u0259 aqrar sah\u0259ni daha da yax\u0131ndan m\u0259nims\u0259y\u0259n Sevil xan\u0131m burada da xeyli u\u011fur qazan\u0131b v\u0259 zamanla Respublika s\u0259viyy\u0259sind\u0259&hellip;","_links":{"self":[{"href":"https:\/\/arantv.az\/index.php?rest_route=\/wp\/v2\/posts\/389181"}],"collection":[{"href":"https:\/\/arantv.az\/index.php?rest_route=\/wp\/v2\/posts"}],"about":[{"href":"https:\/\/arantv.az\/index.php?rest_route=\/wp\/v2\/types\/post"}],"author":[{"embeddable":true,"href":"https:\/\/arantv.az\/index.php?rest_route=\/wp\/v2\/users\/2"}],"replies":[{"embeddable":true,"href":"https:\/\/arantv.az\/index.php?rest_route=%2Fwp%2Fv2%2Fcomments&post=389181"}],"version-history":[{"count":0,"href":"https:\/\/arantv.az\/index.php?rest_route=\/wp\/v2\/posts\/389181\/revisions"}],"wp:featuredmedia":[{"embeddable":true,"href":"https:\/\/arantv.az\/index.php?rest_route=\/wp\/v2\/media\/389182"}],"wp:attachment":[{"href":"https:\/\/arantv.az\/index.php?rest_route=%2Fwp%2Fv2%2Fmedia&parent=389181"}],"wp:term":[{"taxonomy":"category","embeddable":true,"href":"https:\/\/arantv.az\/index.php?rest_route=%2Fwp%2Fv2%2Fcategories&post=389181"},{"taxonomy":"post_tag","embeddable":true,"href":"https:\/\/arantv.az\/index.php?rest_route=%2Fwp%2Fv2%2Ftags&post=389181"}],"curies":[{"name":"wp","href":"https:\/\/api.w.org\/{rel}","templated":true}]}}