{"id":389190,"date":"2021-10-11T19:26:08","date_gmt":"2021-10-11T16:26:08","guid":{"rendered":"http:\/\/arantv.az\/?p=389190"},"modified":"2021-10-11T19:26:08","modified_gmt":"2021-10-11T16:26:08","slug":"rasim-quliyevin-m%c9%99hk%c9%99m%c9%99sind%c9%99-sahid-hacibala-abutalibov-duz-isl%c9%99m%c9%99yib","status":"publish","type":"post","link":"https:\/\/arantv.az\/?p=389190","title":{"rendered":"Rasim Quliyevin m\u0259hk\u0259m\u0259sind\u0259 \u015fahid: \u201cHac\u0131bala Abutal\u0131bov d\u00fcz i\u015fl\u0259m\u0259yib\u201d"},"content":{"rendered":"<p>Bu g\u00fcn Bak\u0131 A\u011f\u0131r Cinay\u0259tl\u0259r M\u0259hk\u0259m\u0259sind\u0259 Bak\u0131 \u015e\u0259h\u0259r \u0130cra Hakimiyy\u0259tinin (B\u015e\u0130H) sabiq Aparat r\u0259hb\u0259ri Rasim Quliyevin cinay\u0259t i\u015fi \u00fczr\u0259 m\u0259hk\u0259m\u0259nin n\u00f6vb\u0259ti iclas\u0131 ke\u00e7irilib.<\/p>\n<p><strong>ARANTV.AZ<\/strong> x\u0259b\u0259r verir ki, hakim Faiq Q\u0259niyevin s\u0259drliyi il\u0259 ke\u00e7iril\u0259n prosesd\u0259 \u201cFF\u201d MTK-n\u0131n r\u0259hb\u0259ri Tamilla \u0130brahimova ifad\u0259sini davam etdirib.<\/p>\n<p>O qeyd edib ki, Bak\u0131 \u015e\u0259h\u0259r \u0130cra Hakimiyy\u0259ti Dilar\u0259 \u018fliyeva 141 v\u0259 145 \u00fcnvan\u0131 il\u0259 yana\u015f\u0131, arxa t\u0259r\u0259fi d\u0259 h\u0259y\u0259t kimi saxlay\u0131b: \u201cHac\u0131bala Abutal\u0131bov d\u00fcz i\u015fl\u0259m\u0259yib. \u018fg\u0259r d\u00fcz i\u015fl\u0259s\u0259ydi, \u00e7a\u011f\u0131rard\u0131 tikinti \u015firk\u0259tl\u0259rini, he\u00e7 kimi tikm\u0259y\u0259 qoymazd\u0131. M\u0259n\u0259 bir n\u0259f\u0259r desin ki, bu s\u0259n\u0259d s\u0259hvdir, h\u0259r \u015feyi at\u0131ram k\u0259nara, t\u0259hvil verir\u0259m. Sonuncu d\u0259f\u0259 Hac\u0131bala Abutal\u0131bovun yan\u0131nda olanda s\u00f6yl\u0259di ki, m\u0259nlik deyil, s\u0259n\u0259d l\u0259\u011fv edilib.<\/p>\n<div id=\"AdviadNativeVideo0\" class=\"AdviadNativeVideo\"><\/div>\n<p>\u00dcmumilikd\u0259 Bak\u0131 \u015e\u0259h\u0259r \u0130cra Hakimiyy\u0259tin\u0259 m\u00fcraci\u0259t ed\u0259r\u0259k 4 s\u0259r\u0259ncam alm\u0131\u015fam. Bir d\u0259f\u0259 Akif Abdullayevin i\u015f\u00e7isi Maarifin yan\u0131nda oldum. Dedi ki, Rasim Quliyevin s\u0259r\u0259ncam\u0131 i\u015fl\u0259ri dola\u015f\u0131\u011fa sal\u0131b. Ax\u0131 m\u0259nim Rasim Quliyevin s\u0259r\u0259ncam\u0131na ehtiyac\u0131m yox idi, m\u0259nim tikinti ni\u015fan\u0131m da var idi, tikintiy\u0259 s\u0259r\u0259ncam\u0131m da\u201d.<\/p>\n<p>Prosesd\u0259 \u00e7\u0131x\u0131\u015f ed\u0259n B\u015e\u0130H-nin h\u00fcquq\u015f\u00fcnas\u0131 bildirib ki, 2018-ci ild\u0259 D\u00f6vl\u0259t \u015e\u0259h\u0259rsalma v\u0259 Arxitektura Komit\u0259si icra hakimiyy\u0259tind\u0259n al\u0131n\u0131b: \u201cRasim Quliyev d\u0259 ondan sonra tikintiy\u0259 s\u0259r\u0259ncam imzalay\u0131b\u201d.<\/p>\n<p>R.Quliyev is\u0259 s\u00f6yl\u0259yib ki, h\u0259min s\u0259r\u0259ncam\u0131 o haz\u0131rlamay\u0131b.<\/p>\n<p>Hakim bildirib ki, 2017-ci ild\u0259 Tikinti M\u0259c\u0259ll\u0259sin\u0259 d\u0259yi\u015fiklik edilib: \u201cYeni m\u0259c\u0259ll\u0259y\u0259 \u0259sas\u0259n, tikintinin ba\u015flanmas\u0131 \u00fc\u00e7\u00fcn s\u0259r\u0259ncam verilm\u0259lidir. Bunun is\u0259 \u201cFF\u201d \u015firk\u0259tin\u0259 he\u00e7 bir aidiyy\u0259ti yoxdur. \u00c7\u00fcnki, \u201cFF\u201d \u015firk\u0259ti 2013-c\u00fc ild\u0259 tikinti aparmaq \u00fc\u00e7\u00fcn s\u0259r\u0259ncam al\u0131b&#8221;.<\/p>\n<p>T.\u0130brahimova deyib ki, R.Quliyevin s\u0259r\u0259ncam\u0131 tikinti \u00fc\u00e7\u00fcn \u0259h\u0259miyy\u0259tsiz olub.<\/p>\n<p>Proses oktyabr\u0131n 18-d\u0259 davam etdiril\u0259c\u0259k.<\/p>\n<p>Qeyd edil\u0259nl\u0259r n\u0259z\u0259r\u0259 al\u0131nmaqla, Rasim Quliyev\u0259 Cinay\u0259t M\u0259c\u0259ll\u0259sinin 308.2 (a\u011f\u0131r n\u0259tic\u0259l\u0259r\u0259 s\u0259b\u0259b olan v\u0259zif\u0259 s\u0259lahiyy\u0259tl\u0259rind\u0259n sui-istifad\u0259) v\u0259 314-2.3-c\u00fc (qanunla m\u00fc\u0259yy\u0259n olunmu\u015f qaydalar\u0131 pozmaqla tikinti v\u0259 ya qura\u015fd\u0131rma i\u015fl\u0259rinin apar\u0131lmas\u0131na icaz\u0259 verm\u0259 a\u011f\u0131r n\u0259tic\u0259l\u0259r\u0259 s\u0259b\u0259b olduqda) madd\u0259l\u0259ri il\u0259 ittiham elan edilib v\u0259 bar\u0259sind\u0259 m\u0259hk\u0259m\u0259nin q\u0259rar\u0131 il\u0259 h\u0259bs q\u0259timkan t\u0259dbiri se\u00e7ilib.<\/p>\n<p>Xat\u0131rladaq ki, cinay\u0259t i\u015fi \u00fczr\u0259 Bak\u0131 \u015e\u0259h\u0259r \u0130cra Hakimiyy\u0259ti v\u0259 Az\u0259rbaycan Respublikas\u0131 D\u00f6vl\u0259t \u015e\u0259h\u0259rsalma v\u0259 Arxitektura Komit\u0259si z\u0259r\u0259r\u00e7\u0259kmi\u015f qismind\u0259 tan\u0131n\u0131b. M\u0259hk\u0259m\u0259 prosesi sentyabr\u0131n 20-d\u0259 davam etdiril\u0259c\u0259k.<\/p>\n","protected":false},"excerpt":{"rendered":"<p>Bu g\u00fcn Bak\u0131 A\u011f\u0131r Cinay\u0259tl\u0259r M\u0259hk\u0259m\u0259sind\u0259 Bak\u0131 \u015e\u0259h\u0259r \u0130cra Hakimiyy\u0259tinin (B\u015e\u0130H) sabiq Aparat r\u0259hb\u0259ri Rasim Quliyevin cinay\u0259t i\u015fi \u00fczr\u0259 m\u0259hk\u0259m\u0259nin n\u00f6vb\u0259ti iclas\u0131 ke\u00e7irilib. ARANTV.AZ x\u0259b\u0259r verir ki, hakim Faiq Q\u0259niyevin s\u0259drliyi il\u0259 ke\u00e7iril\u0259n prosesd\u0259 \u201cFF\u201d MTK-n\u0131n r\u0259hb\u0259ri Tamilla \u0130brahimova ifad\u0259sini davam etdirib. O qeyd edib ki, Bak\u0131 \u015e\u0259h\u0259r \u0130cra Hakimiyy\u0259ti Dilar\u0259 \u018fliyeva 141 v\u0259 145 \u00fcnvan\u0131 il\u0259 yana\u015f\u0131, arxa t\u0259r\u0259fi d\u0259 h\u0259y\u0259t kimi saxlay\u0131b: \u201cHac\u0131bala Abutal\u0131bov d\u00fcz i\u015fl\u0259m\u0259yib. \u018fg\u0259r d\u00fcz i\u015fl\u0259s\u0259ydi, \u00e7a\u011f\u0131rard\u0131 tikinti \u015firk\u0259tl\u0259rini, he\u00e7 kimi tikm\u0259y\u0259 qoymazd\u0131. M\u0259n\u0259 bir n\u0259f\u0259r desin ki, bu s\u0259n\u0259d s\u0259hvdir, h\u0259r \u015feyi at\u0131ram k\u0259nara,&hellip;<\/p>\n","protected":false},"author":2,"featured_media":389191,"comment_status":"closed","ping_status":"closed","sticky":false,"template":"","format":"standard","meta":{"om_disable_all_campaigns":false,"_monsterinsights_skip_tracking":false,"_monsterinsights_sitenote_active":false,"_monsterinsights_sitenote_note":"","_monsterinsights_sitenote_category":0},"categories":[5],"tags":[],"aioseo_notices":[],"gutentor_comment":0,"rttpg_featured_image_url":{"full":["https:\/\/arantv.az\/wp-content\/uploads\/2021\/10\/FotoJet-17-2-1.jpg",620,413,false],"landscape":["https:\/\/arantv.az\/wp-content\/uploads\/2021\/10\/FotoJet-17-2-1.jpg",620,413,false],"portraits":["https:\/\/arantv.az\/wp-content\/uploads\/2021\/10\/FotoJet-17-2-1.jpg",620,413,false],"thumbnail":["https:\/\/arantv.az\/wp-content\/uploads\/2021\/10\/FotoJet-17-2-1-500x280.jpg",500,280,true],"medium":["https:\/\/arantv.az\/wp-content\/uploads\/2021\/10\/FotoJet-17-2-1-548x365.jpg",548,365,true],"large":["https:\/\/arantv.az\/wp-content\/uploads\/2021\/10\/FotoJet-17-2-1.jpg",620,413,false],"1536x1536":["https:\/\/arantv.az\/wp-content\/uploads\/2021\/10\/FotoJet-17-2-1.jpg",620,413,false],"2048x2048":["https:\/\/arantv.az\/wp-content\/uploads\/2021\/10\/FotoJet-17-2-1.jpg",620,413,false],"post-thumbnail":["https:\/\/arantv.az\/wp-content\/uploads\/2021\/10\/FotoJet-17-2-1-240x172.jpg",240,172,true],"advps-thumb-one":["https:\/\/arantv.az\/wp-content\/uploads\/2021\/10\/FotoJet-17-2-1.jpg",620,413,false]},"rttpg_author":{"display_name":"V\u00fcsal Rafiqo\u011flu","author_link":"https:\/\/arantv.az\/?author=2"},"rttpg_comment":0,"rttpg_category":"<a href=\"https:\/\/arantv.az\/?cat=5\" rel=\"category\">Hadis\u0259<\/a>","rttpg_excerpt":"Bu g\u00fcn Bak\u0131 A\u011f\u0131r Cinay\u0259tl\u0259r M\u0259hk\u0259m\u0259sind\u0259 Bak\u0131 \u015e\u0259h\u0259r \u0130cra Hakimiyy\u0259tinin (B\u015e\u0130H) sabiq Aparat r\u0259hb\u0259ri Rasim Quliyevin cinay\u0259t i\u015fi \u00fczr\u0259 m\u0259hk\u0259m\u0259nin n\u00f6vb\u0259ti iclas\u0131 ke\u00e7irilib. ARANTV.AZ x\u0259b\u0259r verir ki, hakim Faiq Q\u0259niyevin s\u0259drliyi il\u0259 ke\u00e7iril\u0259n prosesd\u0259 \u201cFF\u201d MTK-n\u0131n r\u0259hb\u0259ri Tamilla \u0130brahimova ifad\u0259sini davam etdirib. O qeyd edib ki, Bak\u0131 \u015e\u0259h\u0259r \u0130cra Hakimiyy\u0259ti Dilar\u0259 \u018fliyeva 141 v\u0259 145&hellip;","_links":{"self":[{"href":"https:\/\/arantv.az\/index.php?rest_route=\/wp\/v2\/posts\/389190"}],"collection":[{"href":"https:\/\/arantv.az\/index.php?rest_route=\/wp\/v2\/posts"}],"about":[{"href":"https:\/\/arantv.az\/index.php?rest_route=\/wp\/v2\/types\/post"}],"author":[{"embeddable":true,"href":"https:\/\/arantv.az\/index.php?rest_route=\/wp\/v2\/users\/2"}],"replies":[{"embeddable":true,"href":"https:\/\/arantv.az\/index.php?rest_route=%2Fwp%2Fv2%2Fcomments&post=389190"}],"version-history":[{"count":0,"href":"https:\/\/arantv.az\/index.php?rest_route=\/wp\/v2\/posts\/389190\/revisions"}],"wp:featuredmedia":[{"embeddable":true,"href":"https:\/\/arantv.az\/index.php?rest_route=\/wp\/v2\/media\/389191"}],"wp:attachment":[{"href":"https:\/\/arantv.az\/index.php?rest_route=%2Fwp%2Fv2%2Fmedia&parent=389190"}],"wp:term":[{"taxonomy":"category","embeddable":true,"href":"https:\/\/arantv.az\/index.php?rest_route=%2Fwp%2Fv2%2Fcategories&post=389190"},{"taxonomy":"post_tag","embeddable":true,"href":"https:\/\/arantv.az\/index.php?rest_route=%2Fwp%2Fv2%2Ftags&post=389190"}],"curies":[{"name":"wp","href":"https:\/\/api.w.org\/{rel}","templated":true}]}}