{"id":390243,"date":"2021-10-13T15:59:52","date_gmt":"2021-10-13T12:59:52","guid":{"rendered":"http:\/\/arantv.az\/?p=390243"},"modified":"2021-10-13T15:59:52","modified_gmt":"2021-10-13T12:59:52","slug":"az%c9%99rbaycan-taliban-hokum%c9%99tini-taniyacaqmi-ilham-%c9%99liyev-aciqladi","status":"publish","type":"post","link":"https:\/\/arantv.az\/?p=390243","title":{"rendered":"Az\u0259rbaycan Taliban h\u00f6kum\u0259tini tan\u0131yacaqm\u0131? -\u0130lham \u018fliyev A\u00c7IQLADI"},"content":{"rendered":"<p><strong>&#8220;Biz haz\u0131rda h\u0259r hans\u0131 bir add\u0131m\u0131n at\u0131lmas\u0131 m\u0259rh\u0259l\u0259sind\u0259 deyilik. Az\u0259rbaycan bilavasit\u0259 \u018ffqan\u0131stana yax\u0131n co\u011frafiyada yerl\u0259\u015fmir. Hesab edir\u0259m ki, ilk olaraq, bu q\u0259rar\u0131 \u018ffqan\u0131stan\u0131n qon\u015fular\u0131 verm\u0259lidir. Biz he\u00e7 vaxt n\u0259 siyasi, n\u0259 iqtisadi, n\u0259 d\u0259 ki, n\u0259qliyyat sah\u0259si bax\u0131m\u0131ndan \u018ffqan\u0131stanla s\u0131x ba\u011fl\u0131 olmam\u0131\u015f\u0131q&#8221;.<\/strong><\/p>\n<p><strong>ARANTV.AZ<\/strong>\u00a0x\u0259b\u0259r verir ki, bunu Az\u0259rbaycan Respublikas\u0131n\u0131n Prezidenti \u0130lham \u018fliyev oktyabr\u0131n 7-d\u0259 \u0130taliyan\u0131n \u201cLa Repubblica\u201d q\u0259zetin\u0259 m\u00fcsahib\u0259sind\u0259 deyib.<\/p>\n<p>&#8220;Bizim \u018ffqan\u0131standa m\u00f6vcudlu\u011fumuz orada s\u00fclhm\u0259raml\u0131 \u0259m\u0259liyyatlarda i\u015ftirakla m\u0259hdudla\u015f\u0131b. Yeri g\u0259lmi\u015fk\u0259n, Az\u0259rbaycan h\u0259rb\u00e7il\u0259ri Kabil hava liman\u0131n\u0131 sonuncu t\u0259rk ed\u0259nl\u0259r s\u0131ras\u0131nda olublar. H\u0259rb\u00e7il\u0259rimiz hava liman\u0131n\u0131 orada ba\u015f ver\u0259n partlay\u0131\u015fdan bir g\u00fcn \u0259vv\u0259l t\u0259rk edibl\u0259r. Y\u0259ni, biz missiyam\u0131z\u0131 sonuncu g\u00fcn\u0259d\u0259k l\u0259yaq\u0259tl\u0259 v\u0259 maksimum s\u0259m\u0259r\u0259li d\u0259r\u0259c\u0259d\u0259 icra edirdik. Haz\u0131rda \u018ffqan\u0131standa yeni h\u00f6kum\u0259tin qurulmas\u0131 v\u0259 xarici siyas\u0259t prioritetl\u0259rinin m\u00fc\u0259yy\u0259n edilm\u0259si d\u00f6vr\u00fcd\u00fcr. M\u00fcsb\u0259t meyil, m\u00fcsb\u0259t yana\u015fma v\u0259 potensial \u0259m\u0259kda\u015fl\u0131q \u0259lam\u0259tl\u0259ri g\u00f6rd\u00fcy\u00fcm\u00fcz halda biz, \u0259lb\u0259tt\u0259 ki, adekvat \u015f\u0259kild\u0259 cavab ver\u0259c\u0259yik. Az\u0259rbaycan\u0131n xarici siyas\u0259tinin ba\u015fl\u0131ca prinsipi m\u00fcst\u0259qillikdir. Xarici siyas\u0259timiz tamamil\u0259 h\u0259r hans\u0131 xarici h\u00f6kmranl\u0131qdan azadd\u0131r. \u0130kincisi is\u0259 praqmatiklikdir. Biz m\u00f6vqeyimizi m\u0259hz bunun \u0259sas\u0131nda formala\u015fd\u0131r\u0131r\u0131q&#8221;, &#8211; d\u00f6vl\u0259t ba\u015f\u00e7\u0131s\u0131 bildirib.<\/p>\n","protected":false},"excerpt":{"rendered":"<p>&#8220;Biz haz\u0131rda h\u0259r hans\u0131 bir add\u0131m\u0131n at\u0131lmas\u0131 m\u0259rh\u0259l\u0259sind\u0259 deyilik. Az\u0259rbaycan bilavasit\u0259 \u018ffqan\u0131stana yax\u0131n co\u011frafiyada yerl\u0259\u015fmir. Hesab edir\u0259m ki, ilk olaraq, bu q\u0259rar\u0131 \u018ffqan\u0131stan\u0131n qon\u015fular\u0131 verm\u0259lidir. Biz he\u00e7 vaxt n\u0259 siyasi, n\u0259 iqtisadi, n\u0259 d\u0259 ki, n\u0259qliyyat sah\u0259si bax\u0131m\u0131ndan \u018ffqan\u0131stanla s\u0131x ba\u011fl\u0131 olmam\u0131\u015f\u0131q&#8221;. ARANTV.AZ\u00a0x\u0259b\u0259r verir ki, bunu Az\u0259rbaycan Respublikas\u0131n\u0131n Prezidenti \u0130lham \u018fliyev oktyabr\u0131n 7-d\u0259 \u0130taliyan\u0131n \u201cLa Repubblica\u201d q\u0259zetin\u0259 m\u00fcsahib\u0259sind\u0259 deyib. &#8220;Bizim \u018ffqan\u0131standa m\u00f6vcudlu\u011fumuz orada s\u00fclhm\u0259raml\u0131 \u0259m\u0259liyyatlarda i\u015ftirakla m\u0259hdudla\u015f\u0131b. Yeri g\u0259lmi\u015fk\u0259n, Az\u0259rbaycan h\u0259rb\u00e7il\u0259ri Kabil hava liman\u0131n\u0131 sonuncu t\u0259rk ed\u0259nl\u0259r s\u0131ras\u0131nda olublar. H\u0259rb\u00e7il\u0259rimiz hava liman\u0131n\u0131 orada ba\u015f ver\u0259n partlay\u0131\u015fdan bir g\u00fcn \u0259vv\u0259l t\u0259rk&hellip;<\/p>\n","protected":false},"author":2,"featured_media":390244,"comment_status":"closed","ping_status":"closed","sticky":false,"template":"","format":"standard","meta":{"om_disable_all_campaigns":false,"_monsterinsights_skip_tracking":false,"_monsterinsights_sitenote_active":false,"_monsterinsights_sitenote_note":"","_monsterinsights_sitenote_category":0},"categories":[4],"tags":[],"aioseo_notices":[],"gutentor_comment":0,"rttpg_featured_image_url":{"full":["https:\/\/arantv.az\/wp-content\/uploads\/2021\/10\/8b9f42bb3c74b089db15264015c15c5d.jpg",450,300,false],"landscape":["https:\/\/arantv.az\/wp-content\/uploads\/2021\/10\/8b9f42bb3c74b089db15264015c15c5d.jpg",450,300,false],"portraits":["https:\/\/arantv.az\/wp-content\/uploads\/2021\/10\/8b9f42bb3c74b089db15264015c15c5d.jpg",450,300,false],"thumbnail":["https:\/\/arantv.az\/wp-content\/uploads\/2021\/10\/8b9f42bb3c74b089db15264015c15c5d-450x280.jpg",450,280,true],"medium":["https:\/\/arantv.az\/wp-content\/uploads\/2021\/10\/8b9f42bb3c74b089db15264015c15c5d.jpg",450,300,false],"large":["https:\/\/arantv.az\/wp-content\/uploads\/2021\/10\/8b9f42bb3c74b089db15264015c15c5d.jpg",450,300,false],"1536x1536":["https:\/\/arantv.az\/wp-content\/uploads\/2021\/10\/8b9f42bb3c74b089db15264015c15c5d.jpg",450,300,false],"2048x2048":["https:\/\/arantv.az\/wp-content\/uploads\/2021\/10\/8b9f42bb3c74b089db15264015c15c5d.jpg",450,300,false],"post-thumbnail":["https:\/\/arantv.az\/wp-content\/uploads\/2021\/10\/8b9f42bb3c74b089db15264015c15c5d-240x172.jpg",240,172,true],"advps-thumb-one":["https:\/\/arantv.az\/wp-content\/uploads\/2021\/10\/8b9f42bb3c74b089db15264015c15c5d.jpg",450,300,false]},"rttpg_author":{"display_name":"V\u00fcsal Rafiqo\u011flu","author_link":"https:\/\/arantv.az\/?author=2"},"rttpg_comment":0,"rttpg_category":"<a href=\"https:\/\/arantv.az\/?cat=4\" rel=\"category\">Siyas\u0259t<\/a>","rttpg_excerpt":"&#8220;Biz haz\u0131rda h\u0259r hans\u0131 bir add\u0131m\u0131n at\u0131lmas\u0131 m\u0259rh\u0259l\u0259sind\u0259 deyilik. Az\u0259rbaycan bilavasit\u0259 \u018ffqan\u0131stana yax\u0131n co\u011frafiyada yerl\u0259\u015fmir. Hesab edir\u0259m ki, ilk olaraq, bu q\u0259rar\u0131 \u018ffqan\u0131stan\u0131n qon\u015fular\u0131 verm\u0259lidir. Biz he\u00e7 vaxt n\u0259 siyasi, n\u0259 iqtisadi, n\u0259 d\u0259 ki, n\u0259qliyyat sah\u0259si bax\u0131m\u0131ndan \u018ffqan\u0131stanla s\u0131x ba\u011fl\u0131 olmam\u0131\u015f\u0131q&#8221;. ARANTV.AZ\u00a0x\u0259b\u0259r verir ki, bunu Az\u0259rbaycan Respublikas\u0131n\u0131n Prezidenti \u0130lham \u018fliyev oktyabr\u0131n 7-d\u0259 \u0130taliyan\u0131n \u201cLa&hellip;","_links":{"self":[{"href":"https:\/\/arantv.az\/index.php?rest_route=\/wp\/v2\/posts\/390243"}],"collection":[{"href":"https:\/\/arantv.az\/index.php?rest_route=\/wp\/v2\/posts"}],"about":[{"href":"https:\/\/arantv.az\/index.php?rest_route=\/wp\/v2\/types\/post"}],"author":[{"embeddable":true,"href":"https:\/\/arantv.az\/index.php?rest_route=\/wp\/v2\/users\/2"}],"replies":[{"embeddable":true,"href":"https:\/\/arantv.az\/index.php?rest_route=%2Fwp%2Fv2%2Fcomments&post=390243"}],"version-history":[{"count":0,"href":"https:\/\/arantv.az\/index.php?rest_route=\/wp\/v2\/posts\/390243\/revisions"}],"wp:featuredmedia":[{"embeddable":true,"href":"https:\/\/arantv.az\/index.php?rest_route=\/wp\/v2\/media\/390244"}],"wp:attachment":[{"href":"https:\/\/arantv.az\/index.php?rest_route=%2Fwp%2Fv2%2Fmedia&parent=390243"}],"wp:term":[{"taxonomy":"category","embeddable":true,"href":"https:\/\/arantv.az\/index.php?rest_route=%2Fwp%2Fv2%2Fcategories&post=390243"},{"taxonomy":"post_tag","embeddable":true,"href":"https:\/\/arantv.az\/index.php?rest_route=%2Fwp%2Fv2%2Ftags&post=390243"}],"curies":[{"name":"wp","href":"https:\/\/api.w.org\/{rel}","templated":true}]}}