{"id":390249,"date":"2021-10-13T16:05:29","date_gmt":"2021-10-13T13:05:29","guid":{"rendered":"http:\/\/arantv.az\/?p=390249"},"modified":"2021-10-13T16:05:29","modified_gmt":"2021-10-13T13:05:29","slug":"az%c9%99rbaycan-avropanin-%c9%99sas-aktoruna-cevrilir-yeni-qaz-yataqlari-k%c9%99sf-edildi","status":"publish","type":"post","link":"https:\/\/arantv.az\/?p=390249","title":{"rendered":"Az\u0259rbaycan Avropan\u0131n \u0259sas aktoruna \u00e7evrilir &#8211; Yeni qaz yataqlar\u0131 k\u0259\u015ff edildi"},"content":{"rendered":"<p>44 g\u00fcnl\u00fck m\u00fcharib\u0259nin ba\u015flad\u0131\u011f\u0131 g\u00fcnd\u0259n bu g\u00fcn\u0259 kimi sava\u015f\u0131n soyuq n\u00f6qt\u0259si hesab edil\u0259n informasiya m\u00fcbariz\u0259sind\u0259\u00a0Prezident\u00a0\u0130lham \u018fliyevin onlarla yerli v\u0259 xarici K\u0130V m\u0259nsublar\u0131na verdiyi m\u00fcsahib\u0259l\u0259r postkonflikt d\u00f6vr\u00fcnd\u0259 q\u0259l\u0259b\u0259mizi daha da m\u00f6hk\u0259ml\u0259ndir\u0259n \u0259sas x\u0259ttdir.<\/p>\n<p>D\u00f6vl\u0259t ba\u015f\u00e7\u0131s\u0131n\u0131n \u0130taliyan\u0131n &#8220;La Repubblica&#8221; q\u0259zetin\u0259 m\u00fcsahib\u0259si d\u0259 bu q\u0259bild\u0259n\u00a0hesab edil\u0259 bil\u0259r. \u0130lham \u018fliyev bu m\u00fcsahib\u0259 vasit\u0259sil\u0259 Q\u0259rb auditoriyas\u0131n\u0131\u00a0II Qaraba\u011f m\u00fcharib\u0259sind\u0259n sonra Qaraba\u011fda, \u00fcmumiyy\u0259tl\u0259 b\u00f6lg\u0259d\u0259 v\u0259 regiondak\u0131 son prosesl\u0259rd\u0259n\u00a0agah etm\u0259kl\u0259 yana\u015f\u0131, Az\u0259rbaycana qar\u015f\u0131 qarayaxma kompaniyas\u0131 aparan, revan\u015fist q\u00fcvv\u0259l\u0259rin, i\u015f\u011fal\u00e7\u0131 rejimin ritorikas\u0131n\u0131 q\u00fcvv\u0259tl\u0259ndir\u0259n d\u00f6vl\u0259tl\u0259r, d\u00f6vl\u0259t r\u0259smil\u0259ri v\u0259 t\u0259\u015fkilatlara da n\u00f6vb\u0259ti d\u0259f\u0259 laz\u0131mi mesajlar\u0131 g\u00f6nd\u0259rib.<\/p>\n<p>D\u00f6vl\u0259t ba\u015f\u00e7\u0131s\u0131n\u0131n &#8220;Avropa \u0130ttifaq\u0131 n\u0259qliyyat potensial\u0131m\u0131za b\u00f6y\u00fck maraq g\u00f6st\u0259rir&#8221; s\u00f6zl\u0259ri A\u0130-nin Az\u0259rbaycan\u0131n 44 g\u00fcnl\u00fck sava\u015fla regionda yaratd\u0131\u011f\u0131 yeni reall\u0131\u011f\u0131 q\u0259bul etdiyinin n\u00f6vb\u0259ti t\u0259sdiqidir. 10 noyabr \u00fc\u00e7t\u0259r\u0259fli sazi\u015fd\u0259 n\u0259z\u0259rd\u0259 tutulan Z\u0259ng\u0259zur d\u0259hlizi il\u0259 ba\u011fl\u0131 m\u0259s\u0259l\u0259 is\u0259 Az\u0259rbaycan\u0131n yaratd\u0131\u011f\u0131 yeni reall\u0131q fonunda\u00a0n\u0259qliyyat potensial\u0131 bax\u0131m\u0131ndan h\u0259m b\u00f6lg\u0259, h\u0259m d\u0259 \u00fcmumilikd\u0259 Avrasiya \u00fc\u00e7\u00fcn g\u0259l\u0259c\u0259kd\u0259 n\u0259f\u0259slik ola bil\u0259r.<\/p>\n<p>G\u00f6r\u00fcn\u00fcr Avropa \u0130ttifaq\u0131 \u015euras\u0131n\u0131n prezidenti \u015earl Mi\u015felin bu yay Az\u0259rbaycana s\u0259f\u0259ri zaman\u0131\u00a0Az\u0259rbaycan-Avropa \u0130ttifaq\u0131 \u0259m\u0259kda\u015fl\u0131\u011f\u0131\u00a0il\u0259 ba\u011fl\u0131 \u0259trafl\u0131 m\u00fczakir\u0259l\u0259r zaman\u0131 t\u0259kc\u0259 enerji kimi \u0259n\u0259n\u0259vi sah\u0259l\u0259r yox, eyni zamanda n\u0259h\u0259ng layih\u0259l\u0259rin ba\u015flan\u011f\u0131c\u0131na \u00e7evril\u0259c\u0259k Z\u0259ng\u0259zur d\u0259hlizi m\u0259s\u0259l\u0259si d\u0259 geni\u015f m\u00fczakir\u0259 predmeti olub.<\/p>\n<p>Prezident\u00a0&#8220;Biz Az\u0259rbaycan\u0131 Avrasiyan\u0131n m\u00fcasir infrastruktura v\u0259 qon\u015fularla \u015fax\u0259l\u0259ndirilmi\u015f kommunikasiya mar\u015frutlar\u0131na malik m\u00fch\u00fcm n\u0259qliyyat m\u0259rk\u0259zin\u0259 \u00e7eviririk. Avropa \u0130ttifaq\u0131 bu prosesin bir hiss\u0259si olma\u011f\u0131 planla\u015fd\u0131r\u0131r&#8221; dem\u0259kl\u0259 r\u0259smi Bak\u0131n\u0131n A\u0130 il\u0259 art\u0131q bu d\u0259hlizl\u0259 ba\u011fl\u0131 g\u0259l\u0259c\u0259k planlar bar\u0259d\u0259 d\u0259 m\u00fc\u0259yy\u0259n t\u0259s\u0259vv\u00fcrl\u0259rin n\u0259z\u0259rd\u0259n ke\u00e7irildiyin\u0259 i\u015far\u0259 edib.<\/p>\n<p>Ayd\u0131n m\u0259s\u0259l\u0259dir ki, bu d\u0259hlizin a\u00e7\u0131lmas\u0131 bir \u00e7ox m\u0259qs\u0259dl\u0259r\u0259, h\u0259d\u0259fl\u0259r\u0259 xidm\u0259t g\u00f6st\u0259rir. Az\u0259rbaycan v\u0259\u00a0T\u00fcrkiy\u0259 il\u0259 yana\u015f\u0131 bu yeni n\u0259qliyyat layih\u0259si il\u0259 bir \u00e7ox d\u00f6vl\u0259tl\u0259r, mill\u0259tl\u0259r, sivilzasiyalar birl\u0259\u015f\u0259c\u0259k. V\u0259 bel\u0259likl\u0259, bizl\u0259 bu \u0259mkda\u015fl\u0131\u011fa, bu i\u015f birliyin\u0259 raz\u0131 olan \u00f6lk\u0259l\u0259r \u00fc\u00e7\u00fcn,\u00a0el\u0259c\u0259 d\u0259 Erm\u0259nistan\u0131n \u00f6z\u00fc \u00fc\u00e7\u00fcn d\u0259\u00a0yeni f\u00fcrs\u0259tl\u0259r ortaya \u00e7\u0131xacaq. Az\u0259rbaycan is\u0259 bu \u0259m\u0259kda\u015fl\u0131\u011f\u0131n ba\u015f\u0131nda ged\u0259n \u00f6lk\u0259 kimi Avropan\u0131n \u0259sas aktoruna \u00e7evrilm\u0259k yolunda vacib add\u0131m atm\u0131\u015f olacaq. \u018fn \u0259sas\u0131 is\u0259 Az\u0259rbaycan \u00f6z ayr\u0131lmaz hiss\u0259si olan Nax\u00e7\u0131van Muxtar Respublikas\u0131 il\u0259 d\u0259 quru \u0259laq\u0259sini b\u0259rpa etmi\u015f olacaq.<\/p>\n<p>M\u00fcsahib\u0259 zaman\u0131 &#8220;\u0130ndi is\u0259 biz g\u0259l\u0259c\u0259y\u0259 baxmal\u0131y\u0131q, \u00e7\u00fcnki biz yeni qaz yataqlar\u0131 k\u0259\u015ff etmi\u015fik. Bununla yana\u015f\u0131, m\u00f6vcud yataqlardan da daha \u00e7ox qaz hasil etm\u0259yi planla\u015fd\u0131r\u0131r\u0131q. H\u0259m\u00e7inin xarici investorlarla b\u0259rab\u0259r yenil\u0259n\u0259n enerji m\u0259nb\u0259l\u0259rin\u0259 b\u00f6y\u00fck s\u0259rmay\u0259 qoyuruq&#8221; dey\u0259n \u0130lham \u018fliyev, bununla\u00a0m\u00fcst\u0259qilliyimizin b\u0259rpas\u0131n\u0131n\u00a0ilk ill\u0259rind\u0259n\u00a0 Az\u0259rbaycan\u0131n xarici siyas\u0259tinin \u0259n vacib istiqam\u0259tl\u0259rind\u0259n biri olan\u00a0enerji siyas\u0259timizin d\u0259yi\u015fm\u0259z olaraq qalaca\u011f\u0131na diqq\u0259t \u00e7\u0259kib. Az\u0259rbaycan\u0131n enerji ehtiyatlar\u0131n\u0131n hasilat\u0131, h\u0259m d\u0259 bu ehtiyatlar\u0131n beyn\u0259lxalq bazarlara \u00e7\u0131xar\u0131lmas\u0131 yollar\u0131 il\u0259 ba\u011fl\u0131 yeni imkanlar\u0131n yarad\u0131lmas\u0131n\u0131n b\u00f6y\u00fck \u0259h\u0259miyy\u0259t da\u015f\u0131d\u0131\u011f\u0131n\u0131 enerji t\u0259hl\u00fck\u0259sizliyi m\u0259s\u0259l\u0259sind\u0259 prearitet x\u0259tt hesab ed\u0259n d\u00f6vl\u0259t ba\u015f\u00e7\u0131s\u0131, bundan sonra Az\u0259rbaycan\u0131n Avropada n\u00fcfuzunun daha da artmas\u0131, s\u0259sin\u0259 s\u0259s ver\u0259nl\u0259rin \u00e7ox olmas\u0131, s\u00f6z\u00fcn\u00fcn ke\u00e7m\u0259si bax\u0131m\u0131ndan olduqca vacib m\u0259s\u0259l\u0259 hesab edir. El\u0259 bunun t\u0259sdiqidir ki, Az\u0259rbaycan\u0131n indi \u0259sas\u00a0diqq\u0259ti\u00a0C\u0259nub Qaz D\u0259hlizinin sonuncu hiss\u0259si olan Trans-Adriatik boru x\u0259ttinin ba\u015fa \u00e7atd\u0131r\u0131lmas\u0131na y\u00f6n\u0259lib.<\/p>\n<p>Bununla da\u00a0\u00f6lk\u0259miz Avropan\u0131n enerji t\u0259hl\u00fck\u0259sizliyind\u0259 daha f\u0259al \u015f\u0259kild\u0259 i\u015ftirak etm\u0259k \u0259zmind\u0259 oldu\u011funu g\u00f6st\u0259rir\u00a0v\u0259 bu m\u0259qs\u0259dl\u0259 \u00f6z potensial\u0131na \u0259saslanaraq m\u00fcxt\u0259lif t\u0259\u015f\u0259bb\u00fcsl\u0259rl\u0259 \u00e7\u0131x\u0131\u015f edir. Son bir ne\u00e7\u0259 ild\u0259 u\u011furla realla\u015fd\u0131r\u0131lan C\u0259nub Qaz D\u0259hlizi layih\u0259si deyil\u0259nl\u0259r\u0259 yax\u015f\u0131 n\u00fcmun\u0259dir. &#8220;\u015eahd\u0259niz&#8221; yata\u011f\u0131n\u0131n ehtiyatlar\u0131n\u0131n i\u015fl\u0259nm\u0259si v\u0259 eyni zamanda yeni qaz yataqlar\u0131n\u0131n k\u0259\u015ffini d\u0259 n\u0259z\u0259r\u0259 alsaq, dey\u0259 bil\u0259rik ki, \u00f6lk\u0259mizin &#8220;qoca qit\u0259&#8221;nin enerji t\u0259hl\u00fck\u0259sizliyinin t\u0259min olunmas\u0131nda rolu daha da artacaq.<\/p>\n<p>T\u0259sad\u00fcf\u00fc deyil ki,\u00a0Q\u0259rb analitikl\u0259ri qeyd edirl\u0259r ki, X\u0259z\u0259r h\u00f6vz\u0259sind\u0259 b\u00f6y\u00fck neft \u015firk\u0259tl\u0259ril\u0259 \u0259n y\u00fcks\u0259k \u0259m\u0259kda\u015fl\u0131q \u0259laq\u0259l\u0259ri yaradan \u00f6lk\u0259 kimi m\u0259hz Az\u0259rbaycan\u0131n ad\u0131n\u0131 \u00e7\u0259kirl\u0259r, eyni zamanda Q\u0259rbin enerji da\u015f\u0131y\u0131c\u0131lar\u0131n\u0131n istismar edilm\u0259sind\u0259 Az\u0259rbaycanla \u0259m\u0259kda\u015fl\u0131q etm\u0259si y\u00fcks\u0259k qiym\u0259tl\u0259ndirilir.<\/p>\n<p>\u00dcmumilikd\u0259 is\u0259 m\u00fcst\u0259qilliyin b\u0259rpas\u0131ndan (18 oktyabr 1991) \u00fcz\u00fc b\u0259ri Az\u0259rbaycan\u0131n Avropada h\u0259yata ke\u00e7irdiyi, t\u0259r\u0259fda\u015f oldu\u011fu iri layih\u0259l\u0259rin \u00f6lk\u0259miz \u00fc\u00e7\u00fcn n\u0259 q\u0259d\u0259r uzaqg\u00f6r\u0259n, g\u0259l\u0259c\u0259y\u0259 hesablanm\u0131\u015f v\u0259 yeni tarxi yazmaq n\u00f6qteyi n\u0259z\u0259rd\u0259n \u0259h\u0259miyy\u0259tini g\u00f6st\u0259rdi. V\u0259t\u0259n m\u00fcharib\u0259sind\u0259ki tarixi qalibiyy\u0259t he\u00e7 \u015f\u00fcbh\u0259siz ki, 3 ilin, 5 ilin, 10 ilin i\u015fi deyildi. 30 illik i\u015f\u011fala son qoymaq \u00fc\u00e7\u00fcn Az\u0259rbaycan d\u00f6vl\u0259ti uzun starteji yol x\u0259rit\u0259si hesab\u0131na nail oldu ki, bu g\u00fcn biz h\u0259min g\u00fcnd\u0259liyin yaz\u0131lmas\u0131 \u00fc\u00e7\u00fcn d\u00fc\u015f\u00fcn\u00fclm\u00fc\u015f, q\u0259tiyy\u0259tli siyas\u0259tin hans\u0131 nailiyy\u0259tl\u0259r\u0259 g\u0259tirib \u00e7\u0131xard\u0131\u011f\u0131n\u0131n \u015fahidiyik.<\/p>\n<p>Az\u0259rbaycan Prezidentinin &#8220;La Repubblica&#8221;\u00a0q\u0259zetin\u0259 m\u00fcsahib\u0259sind\u0259 dediyi kimi, bizim indi\u00a0plan\u0131m\u0131z ke\u00e7mi\u015f m\u0259cburi k\u00f6\u00e7k\u00fcnl\u0259rin do\u011fma evl\u0259rin\u0259 \u0259n q\u0131sa zamanda qaytar\u0131lmas\u0131d\u0131r. Bu g\u00fcnki Az\u0259rbaycan b\u00fct\u00fcn qar\u015f\u0131s\u0131na \u00e7\u0131xan \u0259ng\u0259ll\u0259ri, mane\u0259l\u0259ri a\u015fmaq g\u00fcc\u00fcnd\u0259dir. Buna\u00a0ist\u0259r Ordusunun,\u00a0ist\u0259rs\u0259 d\u0259 xalq, hakimiyy\u0259t birliyi timsal\u0131nda siyasi sferada b\u00fct\u00fcn d\u00fcnyaya g\u00f6st\u0259rdi v\u0259 bundan sonra da bu bel\u0259 davam ed\u0259c\u0259k.<\/p>\n","protected":false},"excerpt":{"rendered":"<p>44 g\u00fcnl\u00fck m\u00fcharib\u0259nin ba\u015flad\u0131\u011f\u0131 g\u00fcnd\u0259n bu g\u00fcn\u0259 kimi sava\u015f\u0131n soyuq n\u00f6qt\u0259si hesab edil\u0259n informasiya m\u00fcbariz\u0259sind\u0259\u00a0Prezident\u00a0\u0130lham \u018fliyevin onlarla yerli v\u0259 xarici K\u0130V m\u0259nsublar\u0131na verdiyi m\u00fcsahib\u0259l\u0259r postkonflikt d\u00f6vr\u00fcnd\u0259 q\u0259l\u0259b\u0259mizi daha da m\u00f6hk\u0259ml\u0259ndir\u0259n \u0259sas x\u0259ttdir. D\u00f6vl\u0259t ba\u015f\u00e7\u0131s\u0131n\u0131n \u0130taliyan\u0131n &#8220;La Repubblica&#8221; q\u0259zetin\u0259 m\u00fcsahib\u0259si d\u0259 bu q\u0259bild\u0259n\u00a0hesab edil\u0259 bil\u0259r. \u0130lham \u018fliyev bu m\u00fcsahib\u0259 vasit\u0259sil\u0259 Q\u0259rb auditoriyas\u0131n\u0131\u00a0II Qaraba\u011f m\u00fcharib\u0259sind\u0259n sonra Qaraba\u011fda, \u00fcmumiyy\u0259tl\u0259 b\u00f6lg\u0259d\u0259 v\u0259 regiondak\u0131 son prosesl\u0259rd\u0259n\u00a0agah etm\u0259kl\u0259 yana\u015f\u0131, Az\u0259rbaycana qar\u015f\u0131 qarayaxma kompaniyas\u0131 aparan, revan\u015fist q\u00fcvv\u0259l\u0259rin, i\u015f\u011fal\u00e7\u0131 rejimin ritorikas\u0131n\u0131 q\u00fcvv\u0259tl\u0259ndir\u0259n d\u00f6vl\u0259tl\u0259r, d\u00f6vl\u0259t r\u0259smil\u0259ri v\u0259 t\u0259\u015fkilatlara da n\u00f6vb\u0259ti d\u0259f\u0259 laz\u0131mi mesajlar\u0131 g\u00f6nd\u0259rib. D\u00f6vl\u0259t ba\u015f\u00e7\u0131s\u0131n\u0131n &#8220;Avropa \u0130ttifaq\u0131 n\u0259qliyyat&hellip;<\/p>\n","protected":false},"author":2,"featured_media":390250,"comment_status":"closed","ping_status":"closed","sticky":false,"template":"","format":"standard","meta":{"om_disable_all_campaigns":false,"_monsterinsights_skip_tracking":false,"_monsterinsights_sitenote_active":false,"_monsterinsights_sitenote_note":"","_monsterinsights_sitenote_category":0},"categories":[4],"tags":[],"aioseo_notices":[],"gutentor_comment":0,"rttpg_featured_image_url":{"full":["https:\/\/arantv.az\/wp-content\/uploads\/2021\/10\/987287_05.jpg",560,400,false],"landscape":["https:\/\/arantv.az\/wp-content\/uploads\/2021\/10\/987287_05.jpg",560,400,false],"portraits":["https:\/\/arantv.az\/wp-content\/uploads\/2021\/10\/987287_05.jpg",560,400,false],"thumbnail":["https:\/\/arantv.az\/wp-content\/uploads\/2021\/10\/987287_05-500x280.jpg",500,280,true],"medium":["https:\/\/arantv.az\/wp-content\/uploads\/2021\/10\/987287_05-511x365.jpg",511,365,true],"large":["https:\/\/arantv.az\/wp-content\/uploads\/2021\/10\/987287_05.jpg",560,400,false],"1536x1536":["https:\/\/arantv.az\/wp-content\/uploads\/2021\/10\/987287_05.jpg",560,400,false],"2048x2048":["https:\/\/arantv.az\/wp-content\/uploads\/2021\/10\/987287_05.jpg",560,400,false],"post-thumbnail":["https:\/\/arantv.az\/wp-content\/uploads\/2021\/10\/987287_05-240x172.jpg",240,172,true],"advps-thumb-one":["https:\/\/arantv.az\/wp-content\/uploads\/2021\/10\/987287_05.jpg",560,400,false]},"rttpg_author":{"display_name":"V\u00fcsal Rafiqo\u011flu","author_link":"https:\/\/arantv.az\/?author=2"},"rttpg_comment":0,"rttpg_category":"<a href=\"https:\/\/arantv.az\/?cat=4\" rel=\"category\">Siyas\u0259t<\/a>","rttpg_excerpt":"44 g\u00fcnl\u00fck m\u00fcharib\u0259nin ba\u015flad\u0131\u011f\u0131 g\u00fcnd\u0259n bu g\u00fcn\u0259 kimi sava\u015f\u0131n soyuq n\u00f6qt\u0259si hesab edil\u0259n informasiya m\u00fcbariz\u0259sind\u0259\u00a0Prezident\u00a0\u0130lham \u018fliyevin onlarla yerli v\u0259 xarici K\u0130V m\u0259nsublar\u0131na verdiyi m\u00fcsahib\u0259l\u0259r postkonflikt d\u00f6vr\u00fcnd\u0259 q\u0259l\u0259b\u0259mizi daha da m\u00f6hk\u0259ml\u0259ndir\u0259n \u0259sas x\u0259ttdir. D\u00f6vl\u0259t ba\u015f\u00e7\u0131s\u0131n\u0131n \u0130taliyan\u0131n &#8220;La Repubblica&#8221; q\u0259zetin\u0259 m\u00fcsahib\u0259si d\u0259 bu q\u0259bild\u0259n\u00a0hesab edil\u0259 bil\u0259r. \u0130lham \u018fliyev bu m\u00fcsahib\u0259 vasit\u0259sil\u0259 Q\u0259rb auditoriyas\u0131n\u0131\u00a0II Qaraba\u011f m\u00fcharib\u0259sind\u0259n sonra Qaraba\u011fda,&hellip;","_links":{"self":[{"href":"https:\/\/arantv.az\/index.php?rest_route=\/wp\/v2\/posts\/390249"}],"collection":[{"href":"https:\/\/arantv.az\/index.php?rest_route=\/wp\/v2\/posts"}],"about":[{"href":"https:\/\/arantv.az\/index.php?rest_route=\/wp\/v2\/types\/post"}],"author":[{"embeddable":true,"href":"https:\/\/arantv.az\/index.php?rest_route=\/wp\/v2\/users\/2"}],"replies":[{"embeddable":true,"href":"https:\/\/arantv.az\/index.php?rest_route=%2Fwp%2Fv2%2Fcomments&post=390249"}],"version-history":[{"count":0,"href":"https:\/\/arantv.az\/index.php?rest_route=\/wp\/v2\/posts\/390249\/revisions"}],"wp:featuredmedia":[{"embeddable":true,"href":"https:\/\/arantv.az\/index.php?rest_route=\/wp\/v2\/media\/390250"}],"wp:attachment":[{"href":"https:\/\/arantv.az\/index.php?rest_route=%2Fwp%2Fv2%2Fmedia&parent=390249"}],"wp:term":[{"taxonomy":"category","embeddable":true,"href":"https:\/\/arantv.az\/index.php?rest_route=%2Fwp%2Fv2%2Fcategories&post=390249"},{"taxonomy":"post_tag","embeddable":true,"href":"https:\/\/arantv.az\/index.php?rest_route=%2Fwp%2Fv2%2Ftags&post=390249"}],"curies":[{"name":"wp","href":"https:\/\/api.w.org\/{rel}","templated":true}]}}