{"id":390261,"date":"2021-10-13T16:20:06","date_gmt":"2021-10-13T13:20:06","guid":{"rendered":"http:\/\/arantv.az\/?p=390261"},"modified":"2021-10-13T16:20:06","modified_gmt":"2021-10-13T13:20:06","slug":"media-v%c9%99-huquqi-maarifl%c9%99ndirm%c9%99-movzusunda-t%c9%99dbir-kecirildi","status":"publish","type":"post","link":"https:\/\/arantv.az\/?p=390261","title":{"rendered":"\u201cMedia v\u0259 H\u00fcquqi Maarifl\u0259ndirm\u0259\u201d m\u00f6vzusunda t\u0259dbir ke\u00e7irildi"},"content":{"rendered":"<p><strong>Oktyabr\u0131n 13-d\u0259 Az\u0259rbaycan\u0131n Ba\u015f Prokurorlu\u011fu v\u0259 Median\u0131n \u0130nki\u015faf\u0131 Agentliyinin birg\u0259 t\u0259\u015fkilat\u00e7\u0131l\u0131\u011f\u0131 il\u0259 \u201cMedia v\u0259 H\u00fcquqi Maarifl\u0259ndirm\u0259\u201d m\u00f6vzusunda t\u0259dbir ke\u00e7irilib.<\/strong><\/p>\n<p><strong>ARANTV.AZ\u00a0 <\/strong>x\u0259b\u0259r verir ki,<strong>\u00a0<\/strong>t\u0259dbird\u0259 \u00e7\u0131x\u0131\u015f ed\u0259n Ba\u015f Prokurorun m\u00fcavini Heyd\u0259r M\u0259mm\u0259dov v\u0259 Median\u0131n \u0130nki\u015faf\u0131 Agentliyinin \u0130cra\u00e7\u0131 direktoru \u018fhm\u0259d \u0130smay\u0131lov mediada yay\u0131mlanan informasiyaya dair t\u0259l\u0259bl\u0259r, cinay\u0259t v\u0259 ya ictimai maraq k\u0259sb ed\u0259n hadis\u0259l\u0259r ba\u015f verdikd\u0259 jurnalistl\u0259rin v\u0259 media n\u00fcmay\u0259nd\u0259l\u0259rinin hadis\u0259 yerind\u0259 diqq\u0259t yetirm\u0259li m\u0259qamlar bar\u0259d\u0259 fikirl\u0259rini b\u00f6l\u00fc\u015f\u00fcb.<\/p>\n<p>H\u0259m\u00e7inin \u00e7\u0131x\u0131\u015f\u00e7\u0131lar kommunikasiyan\u0131n s\u0259m\u0259r\u0259li t\u0259\u015fkili v\u0259 informasiyan\u0131n obyektiv v\u0259 q\u0259r\u0259zsiz \u00e7atd\u0131r\u0131lmas\u0131n\u0131n t\u0259min olunmas\u0131 bax\u0131m\u0131ndan bel\u0259 g\u00f6r\u00fc\u015fl\u0259rin m\u00fct\u0259madiliyinin \u0259h\u0259miyy\u0259tini vur\u011fulay\u0131b.<\/p>\n<p>Ba\u015f Prokurorlu\u011fun M\u0259tbuat Xidm\u0259tinin r\u0259hb\u0259ri G\u00fcnay S\u0259limzad\u0259 \u201cProkurorluq orqanlar\u0131 il\u0259 k\u00fctl\u0259vi informasiya vasit\u0259l\u0259ri aras\u0131nda m\u00f6vcud m\u00fcnasib\u0259tl\u0259r v\u0259 perspektivl\u0259r\u201d m\u00f6vzusunda \u00e7\u0131x\u0131\u015f edib.<\/p>\n<div id=\"AdviadNativeVideo0\" class=\"AdviadNativeVideo\"><\/div>\n<p>T\u0259dbir \u00e7\u0259r\u00e7iv\u0259sind\u0259 Ba\u015f Prokurorlu\u011fun M\u0259tbuat Xidm\u0259tinin b\u00f6y\u00fck prokuroru K\u0259nan Zeynalov t\u0259r\u0259find\u0259n \u201cMedia v\u0259 H\u00fcquqi Maarifl\u0259ndirm\u0259\u201d v\u0259saitinin t\u0259qdimat\u0131 olub.<\/p>\n<p>Sonra Median\u0131n \u0130nki\u015faf\u0131 Agentliyinin H\u00fcquq v\u0259 insan resurslar\u0131n\u0131n idar\u0259 edilm\u0259si departamentinin direktoru R\u0259qsan\u0259 K\u0259rimova \u201c\u0130stintaq prosesinin mediada obyektiv i\u015f\u0131qland\u0131r\u0131lmas\u0131 v\u0259 balansl\u0131 t\u0259qdimat\u0131\u201d m\u00f6vzusunda \u00e7\u0131x\u0131\u015f edib.<\/p>\n<p>T\u0259dbir geni\u015f m\u00fczakir\u0259l\u0259rl\u0259 davam edib, Prokurorluq orqanlar\u0131 il\u0259 media aras\u0131nda operativ v\u0259 s\u0259m\u0259r\u0259li \u0259m\u0259kda\u015fl\u0131\u011f\u0131n qurulmas\u0131, bu m\u0259s\u0259l\u0259d\u0259 Median\u0131n \u0130nki\u015faf\u0131 Agentliyinin d\u0259st\u0259yi il\u0259 ba\u011fl\u0131 t\u0259klifl\u0259r dinl\u0259nilib.<\/p>\n<p>Sonda t\u0259dbir i\u015ftirak\u00e7\u0131lar\u0131 il\u0259 xatir\u0259 \u015f\u0259kili \u00e7\u0259kilib.<\/p>\n","protected":false},"excerpt":{"rendered":"<p>Oktyabr\u0131n 13-d\u0259 Az\u0259rbaycan\u0131n Ba\u015f Prokurorlu\u011fu v\u0259 Median\u0131n \u0130nki\u015faf\u0131 Agentliyinin birg\u0259 t\u0259\u015fkilat\u00e7\u0131l\u0131\u011f\u0131 il\u0259 \u201cMedia v\u0259 H\u00fcquqi Maarifl\u0259ndirm\u0259\u201d m\u00f6vzusunda t\u0259dbir ke\u00e7irilib. ARANTV.AZ\u00a0 x\u0259b\u0259r verir ki,\u00a0t\u0259dbird\u0259 \u00e7\u0131x\u0131\u015f ed\u0259n Ba\u015f Prokurorun m\u00fcavini Heyd\u0259r M\u0259mm\u0259dov v\u0259 Median\u0131n \u0130nki\u015faf\u0131 Agentliyinin \u0130cra\u00e7\u0131 direktoru \u018fhm\u0259d \u0130smay\u0131lov mediada yay\u0131mlanan informasiyaya dair t\u0259l\u0259bl\u0259r, cinay\u0259t v\u0259 ya ictimai maraq k\u0259sb ed\u0259n hadis\u0259l\u0259r ba\u015f verdikd\u0259 jurnalistl\u0259rin v\u0259 media n\u00fcmay\u0259nd\u0259l\u0259rinin hadis\u0259 yerind\u0259 diqq\u0259t yetirm\u0259li m\u0259qamlar bar\u0259d\u0259 fikirl\u0259rini b\u00f6l\u00fc\u015f\u00fcb. H\u0259m\u00e7inin \u00e7\u0131x\u0131\u015f\u00e7\u0131lar kommunikasiyan\u0131n s\u0259m\u0259r\u0259li t\u0259\u015fkili v\u0259 informasiyan\u0131n obyektiv v\u0259 q\u0259r\u0259zsiz \u00e7atd\u0131r\u0131lmas\u0131n\u0131n t\u0259min olunmas\u0131 bax\u0131m\u0131ndan bel\u0259 g\u00f6r\u00fc\u015fl\u0259rin m\u00fct\u0259madiliyinin \u0259h\u0259miyy\u0259tini vur\u011fulay\u0131b. Ba\u015f Prokurorlu\u011fun M\u0259tbuat Xidm\u0259tinin r\u0259hb\u0259ri G\u00fcnay&hellip;<\/p>\n","protected":false},"author":2,"featured_media":390262,"comment_status":"closed","ping_status":"closed","sticky":false,"template":"","format":"standard","meta":{"om_disable_all_campaigns":false,"_monsterinsights_skip_tracking":false,"_monsterinsights_sitenote_active":false,"_monsterinsights_sitenote_note":"","_monsterinsights_sitenote_category":0},"categories":[26],"tags":[],"aioseo_notices":[],"gutentor_comment":0,"rttpg_featured_image_url":{"full":["https:\/\/arantv.az\/wp-content\/uploads\/2021\/10\/trend_media_131021_09.jpg",800,450,false],"landscape":["https:\/\/arantv.az\/wp-content\/uploads\/2021\/10\/trend_media_131021_09.jpg",800,450,false],"portraits":["https:\/\/arantv.az\/wp-content\/uploads\/2021\/10\/trend_media_131021_09.jpg",800,450,false],"thumbnail":["https:\/\/arantv.az\/wp-content\/uploads\/2021\/10\/trend_media_131021_09-500x280.jpg",500,280,true],"medium":["https:\/\/arantv.az\/wp-content\/uploads\/2021\/10\/trend_media_131021_09-649x365.jpg",649,365,true],"large":["https:\/\/arantv.az\/wp-content\/uploads\/2021\/10\/trend_media_131021_09.jpg",640,360,false],"1536x1536":["https:\/\/arantv.az\/wp-content\/uploads\/2021\/10\/trend_media_131021_09.jpg",800,450,false],"2048x2048":["https:\/\/arantv.az\/wp-content\/uploads\/2021\/10\/trend_media_131021_09.jpg",800,450,false],"post-thumbnail":["https:\/\/arantv.az\/wp-content\/uploads\/2021\/10\/trend_media_131021_09-240x172.jpg",240,172,true],"advps-thumb-one":["https:\/\/arantv.az\/wp-content\/uploads\/2021\/10\/trend_media_131021_09.jpg",800,450,false]},"rttpg_author":{"display_name":"V\u00fcsal Rafiqo\u011flu","author_link":"https:\/\/arantv.az\/?author=2"},"rttpg_comment":0,"rttpg_category":"<a href=\"https:\/\/arantv.az\/?cat=26\" rel=\"category\">Sosial<\/a>","rttpg_excerpt":"Oktyabr\u0131n 13-d\u0259 Az\u0259rbaycan\u0131n Ba\u015f Prokurorlu\u011fu v\u0259 Median\u0131n \u0130nki\u015faf\u0131 Agentliyinin birg\u0259 t\u0259\u015fkilat\u00e7\u0131l\u0131\u011f\u0131 il\u0259 \u201cMedia v\u0259 H\u00fcquqi Maarifl\u0259ndirm\u0259\u201d m\u00f6vzusunda t\u0259dbir ke\u00e7irilib. ARANTV.AZ\u00a0 x\u0259b\u0259r verir ki,\u00a0t\u0259dbird\u0259 \u00e7\u0131x\u0131\u015f ed\u0259n Ba\u015f Prokurorun m\u00fcavini Heyd\u0259r M\u0259mm\u0259dov v\u0259 Median\u0131n \u0130nki\u015faf\u0131 Agentliyinin \u0130cra\u00e7\u0131 direktoru \u018fhm\u0259d \u0130smay\u0131lov mediada yay\u0131mlanan informasiyaya dair t\u0259l\u0259bl\u0259r, cinay\u0259t v\u0259 ya ictimai maraq k\u0259sb ed\u0259n hadis\u0259l\u0259r ba\u015f verdikd\u0259 jurnalistl\u0259rin v\u0259&hellip;","_links":{"self":[{"href":"https:\/\/arantv.az\/index.php?rest_route=\/wp\/v2\/posts\/390261"}],"collection":[{"href":"https:\/\/arantv.az\/index.php?rest_route=\/wp\/v2\/posts"}],"about":[{"href":"https:\/\/arantv.az\/index.php?rest_route=\/wp\/v2\/types\/post"}],"author":[{"embeddable":true,"href":"https:\/\/arantv.az\/index.php?rest_route=\/wp\/v2\/users\/2"}],"replies":[{"embeddable":true,"href":"https:\/\/arantv.az\/index.php?rest_route=%2Fwp%2Fv2%2Fcomments&post=390261"}],"version-history":[{"count":0,"href":"https:\/\/arantv.az\/index.php?rest_route=\/wp\/v2\/posts\/390261\/revisions"}],"wp:featuredmedia":[{"embeddable":true,"href":"https:\/\/arantv.az\/index.php?rest_route=\/wp\/v2\/media\/390262"}],"wp:attachment":[{"href":"https:\/\/arantv.az\/index.php?rest_route=%2Fwp%2Fv2%2Fmedia&parent=390261"}],"wp:term":[{"taxonomy":"category","embeddable":true,"href":"https:\/\/arantv.az\/index.php?rest_route=%2Fwp%2Fv2%2Fcategories&post=390261"},{"taxonomy":"post_tag","embeddable":true,"href":"https:\/\/arantv.az\/index.php?rest_route=%2Fwp%2Fv2%2Ftags&post=390261"}],"curies":[{"name":"wp","href":"https:\/\/api.w.org\/{rel}","templated":true}]}}