{"id":390273,"date":"2021-10-13T16:41:08","date_gmt":"2021-10-13T13:41:08","guid":{"rendered":"http:\/\/arantv.az\/?p=390273"},"modified":"2021-10-13T16:41:08","modified_gmt":"2021-10-13T13:41:08","slug":"bu-iki-tarixi-gunun-d%c9%99yisdirilm%c9%99si-g%c9%99l%c9%99c%c9%99k-qarsisinda-m%c9%99suliyy%c9%99timizdir-deputat-s%c9%99rh-etdi","status":"publish","type":"post","link":"https:\/\/arantv.az\/?p=390273","title":{"rendered":"&#8220;Bu iki tarixi g\u00fcn\u00fcn d\u0259yi\u015fdirilm\u0259si g\u0259l\u0259c\u0259k qar\u015f\u0131s\u0131nda m\u0259suliyy\u0259timizdir&#8221; &#8211; DEPUTAT \u015e\u018fRH ETD\u0130"},"content":{"rendered":"<p>&#8220;Az\u0259rbaycan Prezidenti \u0130lham \u018fliyevin t\u0259qdimat\u0131 \u0259sas\u0131nda 28 may tarixinin M\u00fcst\u0259qillik G\u00fcn\u00fc, 18 oktyabr tarixinin is\u0259 xalq\u0131m\u0131z\u0131n M\u00fcst\u0259qilliyinin b\u0259rpas\u0131 g\u00fcn\u00fc kimi qeyd edilm\u0259si tarixi add\u0131md\u0131r. Bununla biz tarixi varidat\u0131m\u0131z\u0131n d\u00fczg\u00fcn d\u0259y\u0259rl\u0259ndirilm\u0259sinin n\u0259 q\u0259d\u0259r vacib oldu\u011funu ifad\u0259 etmi\u015f oluruq&#8221;.<\/p>\n<p><strong>ARANTV.AZ<\/strong> S\u0130A-ya-a istinad\u0259n bildirir ki, bu s\u00f6zl\u0259ri\u00a0 a\u00e7\u0131qlamas\u0131nda deputat <strong>Sevil Mikay\u0131lova<\/strong>\u00a0deyib.<\/p>\n<p><img src=\"https:\/\/img.milli.az\/2020\/06\/14\/sevil_mikayilova.jpg\" alt=\"\" \/><\/p>\n<p>Onun s\u00f6zl\u0259rin\u0259 g\u00f6r\u0259, 1918-ci il 28 may tarixind\u0259 Az\u0259rbaycan xalq\u0131 m\u00fcst\u0259qillik salnam\u0259sini yaratd\u0131: &#8220;\u0130lk d\u0259f\u0259 olaraq m\u00fcs\u0259lman \u015f\u0259rqind\u0259 demokratik qurulu\u015flu d\u00f6vl\u0259t elan olundu. O d\u00f6vrd\u0259 Az\u0259rbaycanda formala\u015fm\u0131\u015f demokratik d\u00fc\u015f\u00fcnc\u0259li ziyal\u0131 sinfi xalq\u0131 ir\u0259liy\u0259 apararaq tarixi k\u00f6kl\u0259r\u0259, q\u0259dim d\u00f6vl\u0259t\u00e7ilik \u0259n\u0259n\u0259l\u0259rin\u0259 \u0259saslanaraq yeni d\u0259y\u0259rl\u0259r yaratd\u0131. Onlar b\u00fct\u00fcn d\u00fcnyaya \u015f\u0259rqin v\u0259 q\u0259rbin qovu\u015fu\u011funda, s\u00f6z\u00fcn \u0259sl m\u0259nas\u0131nda, h\u0259r iki sivilizasiyan\u0131n d\u0259y\u0259rl\u0259rini \u00f6z\u00fcnd\u0259 birl\u0259\u015fdir\u0259n d\u00fcny\u0259vi bir d\u00f6vl\u0259t t\u0259qdim etdil\u0259r. Az\u0259rbaycan Demokratik Respublikas\u0131 m\u00fcst\u0259qillik tariximizin parlaq s\u0259hif\u0259sini yazd\u0131. O, bir \u00e7ox ilkl\u0259r\u0259 imza atmaqla d\u00f6vr\u00fcn\u00fcn \u0259n c\u0259sar\u0259tli siyasi d\u00fc\u015f\u00fcnc\u0259 t\u0259rzini d\u00f6vl\u0259t\u00e7ilik platformas\u0131na u\u011furla transformasiya etdi. \u015e\u0259rqd\u0259 ilk Parlamentin yarad\u0131lmas\u0131, bu m\u0259s\u0259l\u0259d\u0259 bir \u00e7ox d\u00f6vl\u0259tl\u0259ri gerid\u0259 qoyaraq qad\u0131nlara se\u00e7ki h\u00fcququnun verilm\u0259si f\u0259xr ed\u0259c\u0259yimiz tarixdir&#8221;.<\/p>\n<p>Deputat fikirl\u0259rin\u0259 davam ed\u0259r\u0259k h\u0259m\u00e7inin qeyd edib ki, biz m\u00fcst\u0259qillik tariximiz\u0259 sahib \u00e7\u0131x\u0131r\u0131q v\u0259 onu ya\u015fadanlar qar\u015f\u0131s\u0131nda h\u0259r zaman m\u0259n\u0259vi borcumuzu d\u0259rk ed\u0259c\u0259yik: &#8220;M\u00fcst\u0259qil d\u00f6vl\u0259timizi 1918-ci ild\u0259 yaratd\u0131q. N\u0259sild\u0259n n\u0259sil\u0259 q\u00fcrurla \u00f6t\u00fcr\u00fcl\u0259n bu miras 1991-ci il oktyabr\u0131n 18-d\u0259 elan olunmu\u015f m\u00fcst\u0259qillik akt\u0131 il\u0259 bir daha \u00f6z t\u0259sbitini tapd\u0131. Tarixi \u0259dal\u0259t b\u0259rpa olundu. Oktyabr\u0131n 18-d\u0259 m\u00fcst\u0259qilliyimizi yenid\u0259n qazand\u0131q v\u0259 1918-ci il may\u0131n 28-d\u0259 yarad\u0131lm\u0131\u015f d\u00f6vl\u0259t yenid\u0259n d\u00fcnyan\u0131n siyasi x\u0259rit\u0259sind\u0259 m\u00fcst\u0259qil olaraq parlad\u0131 &#8211; bayra\u011f\u0131m\u0131z, gerbimiz, himnimiz yenid\u0259n b\u0259rpa etdiyimiz m\u00fcst\u0259qil d\u00f6vl\u0259tin simvollar\u0131 oldu. Ulu \u00f6nd\u0259r Heyd\u0259r \u018fliyev t\u0259r\u0259find\u0259n m\u00f6hk\u0259ml\u0259ndiril\u0259n m\u00fcst\u0259qilliyimiz Az\u0259rbaycan Prezidenti, Ali Ba\u015f Komandan \u0130lham \u018fliyevin r\u0259hb\u0259rliyi alt\u0131nda \u0259b\u0259diyy\u0259t\u0259 \u00e7evrildi. Bu g\u00fcn biz \u0259n q\u00fcrurlu tariximizi ya\u015fay\u0131r, yarad\u0131r\u0131q. \u0130\u015f\u011faldan azad edil\u0259n torpaqlarla Az\u0259rbaycan b\u00fct\u00f6vl\u0259\u015fdi. \u00dc\u00e7r\u0259ngli bayra\u011f\u0131m\u0131z v\u0259t\u0259n torpa\u011f\u0131n\u0131n h\u0259r qar\u0131\u015f\u0131nda q\u00fcrurla dal\u011falan\u0131r. M\u00fcst\u0259qil Az\u0259rbaycan\u0131n Z\u0259f\u0259r salnam\u0259sini yaratm\u0131\u015f m\u00fcz\u0259ff\u0259r Ali Ba\u015f Komandan \u0130lham \u018fliyevin r\u0259hb\u0259rliyi alt\u0131nda d\u00f6vl\u0259timiz tarixin b\u00fct\u00fcn s\u0131naqlar\u0131ndan aln\u0131 a\u00e7\u0131q \u00e7\u0131xaraq i\u015f\u0131ql\u0131 g\u0259l\u0259c\u0259yini t\u0259min edib. Bu bax\u0131mdan 28 may tarixinin M\u00fcst\u0259qillik G\u00fcn\u00fc, 18 oktyabr tarixinin is\u0259 Xalq\u0131m\u0131z\u0131n M\u00fcst\u0259qilliyinin B\u0259rpas\u0131 G\u00fcn\u00fc kimi qeyd edilm\u0259si ke\u00e7mi\u015f\u0259 minn\u0259tdarl\u0131\u011f\u0131m\u0131z, g\u0259l\u0259c\u0259k qar\u015f\u0131s\u0131nda m\u0259suliyy\u0259timizdir&#8221;.<\/p>\n","protected":false},"excerpt":{"rendered":"<p>&#8220;Az\u0259rbaycan Prezidenti \u0130lham \u018fliyevin t\u0259qdimat\u0131 \u0259sas\u0131nda 28 may tarixinin M\u00fcst\u0259qillik G\u00fcn\u00fc, 18 oktyabr tarixinin is\u0259 xalq\u0131m\u0131z\u0131n M\u00fcst\u0259qilliyinin b\u0259rpas\u0131 g\u00fcn\u00fc kimi qeyd edilm\u0259si tarixi add\u0131md\u0131r. Bununla biz tarixi varidat\u0131m\u0131z\u0131n d\u00fczg\u00fcn d\u0259y\u0259rl\u0259ndirilm\u0259sinin n\u0259 q\u0259d\u0259r vacib oldu\u011funu ifad\u0259 etmi\u015f oluruq&#8221;. ARANTV.AZ S\u0130A-ya-a istinad\u0259n bildirir ki, bu s\u00f6zl\u0259ri\u00a0 a\u00e7\u0131qlamas\u0131nda deputat Sevil Mikay\u0131lova\u00a0deyib. Onun s\u00f6zl\u0259rin\u0259 g\u00f6r\u0259, 1918-ci il 28 may tarixind\u0259 Az\u0259rbaycan xalq\u0131 m\u00fcst\u0259qillik salnam\u0259sini yaratd\u0131: &#8220;\u0130lk d\u0259f\u0259 olaraq m\u00fcs\u0259lman \u015f\u0259rqind\u0259 demokratik qurulu\u015flu d\u00f6vl\u0259t elan olundu. O d\u00f6vrd\u0259 Az\u0259rbaycanda formala\u015fm\u0131\u015f demokratik d\u00fc\u015f\u00fcnc\u0259li ziyal\u0131 sinfi xalq\u0131 ir\u0259liy\u0259 apararaq tarixi k\u00f6kl\u0259r\u0259, q\u0259dim d\u00f6vl\u0259t\u00e7ilik \u0259n\u0259n\u0259l\u0259rin\u0259 \u0259saslanaraq yeni d\u0259y\u0259rl\u0259r&hellip;<\/p>\n","protected":false},"author":2,"featured_media":390274,"comment_status":"closed","ping_status":"closed","sticky":false,"template":"","format":"standard","meta":{"om_disable_all_campaigns":false,"_monsterinsights_skip_tracking":false,"_monsterinsights_sitenote_active":false,"_monsterinsights_sitenote_note":"","_monsterinsights_sitenote_category":0},"categories":[4],"tags":[],"aioseo_notices":[],"gutentor_comment":0,"rttpg_featured_image_url":{"full":["https:\/\/arantv.az\/wp-content\/uploads\/2021\/10\/987338.jpg",800,600,false],"landscape":["https:\/\/arantv.az\/wp-content\/uploads\/2021\/10\/987338.jpg",800,600,false],"portraits":["https:\/\/arantv.az\/wp-content\/uploads\/2021\/10\/987338.jpg",800,600,false],"thumbnail":["https:\/\/arantv.az\/wp-content\/uploads\/2021\/10\/987338-500x280.jpg",500,280,true],"medium":["https:\/\/arantv.az\/wp-content\/uploads\/2021\/10\/987338-487x365.jpg",487,365,true],"large":["https:\/\/arantv.az\/wp-content\/uploads\/2021\/10\/987338.jpg",640,480,false],"1536x1536":["https:\/\/arantv.az\/wp-content\/uploads\/2021\/10\/987338.jpg",800,600,false],"2048x2048":["https:\/\/arantv.az\/wp-content\/uploads\/2021\/10\/987338.jpg",800,600,false],"post-thumbnail":["https:\/\/arantv.az\/wp-content\/uploads\/2021\/10\/987338-240x172.jpg",240,172,true],"advps-thumb-one":["https:\/\/arantv.az\/wp-content\/uploads\/2021\/10\/987338.jpg",800,600,false]},"rttpg_author":{"display_name":"V\u00fcsal Rafiqo\u011flu","author_link":"https:\/\/arantv.az\/?author=2"},"rttpg_comment":0,"rttpg_category":"<a href=\"https:\/\/arantv.az\/?cat=4\" rel=\"category\">Siyas\u0259t<\/a>","rttpg_excerpt":"&#8220;Az\u0259rbaycan Prezidenti \u0130lham \u018fliyevin t\u0259qdimat\u0131 \u0259sas\u0131nda 28 may tarixinin M\u00fcst\u0259qillik G\u00fcn\u00fc, 18 oktyabr tarixinin is\u0259 xalq\u0131m\u0131z\u0131n M\u00fcst\u0259qilliyinin b\u0259rpas\u0131 g\u00fcn\u00fc kimi qeyd edilm\u0259si tarixi add\u0131md\u0131r. Bununla biz tarixi varidat\u0131m\u0131z\u0131n d\u00fczg\u00fcn d\u0259y\u0259rl\u0259ndirilm\u0259sinin n\u0259 q\u0259d\u0259r vacib oldu\u011funu ifad\u0259 etmi\u015f oluruq&#8221;. ARANTV.AZ S\u0130A-ya-a istinad\u0259n bildirir ki, bu s\u00f6zl\u0259ri\u00a0 a\u00e7\u0131qlamas\u0131nda deputat Sevil Mikay\u0131lova\u00a0deyib. Onun s\u00f6zl\u0259rin\u0259 g\u00f6r\u0259, 1918-ci il 28 may&hellip;","_links":{"self":[{"href":"https:\/\/arantv.az\/index.php?rest_route=\/wp\/v2\/posts\/390273"}],"collection":[{"href":"https:\/\/arantv.az\/index.php?rest_route=\/wp\/v2\/posts"}],"about":[{"href":"https:\/\/arantv.az\/index.php?rest_route=\/wp\/v2\/types\/post"}],"author":[{"embeddable":true,"href":"https:\/\/arantv.az\/index.php?rest_route=\/wp\/v2\/users\/2"}],"replies":[{"embeddable":true,"href":"https:\/\/arantv.az\/index.php?rest_route=%2Fwp%2Fv2%2Fcomments&post=390273"}],"version-history":[{"count":0,"href":"https:\/\/arantv.az\/index.php?rest_route=\/wp\/v2\/posts\/390273\/revisions"}],"wp:featuredmedia":[{"embeddable":true,"href":"https:\/\/arantv.az\/index.php?rest_route=\/wp\/v2\/media\/390274"}],"wp:attachment":[{"href":"https:\/\/arantv.az\/index.php?rest_route=%2Fwp%2Fv2%2Fmedia&parent=390273"}],"wp:term":[{"taxonomy":"category","embeddable":true,"href":"https:\/\/arantv.az\/index.php?rest_route=%2Fwp%2Fv2%2Fcategories&post=390273"},{"taxonomy":"post_tag","embeddable":true,"href":"https:\/\/arantv.az\/index.php?rest_route=%2Fwp%2Fv2%2Ftags&post=390273"}],"curies":[{"name":"wp","href":"https:\/\/api.w.org\/{rel}","templated":true}]}}