{"id":390279,"date":"2021-10-13T16:42:52","date_gmt":"2021-10-13T13:42:52","guid":{"rendered":"http:\/\/arantv.az\/?p=390279"},"modified":"2021-10-13T16:42:52","modified_gmt":"2021-10-13T13:42:52","slug":"ir%c9%99vanda-tehranin-%c9%99mrin%c9%99-munt%c9%99zir-m%c9%99murun-s%c9%99rs%c9%99m-b%c9%99yanati-iran-v%c9%99-erm%c9%99nistanin-terror-kecmisi","status":"publish","type":"post","link":"https:\/\/arantv.az\/?p=390279","title":{"rendered":"\u0130r\u0259vanda Tehran\u0131n \u0259mrin\u0259 \u201cm\u00fcnt\u0259zir\u201d m\u0259murun s\u0259rs\u0259m b\u0259yanat\u0131: \u0130ran v\u0259 Erm\u0259nistan\u0131n \u201cterror ke\u00e7mi\u015fi\u201d"},"content":{"rendered":"<p>\u0130ran v\u0259 Erm\u0259nistan aras\u0131nda art\u0131q uzun ill\u0259rdir m\u00fc\u015fahid\u0259 olunan qar\u015f\u0131l\u0131ql\u0131 \u201csevgi\u201d bir \u00e7ox hallarda regionumuz \u00fc\u00e7\u00fcn qeyri-sabitliy\u0259 z\u0259min olur, b\u00f6lg\u0259nin s\u00fclh v\u0259 \u0259min-amanl\u0131\u011f\u0131na t\u0259hdid yarad\u0131r.<\/p>\n<p>He\u00e7 \u015f\u00fcbh\u0259siz ki, bu ikili aras\u0131ndak\u0131 m\u00fcnasib\u0259ti sad\u0259c\u0259 \u201cd\u00f6vl\u0259tl\u0259raras\u0131 mehriban qon\u015fuluq\u201d adland\u0131rmaq \u0259n sad\u0259 \u015f\u0259kild\u0259 s\u0259hv olard\u0131. Bu m\u00fcnasib\u0259tl\u0259rin p\u0259rd\u0259arxas\u0131nda m\u0259krli planlar, m\u0259nfur d\u00fc\u015f\u00fcnc\u0259l\u0259r v\u0259 maraqlar dayan\u0131r.<\/p>\n<p>\u0130\u015f\u011fal\u00e7\u0131 Erm\u0259nistana verdiyi d\u0259st\u0259k azm\u0131\u015f kimi, i\u015f\u011fala son qoyulduqdan sonra is\u0259 bu qay\u011f\u0131 v\u0259 sevgini daha n\u00fcmayi\u015fkaran\u0259 \u015f\u0259kild\u0259 g\u00f6st\u0259rm\u0259k \u0130ran\u0131n Qafqazdak\u0131 gizli planlar\u0131n\u0131 da ortaya qoyur. Ortaya \u00e7\u0131xan m\u0259nz\u0259r\u0259 a\u015fkar \u015f\u0259kild\u0259 \u0130ran\u0131n b\u00f6lg\u0259d\u0259 s\u00fclh\u0259 maraql\u0131 olmad\u0131\u011f\u0131n\u0131, regionumuzdak\u0131 qar\u0131\u015f\u0131ql\u0131q v\u0259 g\u0259rginliyin birba\u015fa onun planlar\u0131nda oldu\u011funu g\u00f6st\u0259rir. Y\u0259ni, \u0130ran\u0131n maraqlar\u0131n\u0131 t\u0259min ed\u0259n m\u0259hz \u0259dav\u0259tin qorunub saxlan\u0131ld\u0131\u011f\u0131, etimad m\u00fchitinin olmad\u0131\u011f\u0131, dolay\u0131s\u0131 il\u0259 gizli v\u0259 qanunsuz \u0259m\u0259ll\u0259ri rahat \u015f\u0259kild\u0259 icra etm\u0259k \u00fc\u00e7\u00fcn m\u00fck\u0259mm\u0259l platforma ola bil\u0259c\u0259k \u201cxaos\u201dun h\u00f6km s\u00fcrd\u00fcy\u00fc bir Qafqazd\u0131r.<\/p>\n<div id=\"AdviadNativeVideo0\" class=\"AdviadNativeVideo\"><\/div>\n<p>\u0130ran\u0131n \u201cb\u00f6y\u00fckl\u00fck\u201d sindromu, regiona \u201ca\u011fal\u0131q\u201d etm\u0259k ist\u0259k v\u0259 planlar\u0131\u00a0Az\u0259rbaycan ba\u015fda olmaqla m\u00fcst\u0259qil siyas\u0259t y\u00fcr\u00fcd\u0259n v\u0259 \u00f6z maraqlar\u0131n\u0131 inamla m\u00fcdafi\u0259 ed\u0259n d\u00f6vl\u0259tl\u0259r t\u0259r\u0259find\u0259n iflasa u\u011frad\u0131l\u0131b. Ambisiyalar\u0131n\u0131n \u0259sirin\u0259 \u00e7evrilmi\u015f \u0130ran\u0131n \u0259lind\u0259 regionda \u00f6z t\u0259xribat xarakterli \u0259m\u0259ll\u0259rini dikt\u0259 ed\u0259 bil\u0259c\u0259yi birc\u0259 Erm\u0259nistan qal\u0131b.<\/p>\n<p>Odur ki, bu aciz v\u0259 \u00e7ar\u0259siz durum \u0130ran\u0131\u00a0\u00f6z\u00fc kimi regionumuzdak\u0131 sabitliy\u0259 t\u0259hdid olan Erm\u0259nistanla daha da yax\u0131nla\u015fd\u0131r\u0131b. T\u0259sad\u00fcfi deyil ki, Az\u0259rbaycan\u0131n 44 g\u00fcnl\u00fck m\u00fcharib\u0259 il\u0259\u00a0i\u015f\u011fala son qoymas\u0131ndan sonra r\u00fcsvay\u00e7\u0131 \u015f\u0259kild\u0259 m\u0259\u011flub olan Erm\u0259nistan\u0131n ortaya atd\u0131\u011f\u0131 terror\u00e7ularla ba\u011fl\u0131 iddia m\u0259hz el\u0259 \u0130ran t\u0259r\u0259finin dilind\u0259n s\u0259sl\u0259ndirilm\u0259y\u0259 ba\u015flay\u0131b.<\/p>\n<p>He\u00e7 bir \u0259sas\u0131 olmayan, fakta s\u00f6yk\u0259nm\u0259y\u0259n v\u0259 sad\u0259c\u0259 aciz Erm\u0259nistan d\u00f6vl\u0259tinin bir uydurmas\u0131 olan bu iddian\u0131 n\u00f6vb\u0259ti d\u0259f\u0259 \u0130ran\u0131n ba\u015f prokuroru M\u0259h\u0259mm\u0259d C\u0259f\u0259r M\u00fcnt\u0259zir s\u0259sl\u0259ndirib. O, \u0130r\u0259vana s\u0259f\u0259ri \u00e7\u0259r\u00e7iv\u0259sind\u0259 bildirib ki, s\u0259rh\u0259dl\u0259rind\u0259ki \u201cterror\u00e7ular \u0130ran v\u0259 Erm\u0259nistan \u00fc\u00e7\u00fcn q\u0259buledilm\u0259zdir\u201d.<\/p>\n<p>\u0130ranl\u0131 m\u0259murun a\u00e7\u0131qlamas\u0131n\u0131n v\u0259 s\u0259f\u0259rinin, bu t\u0259r\u0259fl\u0259r aras\u0131nda \u201csevgi\u201dnin \u0259sl mahiyy\u0259tini ortaya qoyan s\u00f6zl\u0259ri is\u0259 bunlar olub:<\/p>\n<p>\u201c\u0130ran v\u0259 Erm\u0259nistan aras\u0131nda diplomatik v\u0259 siyasi m\u00fcnasib\u0259tl\u0259r h\u0259mi\u015f\u0259 yax\u015f\u0131 olub. Ancaq regionda son ba\u015f ver\u0259nl\u0259r bizi bu \u0259laq\u0259l\u0259ri daha da inki\u015faf etdirm\u0259y\u0259 vadar edir\u201d.<\/p>\n<p>G\u00f6r\u00fcnd\u00fcy\u00fc kimi, iranl\u0131 nazir \u00f6z dili il\u0259 regiondak\u0131 sabitlik v\u0259 s\u00fclh\u00fcn b\u0259rq\u0259rar olmas\u0131 istiqam\u0259tind\u0259 at\u0131lan add\u0131mlar\u0131n q\u0259buledilm\u0259z oldu\u011funu vur\u011fulay\u0131r, \u00f6lk\u0259sinin buna \u0259ng\u0259l olmaq \u00fc\u00e7\u00fcn Erm\u0259nistanla daha da yax\u0131nla\u015fma\u011fa ba\u015flad\u0131\u011f\u0131n\u0131 riyakarcas\u0131na b\u0259yan edir.<\/p>\n<p>\u0130ranl\u0131 nazir utanmadan Erm\u0259nistanda oturub Az\u0259rbaycana terror\u00e7ularla ba\u011fl\u0131 b\u00f6htan at\u0131r, m\u0259nfur erm\u0259ni t\u0259bli\u011fat\u0131n\u0131n d\u0259yirman\u0131na su t\u00f6k\u00fcr. \u018fslind\u0259 is\u0259 h\u0259min d\u0259yirman\u0131 t\u0259kc\u0259 erm\u0259ni t\u0259bli\u011fat\u0131na aid etm\u0259k d\u0259 olmaz, h\u0259min m\u0259krli t\u0259bli\u011fat ma\u015f\u0131n\u0131n\u0131 haz\u0131rda Erm\u0259nistan-\u0130ran qarda\u015fl\u0131\u011f\u0131 birg\u0259 idar\u0259 edir.<\/p>\n<p>Riyakarcas\u0131na edilmi\u015f bu a\u00e7\u0131qlama v\u0259 buna uy\u011fun dig\u0259r b\u0259yanatlar is\u0259 reall\u0131\u011f\u0131 q\u0259tiyy\u0259n d\u0259yi\u015fmir. Regionumuzdak\u0131 terror t\u0259hdidinin m\u0259nb\u0259yi v\u0259 \u0259lalt\u0131lar\u0131 b\u00fct\u00fcn d\u00fcnyaya b\u0259llidir. \u018fg\u0259r \u0130ran\u0131n ba\u015f prokuroru v\u0259 onun \u015f\u0259xsind\u0259 Az\u0259rbaycana qar\u015f\u0131 b\u00f6htan kampaniyas\u0131na r\u0259vac ver\u0259n dig\u0259r iranl\u0131 v\u0259 erm\u0259ni m\u0259murlar, r\u0259smil\u0259r, siyas\u0259t\u00e7il\u0259r unudublarsa, onlara \u00f6zl\u0259rinin terrora isti m\u00fcnasib\u0259tl\u0259rini m\u0259mnuniyy\u0259tl\u0259 xat\u0131rlada bil\u0259rik.<\/p>\n<p>\u201cErm\u0259ni terrorizmi\u201d termini ilk d\u0259f\u0259 AB\u015e-da 1982-ci il avqust ay\u0131nda n\u0259\u015fr olunan AB\u015e D\u00f6vl\u0259t Departamentinin ayl\u0131q b\u00fclletenind\u0259 r\u0259sm\u0259n istifad\u0259 edilmi\u015fdir. Ancaq onun k\u00f6kl\u0259rinin daha q\u0259dim olmas\u0131 \u015f\u00fcbh\u0259 do\u011furmur. Erm\u0259nil\u0259r d\u00fcnya tarixin\u0259 t\u00f6r\u0259dilmi\u015f y\u00fczl\u0259rl\u0259 terror akt\u0131 v\u0259 a\u015fa\u011f\u0131dak\u0131 terror t\u0259\u015fkilatlar\u0131 il\u0259 d\u00fc\u015f\u00fcbl\u0259r:<\/p>\n<p>Armenakan, Sosial Demokrat Hn\u00e7ak Partiyas\u0131, Da\u015fnaks\u00fctyun, Erm\u0259ni soyq\u0131r\u0131m \u0259dal\u0259t komandoslar\u0131, Yeni erm\u0259ni m\u00fcqavim\u0259ti, ASALA, Erm\u0259ni gizli azadl\u0131q ordusu, Erm\u0259ni inqilab ordusu, Erm\u0259ni azadl\u0131q c\u0259bh\u0259si, Orli qrupu, \u0130ntihar\u00e7\u0131lar eskadronu, Erm\u0259ni birliyi, G\u0259nc erm\u0259nil\u0259r ittifaq\u0131, 9 iyun qrupu, Erm\u0259ni azadl\u0131q h\u0259r\u0259kat\u0131, Geqaron, Apostol, \u0130sve\u00e7r\u0259 qrupu, Demokratik c\u0259bh\u0259 v\u0259 bir \u00e7ox dig\u0259rl\u0259ri.<\/p>\n<p>Bu siyah\u0131n\u0131 daha da uzatmaq v\u0259 onlar\u0131n h\u0259r birinin f\u0259aliyy\u0259tin\u0259 \u00e7ox q\u0131sa n\u0259z\u0259r salsaq bel\u0259 bunun \u00fc\u00e7\u00fcn aylarla vaxt t\u0259l\u0259b olunard\u0131. T\u0259kc\u0259 erm\u0259nil\u0259rin t\u00fcrkiy\u0259li diplomatlara qar\u015f\u0131 b\u00fct\u00fcn d\u00fcnyada t\u00f6r\u0259tdikl\u0259ri terror aktlar\u0131, Az\u0259rbaycanda t\u00f6r\u0259dilmi\u015f insanl\u0131q \u0259leyhin\u0259 cinay\u0259tl\u0259ri v\u0259 son olaraq m\u00fcharib\u0259 d\u00f6vr\u00fcnd\u0259 bu \u00f6lk\u0259nin h\u0259rbi-siyasi r\u0259hb\u0259rliyinin c\u0259bh\u0259d\u0259n \u00e7ox uzaqlardak\u0131 dinc \u015f\u0259h\u0259rl\u0259rimiz\u0259 qar\u015f\u0131 t\u00f6r\u0259tdiyi terror h\u00fccumlar\u0131n\u0131 xat\u0131rlatmaqla kifay\u0259tl\u0259nirik.<\/p>\n<p>\u0130ndi is\u0259 dig\u0259r t\u0259r\u0259f\u0259 q\u0131sa xat\u0131rlatma ed\u0259k. \u0130ran d\u00f6vl\u0259ti r\u0259smi olaraq AB\u015e t\u0259r\u0259find\u0259n terroru maliyy\u0259l\u0259\u015fdir\u0259n \u00f6lk\u0259l\u0259r siyah\u0131s\u0131na sal\u0131n\u0131b. AB\u015e D\u00f6vl\u0259t Departamentinin \u201cQlobal terrorizmin formalar\u0131\u201d adl\u0131 hesabat\u0131nda qeyd olunur ki, 2003-c\u00fc ild\u0259 \u0130ran \u0130slam \u0130nqilab\u0131 Ke\u015fik\u00e7il\u0259ri Korpusu (SEPAH) il\u0259 \u0130ran\u0131n K\u0259\u015ffiyyat v\u0259 T\u0259hl\u00fck\u0259sizlik Nazirliyi bir \u00e7ox terror aktlar\u0131n\u0131n planla\u015fd\u0131r\u0131lmas\u0131 v\u0259 h\u0259yata ke\u00e7irilm\u0259sind\u0259 i\u015ftirak edib. H\u0259m\u00e7inin \u0130ran\u0131n \u201c\u018fl-Qaid\u0259\u201d terror\u00e7ular\u0131na s\u0131\u011f\u0131nacaq verm\u0259si d\u0259 vur\u011fulan\u0131b. Yeri g\u0259lmi\u015fk\u0259n SEPAH-\u0131n \u00f6z\u00fc d\u0259 AB\u015e t\u0259r\u0259find\u0259n r\u0259smi \u015f\u0259kild\u0259 terror qrupla\u015fmas\u0131 elan edilib. \u0130ran bu bax\u0131mdan da tarix\u0259 d\u00fc\u015f\u00fcb, \u00e7\u00fcnki hans\u0131sa d\u00f6vl\u0259tin ordusunun terror qrupla\u015fmas\u0131 elan edilm\u0259si bax\u0131m\u0131ndan bu hal tarixd\u0259 birinci olub.<\/p>\n<p>H\u0259r iki d\u00f6vl\u0259tin \u201cterror\u201d ke\u00e7mi\u015fi \u201cparlaq\u201dd\u0131r. Erm\u0259nistan d\u00f6vl\u0259ti h\u0259l\u0259 d\u0259 gizli yollarla ASALA terror\u00e7ular\u0131n\u0131 himay\u0259 edir, Suriya v\u0259 Livan terror\u00e7ular\u0131 il\u0259\u00a0geni\u015f \u0259laq\u0259l\u0259r saxlay\u0131r, h\u0259tta onlardan 44 g\u00fcnl\u00fck m\u00fcharib\u0259 zaman\u0131 da istifad\u0259 edib. \u0130ran is\u0259 bu g\u00fcn Yax\u0131n \u015e\u0259rqd\u0259 radikal terror qrupla\u015fmalar\u0131n\u0131n \u0259sas himay\u0259dar\u0131 v\u0259 t\u0259dar\u00fck\u00e7\u00fcs\u00fc hesab olunur.<\/p>\n<p>Q\u0131saca des\u0259k, regionumuzda v\u0259 h\u0259tta onun h\u00fcdudlar\u0131ndan k\u0259narda bel\u0259 xaos v\u0259 qar\u015f\u0131durmalar\u0131n, t\u0259xribatlar\u0131n alt\u0131nda \u00e7ox zaman bu iki t\u0259r\u0259fd\u0259n biri v\u0259 ya eyni anda h\u0259r ikisi \u00e7\u0131xa bilir.<\/p>\n<p>Bel\u0259 olan halda is\u0259 ist\u0259r Erm\u0259nistan\u0131n, ist\u0259rs\u0259 d\u0259 \u0130ran\u0131n Az\u0259rbaycana terror vasit\u0259sil\u0259 qara yaxmaq c\u0259hdl\u0259ri t\u0259kc\u0259 bizim \u00fc\u00e7\u00fcn deyil, eyni zamanda beyn\u0259lxalq ictimaiyy\u0259t \u00fc\u00e7\u00fcn g\u00fcl\u00fcnc bir v\u0259ziyy\u0259t\u0259 \u00e7evrilir.<\/p>\n<p>Terrorun d\u0259st\u0259k\u00e7il\u0259rinin \u0259l-\u0259l\u0259 verib terrordan \u0259ziyy\u0259t \u00e7\u0259k\u0259n, ona qar\u015f\u0131 daim m\u00fcbariz\u0259 aparm\u0131\u015f Az\u0259rbaycana qar\u015f\u0131 b\u00f6htan atmas\u0131 is\u0259 art\u0131q erm\u0259ni riyakarl\u0131\u011f\u0131n\u0131n h\u00fcdudlar\u0131n\u0131 a\u015fan m\u0259s\u0259l\u0259dir. Art\u0131q bu riyakarl\u0131\u011f\u0131n ad\u0131\u00a0\u201cErm\u0259nistan-\u0130ran\u201d olaraq d\u0259yi\u015fdirilm\u0259lidir. Onlar\u0131 bu add\u0131m s\u00f6vq ed\u0259n is\u0259 h\u0259r iki d\u00f6vl\u0259tin ac\u0131nacaql\u0131 durumda olmas\u0131 v\u0259 b\u00fct\u00fcn d\u00fcnya qar\u015f\u0131s\u0131nda i\u00e7 \u00fczl\u0259rinin if\u015fa olunmas\u0131d\u0131r&#8230;<\/p>\n<p>\u0130ranl\u0131 nazir, Tehranda verilmi\u015f \u0259mrl\u0259r\u0259 \u201cm\u00fcnt\u0259zir\u201ddir, bu, ayd\u0131nd\u0131r. Ancaq onun s\u00f6yl\u0259dikl\u0259rind\u0259 yegan\u0259 bir h\u0259qiq\u0259t var. S\u0259rh\u0259dl\u0259r yax\u0131nl\u0131\u011f\u0131nda terror\u00e7ular m\u00f6vcuddur, ancaq q\u0259tiyy\u0259n Az\u0259rbaycan s\u0259rh\u0259dl\u0259ri daxilind\u0259 deyill\u0259r&#8230;<\/p>\n","protected":false},"excerpt":{"rendered":"<p>\u0130ran v\u0259 Erm\u0259nistan aras\u0131nda art\u0131q uzun ill\u0259rdir m\u00fc\u015fahid\u0259 olunan qar\u015f\u0131l\u0131ql\u0131 \u201csevgi\u201d bir \u00e7ox hallarda regionumuz \u00fc\u00e7\u00fcn qeyri-sabitliy\u0259 z\u0259min olur, b\u00f6lg\u0259nin s\u00fclh v\u0259 \u0259min-amanl\u0131\u011f\u0131na t\u0259hdid yarad\u0131r. He\u00e7 \u015f\u00fcbh\u0259siz ki, bu ikili aras\u0131ndak\u0131 m\u00fcnasib\u0259ti sad\u0259c\u0259 \u201cd\u00f6vl\u0259tl\u0259raras\u0131 mehriban qon\u015fuluq\u201d adland\u0131rmaq \u0259n sad\u0259 \u015f\u0259kild\u0259 s\u0259hv olard\u0131. Bu m\u00fcnasib\u0259tl\u0259rin p\u0259rd\u0259arxas\u0131nda m\u0259krli planlar, m\u0259nfur d\u00fc\u015f\u00fcnc\u0259l\u0259r v\u0259 maraqlar dayan\u0131r. \u0130\u015f\u011fal\u00e7\u0131 Erm\u0259nistana verdiyi d\u0259st\u0259k azm\u0131\u015f kimi, i\u015f\u011fala son qoyulduqdan sonra is\u0259 bu qay\u011f\u0131 v\u0259 sevgini daha n\u00fcmayi\u015fkaran\u0259 \u015f\u0259kild\u0259 g\u00f6st\u0259rm\u0259k \u0130ran\u0131n Qafqazdak\u0131 gizli planlar\u0131n\u0131 da ortaya qoyur. Ortaya \u00e7\u0131xan m\u0259nz\u0259r\u0259 a\u015fkar \u015f\u0259kild\u0259 \u0130ran\u0131n b\u00f6lg\u0259d\u0259 s\u00fclh\u0259 maraql\u0131 olmad\u0131\u011f\u0131n\u0131, regionumuzdak\u0131 qar\u0131\u015f\u0131ql\u0131q&hellip;<\/p>\n","protected":false},"author":2,"featured_media":390280,"comment_status":"closed","ping_status":"closed","sticky":false,"template":"","format":"standard","meta":{"om_disable_all_campaigns":false,"_monsterinsights_skip_tracking":false,"_monsterinsights_sitenote_active":false,"_monsterinsights_sitenote_note":"","_monsterinsights_sitenote_category":0},"categories":[4],"tags":[],"aioseo_notices":[],"gutentor_comment":0,"rttpg_featured_image_url":{"full":["https:\/\/arantv.az\/wp-content\/uploads\/2021\/10\/FotoJet-94.jpg",620,413,false],"landscape":["https:\/\/arantv.az\/wp-content\/uploads\/2021\/10\/FotoJet-94.jpg",620,413,false],"portraits":["https:\/\/arantv.az\/wp-content\/uploads\/2021\/10\/FotoJet-94.jpg",620,413,false],"thumbnail":["https:\/\/arantv.az\/wp-content\/uploads\/2021\/10\/FotoJet-94-500x280.jpg",500,280,true],"medium":["https:\/\/arantv.az\/wp-content\/uploads\/2021\/10\/FotoJet-94-548x365.jpg",548,365,true],"large":["https:\/\/arantv.az\/wp-content\/uploads\/2021\/10\/FotoJet-94.jpg",620,413,false],"1536x1536":["https:\/\/arantv.az\/wp-content\/uploads\/2021\/10\/FotoJet-94.jpg",620,413,false],"2048x2048":["https:\/\/arantv.az\/wp-content\/uploads\/2021\/10\/FotoJet-94.jpg",620,413,false],"post-thumbnail":["https:\/\/arantv.az\/wp-content\/uploads\/2021\/10\/FotoJet-94-240x172.jpg",240,172,true],"advps-thumb-one":["https:\/\/arantv.az\/wp-content\/uploads\/2021\/10\/FotoJet-94.jpg",620,413,false]},"rttpg_author":{"display_name":"V\u00fcsal Rafiqo\u011flu","author_link":"https:\/\/arantv.az\/?author=2"},"rttpg_comment":0,"rttpg_category":"<a href=\"https:\/\/arantv.az\/?cat=4\" rel=\"category\">Siyas\u0259t<\/a>","rttpg_excerpt":"\u0130ran v\u0259 Erm\u0259nistan aras\u0131nda art\u0131q uzun ill\u0259rdir m\u00fc\u015fahid\u0259 olunan qar\u015f\u0131l\u0131ql\u0131 \u201csevgi\u201d bir \u00e7ox hallarda regionumuz \u00fc\u00e7\u00fcn qeyri-sabitliy\u0259 z\u0259min olur, b\u00f6lg\u0259nin s\u00fclh v\u0259 \u0259min-amanl\u0131\u011f\u0131na t\u0259hdid yarad\u0131r. He\u00e7 \u015f\u00fcbh\u0259siz ki, bu ikili aras\u0131ndak\u0131 m\u00fcnasib\u0259ti sad\u0259c\u0259 \u201cd\u00f6vl\u0259tl\u0259raras\u0131 mehriban qon\u015fuluq\u201d adland\u0131rmaq \u0259n sad\u0259 \u015f\u0259kild\u0259 s\u0259hv olard\u0131. Bu m\u00fcnasib\u0259tl\u0259rin p\u0259rd\u0259arxas\u0131nda m\u0259krli planlar, m\u0259nfur d\u00fc\u015f\u00fcnc\u0259l\u0259r v\u0259 maraqlar dayan\u0131r. \u0130\u015f\u011fal\u00e7\u0131 Erm\u0259nistana verdiyi&hellip;","_links":{"self":[{"href":"https:\/\/arantv.az\/index.php?rest_route=\/wp\/v2\/posts\/390279"}],"collection":[{"href":"https:\/\/arantv.az\/index.php?rest_route=\/wp\/v2\/posts"}],"about":[{"href":"https:\/\/arantv.az\/index.php?rest_route=\/wp\/v2\/types\/post"}],"author":[{"embeddable":true,"href":"https:\/\/arantv.az\/index.php?rest_route=\/wp\/v2\/users\/2"}],"replies":[{"embeddable":true,"href":"https:\/\/arantv.az\/index.php?rest_route=%2Fwp%2Fv2%2Fcomments&post=390279"}],"version-history":[{"count":0,"href":"https:\/\/arantv.az\/index.php?rest_route=\/wp\/v2\/posts\/390279\/revisions"}],"wp:featuredmedia":[{"embeddable":true,"href":"https:\/\/arantv.az\/index.php?rest_route=\/wp\/v2\/media\/390280"}],"wp:attachment":[{"href":"https:\/\/arantv.az\/index.php?rest_route=%2Fwp%2Fv2%2Fmedia&parent=390279"}],"wp:term":[{"taxonomy":"category","embeddable":true,"href":"https:\/\/arantv.az\/index.php?rest_route=%2Fwp%2Fv2%2Fcategories&post=390279"},{"taxonomy":"post_tag","embeddable":true,"href":"https:\/\/arantv.az\/index.php?rest_route=%2Fwp%2Fv2%2Ftags&post=390279"}],"curies":[{"name":"wp","href":"https:\/\/api.w.org\/{rel}","templated":true}]}}