{"id":390283,"date":"2021-10-13T18:56:23","date_gmt":"2021-10-13T15:56:23","guid":{"rendered":"http:\/\/arantv.az\/?p=390283"},"modified":"2021-10-13T18:56:23","modified_gmt":"2021-10-13T15:56:23","slug":"itkin-dus%c9%99n-daha-bir-h%c9%99rbcimizin-n%c9%99si-tapilib","status":"publish","type":"post","link":"https:\/\/arantv.az\/?p=390283","title":{"rendered":"\u0130tkin d\u00fc\u015f\u0259n daha bir h\u0259rb\u00e7imizin n\u0259\u015fi tap\u0131l\u0131b"},"content":{"rendered":"<p>V\u0259t\u0259n m\u00fcharib\u0259sind\u0259 itkin d\u00fc\u015f\u0259n v\u0259 axtar\u0131\u015flar\u0131 davam ed\u0259n 7 h\u0259rb\u00e7id\u0259n biri &#8211; \u018fliyev \u0130xtiyar \u0130lqar o\u011flunun n\u0259\u015fi tap\u0131l\u0131b.<\/p>\n<p><strong>ARANTV.AZ x\u0259b\u0259r verir ki,<\/strong>\u00a0bu bar\u0259d\u0259\u00a0APA-ya \u015f\u0259hidin qarda\u015f\u0131 V\u00fcqar \u018fliyev m\u0259lumat verib. O bildirib ki, \u015f\u0259hid \u0130xtiyar \u018fliyev sabah Goranboy rayonunun Goranl\u0131 k\u0259ndind\u0259 d\u0259fn olunacaq.<\/p>\n<p>Xat\u0131rladaq ki, bir m\u00fcdd\u0259t \u0259vv\u0259l Az\u0259rbaycan Respublikas\u0131n\u0131n Ba\u015f Prokuroru Kamran \u018fliyev V\u0259t\u0259n m\u00fcharib\u0259si zaman\u0131 itkin d\u00fc\u015f\u0259n 7 h\u0259rb\u00e7id\u0259n birinin n\u0259\u015finin tap\u0131lmas\u0131 v\u0259 h\u0259min \u015f\u0259xsin kimliyinin m\u00fc\u0259yy\u0259n edilm\u0259si \u00fc\u00e7\u00fcn ekspertiza apar\u0131ld\u0131\u011f\u0131n\u0131 bildirmi\u015fdi.<\/p>\n<p>Daha sonra n\u0259\u015fi tap\u0131lan h\u0259rb\u00e7inin gizir \u0130xtiyar \u018fliyev olmas\u0131 bar\u0259d\u0259 m\u0259lumatlar yay\u0131lsa da, ail\u0259si bunu t\u0259sdiq etm\u0259y\u0259r\u0259k ikinci d\u0259f\u0259 DNT analizl\u0259ri verildiyini a\u00e7\u0131qlam\u0131\u015fd\u0131.<\/p>\n<p>\u018flav\u0259 DNT analizl\u0259ri n\u0259tic\u0259sind\u0259 n\u0259\u015fi tap\u0131lan h\u0259rb\u00e7inin gizir \u0130xtiyar \u018fliyev oldu\u011fu t\u0259sdiql\u0259nib.<\/p>\n<p>Qeyd ed\u0259k ki, gizir \u0130xtiyar \u018fliyev V\u0259t\u0259n m\u00fcharib\u0259si zaman\u0131, oktyabr\u0131n 6-da A\u011fd\u0259r\u0259 istiqam\u0259tind\u0259 ged\u0259n d\u00f6y\u00fc\u015fl\u0259rd\u0259 \u015f\u0259hid olub.<\/p>\n<p>Allah r\u0259hm\u0259t el\u0259sin!<\/p>\n","protected":false},"excerpt":{"rendered":"<p>V\u0259t\u0259n m\u00fcharib\u0259sind\u0259 itkin d\u00fc\u015f\u0259n v\u0259 axtar\u0131\u015flar\u0131 davam ed\u0259n 7 h\u0259rb\u00e7id\u0259n biri &#8211; \u018fliyev \u0130xtiyar \u0130lqar o\u011flunun n\u0259\u015fi tap\u0131l\u0131b. ARANTV.AZ x\u0259b\u0259r verir ki,\u00a0bu bar\u0259d\u0259\u00a0APA-ya \u015f\u0259hidin qarda\u015f\u0131 V\u00fcqar \u018fliyev m\u0259lumat verib. O bildirib ki, \u015f\u0259hid \u0130xtiyar \u018fliyev sabah Goranboy rayonunun Goranl\u0131 k\u0259ndind\u0259 d\u0259fn olunacaq. Xat\u0131rladaq ki, bir m\u00fcdd\u0259t \u0259vv\u0259l Az\u0259rbaycan Respublikas\u0131n\u0131n Ba\u015f Prokuroru Kamran \u018fliyev V\u0259t\u0259n m\u00fcharib\u0259si zaman\u0131 itkin d\u00fc\u015f\u0259n 7 h\u0259rb\u00e7id\u0259n birinin n\u0259\u015finin tap\u0131lmas\u0131 v\u0259 h\u0259min \u015f\u0259xsin kimliyinin m\u00fc\u0259yy\u0259n edilm\u0259si \u00fc\u00e7\u00fcn ekspertiza apar\u0131ld\u0131\u011f\u0131n\u0131 bildirmi\u015fdi. Daha sonra n\u0259\u015fi tap\u0131lan h\u0259rb\u00e7inin gizir \u0130xtiyar \u018fliyev olmas\u0131 bar\u0259d\u0259 m\u0259lumatlar yay\u0131lsa da, ail\u0259si bunu t\u0259sdiq etm\u0259y\u0259r\u0259k&hellip;<\/p>\n","protected":false},"author":2,"featured_media":390284,"comment_status":"closed","ping_status":"closed","sticky":false,"template":"","format":"standard","meta":{"om_disable_all_campaigns":false,"_monsterinsights_skip_tracking":false,"_monsterinsights_sitenote_active":false,"_monsterinsights_sitenote_note":"","_monsterinsights_sitenote_category":0},"categories":[10],"tags":[],"aioseo_notices":[],"gutentor_comment":0,"rttpg_featured_image_url":{"full":["https:\/\/arantv.az\/wp-content\/uploads\/2021\/10\/e7d161ac163413699169492762310515861.png",975,540,false],"landscape":["https:\/\/arantv.az\/wp-content\/uploads\/2021\/10\/e7d161ac163413699169492762310515861.png",975,540,false],"portraits":["https:\/\/arantv.az\/wp-content\/uploads\/2021\/10\/e7d161ac163413699169492762310515861.png",975,540,false],"thumbnail":["https:\/\/arantv.az\/wp-content\/uploads\/2021\/10\/e7d161ac163413699169492762310515861-500x280.png",500,280,true],"medium":["https:\/\/arantv.az\/wp-content\/uploads\/2021\/10\/e7d161ac163413699169492762310515861-660x365.png",660,365,true],"large":["https:\/\/arantv.az\/wp-content\/uploads\/2021\/10\/e7d161ac163413699169492762310515861-840x465.png",640,354,true],"1536x1536":["https:\/\/arantv.az\/wp-content\/uploads\/2021\/10\/e7d161ac163413699169492762310515861.png",975,540,false],"2048x2048":["https:\/\/arantv.az\/wp-content\/uploads\/2021\/10\/e7d161ac163413699169492762310515861.png",975,540,false],"post-thumbnail":["https:\/\/arantv.az\/wp-content\/uploads\/2021\/10\/e7d161ac163413699169492762310515861-240x172.png",240,172,true],"advps-thumb-one":["https:\/\/arantv.az\/wp-content\/uploads\/2021\/10\/e7d161ac163413699169492762310515861.png",975,540,false]},"rttpg_author":{"display_name":"V\u00fcsal Rafiqo\u011flu","author_link":"https:\/\/arantv.az\/?author=2"},"rttpg_comment":0,"rttpg_category":"<a href=\"https:\/\/arantv.az\/?cat=10\" rel=\"category\">C\u0259bh\u0259d\u0259n X\u0259b\u0259r<\/a>","rttpg_excerpt":"V\u0259t\u0259n m\u00fcharib\u0259sind\u0259 itkin d\u00fc\u015f\u0259n v\u0259 axtar\u0131\u015flar\u0131 davam ed\u0259n 7 h\u0259rb\u00e7id\u0259n biri &#8211; \u018fliyev \u0130xtiyar \u0130lqar o\u011flunun n\u0259\u015fi tap\u0131l\u0131b. ARANTV.AZ x\u0259b\u0259r verir ki,\u00a0bu bar\u0259d\u0259\u00a0APA-ya \u015f\u0259hidin qarda\u015f\u0131 V\u00fcqar \u018fliyev m\u0259lumat verib. O bildirib ki, \u015f\u0259hid \u0130xtiyar \u018fliyev sabah Goranboy rayonunun Goranl\u0131 k\u0259ndind\u0259 d\u0259fn olunacaq. Xat\u0131rladaq ki, bir m\u00fcdd\u0259t \u0259vv\u0259l Az\u0259rbaycan Respublikas\u0131n\u0131n Ba\u015f Prokuroru Kamran \u018fliyev V\u0259t\u0259n m\u00fcharib\u0259si&hellip;","_links":{"self":[{"href":"https:\/\/arantv.az\/index.php?rest_route=\/wp\/v2\/posts\/390283"}],"collection":[{"href":"https:\/\/arantv.az\/index.php?rest_route=\/wp\/v2\/posts"}],"about":[{"href":"https:\/\/arantv.az\/index.php?rest_route=\/wp\/v2\/types\/post"}],"author":[{"embeddable":true,"href":"https:\/\/arantv.az\/index.php?rest_route=\/wp\/v2\/users\/2"}],"replies":[{"embeddable":true,"href":"https:\/\/arantv.az\/index.php?rest_route=%2Fwp%2Fv2%2Fcomments&post=390283"}],"version-history":[{"count":0,"href":"https:\/\/arantv.az\/index.php?rest_route=\/wp\/v2\/posts\/390283\/revisions"}],"wp:featuredmedia":[{"embeddable":true,"href":"https:\/\/arantv.az\/index.php?rest_route=\/wp\/v2\/media\/390284"}],"wp:attachment":[{"href":"https:\/\/arantv.az\/index.php?rest_route=%2Fwp%2Fv2%2Fmedia&parent=390283"}],"wp:term":[{"taxonomy":"category","embeddable":true,"href":"https:\/\/arantv.az\/index.php?rest_route=%2Fwp%2Fv2%2Fcategories&post=390283"},{"taxonomy":"post_tag","embeddable":true,"href":"https:\/\/arantv.az\/index.php?rest_route=%2Fwp%2Fv2%2Ftags&post=390283"}],"curies":[{"name":"wp","href":"https:\/\/api.w.org\/{rel}","templated":true}]}}