{"id":390286,"date":"2021-10-13T18:57:09","date_gmt":"2021-10-13T15:57:09","guid":{"rendered":"http:\/\/arantv.az\/?p=390286"},"modified":"2021-10-13T18:57:09","modified_gmt":"2021-10-13T15:57:09","slug":"avropanin-az%c9%99rbaycana-artan-maragi-prezidentin-verdiyi-on%c9%99mli-mesajlar-t%c9%99hlil","status":"publish","type":"post","link":"https:\/\/arantv.az\/?p=390286","title":{"rendered":"Avropan\u0131n Az\u0259rbaycana artan mara\u011f\u0131: Prezidentin verdiyi \u00f6n\u0259mli mesajlar \u2013 T\u018fHL\u0130L"},"content":{"rendered":"<p>Az\u0259rbaycan Respublikas\u0131n\u0131n Prezidenti \u0130lham \u018fliyev oktyabr\u0131n 7-d\u0259 n\u00f6vb\u0259ti d\u0259f\u0259 Q\u0259rb m\u0259tbuat\u0131n\u0131 (\u0130taliyan\u0131n \u201cLa Repubblica\u201d q\u0259zetin\u0259 m\u00fcsahib\u0259si) maraqland\u0131ran suallar\u0131 cavabland\u0131r\u0131b.<\/p>\n<p>D\u00f6vl\u0259t ba\u015f\u00e7\u0131s\u0131 s\u0259sl\u0259ndirdiyi fikirl\u0259rd\u0259 n\u00f6vb\u0259ti d\u0259f\u0259 Az\u0259rbaycan d\u00f6vl\u0259tinin v\u0259 xalq\u0131n\u0131n maraqlar\u0131n\u0131 m\u00fcdafi\u0259 edib, \u00f6lk\u0259miz\u0259 qar\u015f\u0131 apar\u0131lan kampaniyalara qar\u015f\u0131 m\u00fcbariz\u0259sini ortaya qoyub, eyni zamanda Az\u0259rbaycan\u0131n postm\u00fcharib\u0259 d\u00f6vr\u00fcnd\u0259 r\u0259hb\u0259r tutaca\u011f\u0131 yolun konturlar\u0131n\u0131 t\u0259svir edib.<\/p>\n<p>\u00c7\u0131x\u0131\u015f\u0131nda m\u00fcharib\u0259d\u0259n sonra i\u015f\u011faldan azad edilmi\u015f \u0259razil\u0259rin b\u0259rpas\u0131 v\u0259 yenid\u0259nqurulmas\u0131 m\u0259s\u0259l\u0259sin\u0259 x\u00fcsusi diqq\u0259t \u00e7\u0259k\u0259n d\u00f6vl\u0259t ba\u015f\u00e7\u0131s\u0131 \u0130taliyan\u0131n bu i\u015fd\u0259 Az\u0259rbaycanla s\u0131x \u0259m\u0259kda\u015fl\u0131\u011f\u0131ndan b\u0259hs edib.<\/p>\n<div id=\"AdviadNativeVideo0\" class=\"AdviadNativeVideo\"><\/div>\n<p>Qeyd ed\u0259 bil\u0259rik ki, Az\u0259rbaycan-\u0130taliya m\u00fcnasib\u0259tl\u0259ri d\u00f6vl\u0259t ba\u015f\u00e7\u0131s\u0131n\u0131n uzaqg\u00f6r\u0259n siyas\u0259ti v\u0259 f\u0259aliyy\u0259ti say\u0259sind\u0259 x\u00fcsus\u0259n son d\u00f6vrl\u0259rd\u0259 h\u0259r zaman y\u00fcks\u0259l\u0259n x\u0259tl\u0259 inki\u015faf edib. Az\u0259rbaycan xalq\u0131 m\u00fcnasib\u0259tl\u0259rd\u0259ki bu yax\u0131nl\u0131\u011f\u0131n bariz n\u00fcmun\u0259sini V\u0259t\u0259n m\u00fcharib\u0259si g\u00fcnl\u0259rind\u0259 d\u0259 \u0130taliyan\u0131n Az\u0259rbaycan\u0131n yan\u0131nda olmas\u0131 fonunda daha ayd\u0131n m\u00fc\u015fahid\u0259 ed\u0259 bilib. M\u0259hz bu yax\u0131nl\u0131q v\u0259 d\u0259st\u0259k i\u015f\u011faldan azad edil\u0259n torpaqlar\u0131n b\u0259rpas\u0131 prosesind\u0259 d\u0259 \u0130taliyan\u0131n x\u00fcsusi \u00e7\u0259kisini art\u0131r\u0131b. El\u0259 d\u00f6vl\u0259t ba\u015f\u00e7\u0131s\u0131 da bu prosesd\u0259 \u0130taliyan\u0131n yax\u0131ndan i\u015ftirak\u0131n\u0131n t\u0259sad\u00fcf olmad\u0131\u011f\u0131n\u0131 bu s\u00f6zl\u0259ri il\u0259 ifad\u0259 edib:<\/p>\n<p>\u201c\u0130taliya bu i\u015fl\u0259r\u0259 c\u0259lb edil\u0259n ilk \u00f6lk\u0259l\u0259rd\u0259ndir. \u0130lk \u00f6lk\u0259 T\u00fcrkiy\u0259dir, ikincisi is\u0259 \u0130taliyad\u0131r. Bu, t\u0259sad\u00fcfi deyil. Bu, bizim se\u00e7imimiz idi. M\u0259n demi\u015fdim ki, biz B\u00f6y\u00fck Qay\u0131d\u0131\u015fla ba\u011fl\u0131 yenid\u0259nqurma layih\u0259l\u0259rin\u0259 yaln\u0131z dost \u00f6lk\u0259l\u0259rd\u0259n olan \u015firk\u0259tl\u0259ri d\u0259v\u0259t ed\u0259c\u0259yik\u201d.<\/p>\n<p>B\u0259li, bu, Az\u0259rbaycan d\u00f6vl\u0259tinin haql\u0131 se\u00e7iml\u0259rind\u0259n biri idi, \u00e7\u00fcnki Az\u0259rbaycan d\u00f6vl\u0259ti m\u00fcst\u0259qil siyas\u0259t y\u00fcr\u00fctm\u0259kl\u0259 \u00f6z dostlar\u0131n\u0131, m\u00fctt\u0259fiql\u0259rini, t\u0259r\u0259fda\u015flar\u0131n\u0131 se\u00e7m\u0259kd\u0259 s\u0259rb\u0259stdir. Bu se\u00e7im zaman\u0131 is\u0259 ikit\u0259r\u0259fli m\u00fcnasib\u0259tl\u0259r v\u0259 formala\u015fm\u0131\u015f qar\u015f\u0131l\u0131ql\u0131 etimad m\u00fchiti \u0259sas g\u00f6t\u00fcr\u00fcl\u00fcb. \u0130lham \u018fliyevin liderliyi d\u00f6vr\u00fcnd\u0259 is\u0259 \u0130taliya h\u0259r zaman m\u0259hz qar\u015f\u0131l\u0131ql\u0131 etimad v\u0259 d\u0259st\u0259yin g\u00fccl\u00fc oldu\u011fu d\u00f6vl\u0259tl\u0259rd\u0259n biri kimi qar\u015f\u0131m\u0131za \u00e7\u0131x\u0131b.<\/p>\n<p>Prezidentin m\u00fcsahib\u0259si zaman\u0131 diqq\u0259t yetirdiyi dig\u0259r bir m\u0259qam i\u015f\u011faldan azad edilmi\u015f \u0259razil\u0259rd\u0259 geni\u015fmiqyasl\u0131 v\u0259 s\u00fcr\u0259tli b\u0259rpa v\u0259 yenid\u0259nqurma i\u015fl\u0259ri olub. Az\u0259rbaycan d\u00f6vl\u0259ti m\u00fcharib\u0259 ba\u015fa \u00e7atd\u0131\u011f\u0131 andan etibar\u0259n \u201cB\u00f6y\u00fck qay\u0131d\u0131\u015f\u201d\u0131n sa\u011flam t\u0259m\u0259ll\u0259rini atma\u011fa ba\u015flay\u0131b.<\/p>\n<p>Bu istiqam\u0259td\u0259 yol-n\u0259qliyyat, enerji t\u0259chizat\u0131 v\u0259 bir \u00e7ox infrastruktur layih\u0259l\u0259rinin h\u0259yata ke\u00e7irilm\u0259si n\u0259z\u0259rd\u0259 tutulub, bunlardan bir qisminin icras\u0131na art\u0131q ba\u015flan\u0131l\u0131b.<\/p>\n<p>Az\u0259rbaycan d\u00f6vl\u0259ti m\u00fcharib\u0259d\u0259n sonrak\u0131 d\u00f6vrd\u0259 h\u0259m\u00e7inin v\u0259t\u0259nda\u015flar\u0131n\u0131n ill\u0259rdir h\u0259sr\u0259t qald\u0131qlar\u0131 \u00f6z do\u011fma yurd-yuvalar\u0131na \u0259n q\u0131sa zamanda qay\u0131tmas\u0131n\u0131 prioritet v\u0259zif\u0259 kimi qoyub. He\u00e7 \u015f\u00fcbh\u0259siz ki, b\u00fct\u00fcn bu i\u015fl\u0259rin icras\u0131 \u00fc\u00e7\u00fcn b\u00f6y\u00fck resurs v\u0259 s\u0259rmay\u0259 t\u0259l\u0259b olunur. Lakin m\u00fcharib\u0259n qalib \u00e7\u0131xan, \u00f6z parlaq z\u0259f\u0259ri il\u0259 d\u00fcnyada ad\u0131ndan b\u0259hs etdir\u0259n Az\u0259rbaycan d\u00f6vl\u0259tinin q\u00fcdr\u0259ti d\u0259 sad\u0259c\u0259 h\u0259rb sah\u0259sind\u0259 \u00f6n plana \u00e7\u0131xm\u0131r. \u0130lham \u018fliyevin \u00e7oxsayl\u0131 \u00e7\u0131x\u0131\u015flar\u0131nda da qeyd etdiyi kimi d\u00f6vl\u0259timiz bu i\u015fl\u0259ri layiqinc\u0259 yerin\u0259 yetirm\u0259k \u00fc\u00e7\u00fcn kifay\u0259t q\u0259d\u0259r b\u00f6y\u00fck iqtisadi resurslara sahibdir. B\u00fct\u00fcn bunlar is\u0259 Az\u0259rbaycanda uzun ill\u0259rdir y\u00fcr\u00fcd\u00fcl\u0259n uzaqg\u00f6r\u0259n siyas\u0259tin v\u0259 apar\u0131lan islahatlar\u0131n, \u00f6lk\u0259d\u0259ki quruculuq i\u015fl\u0259rinin m\u0259ntiqi n\u0259tic\u0259si olaraq bu g\u00fcn qar\u015f\u0131m\u0131za \u00e7\u0131x\u0131r.<\/p>\n<p>\u0130qtisadi q\u00fcdr\u0259ti g\u00fcnd\u0259n-g\u00fcn\u0259 artan Az\u0259rbaycan d\u00f6vl\u0259ti azad edilmi\u015f \u0259razil\u0259rl\u0259 ba\u011fl\u0131 x\u00fcsusi investisiya proqram\u0131 q\u0259bul edib. Bu istiqam\u0259td\u0259 sad\u0259c\u0259 cari il \u00fc\u00e7\u00fcn n\u0259z\u0259rd\u0259 tutulmu\u015f m\u0259bl\u0259\u011f is\u0259 1.3 milyard AB\u015e dollar\u0131na b\u0259rab\u0259r olub. Bu c\u00fcr n\u0259h\u0259ng layih\u0259l\u0259rin icras\u0131n\u0131 \u00f6hd\u0259sin\u0259 g\u00f6t\u00fcr\u0259n Az\u0259rbaycan d\u00f6vl\u0259ti is\u0259 haz\u0131rda sahib oldu\u011fu geni\u015fmiqyasl\u0131 layih\u0259l\u0259rin h\u0259yata ke\u00e7irilm\u0259sin\u0259 imkan ver\u0259n potensial\u0131n\u0131 \u0130lham \u018fliyevin r\u0259hb\u0259rliyi il\u0259 at\u0131lm\u0131\u015f d\u0259qiq v\u0259 s\u0259rrast iqtisadi add\u0131mlarla qazan\u0131b.<\/p>\n<p>\u00d6lk\u0259 ba\u015f\u00e7\u0131s\u0131n\u0131n fikirl\u0259rind\u0259 x\u00fcsusi yer ay\u0131rd\u0131\u011f\u0131 bir m\u0259qam da \u00f6lk\u0259mizin Az\u0259rbaycan\u0131n n\u0259qliyyat potensial\u0131 v\u0259 bu potensiala Avropa b\u00f6y\u00fck mara\u011f\u0131n olmas\u0131na \u0259saslan\u0131b. \u0130lham \u018fliyev vur\u011fulay\u0131b ki, Az\u0259rbaycan Avrasiyan\u0131n m\u00fcasir infrastruktura v\u0259 qon\u015fularla \u015fax\u0259l\u0259ndirilmi\u015f kommunikasiya mar\u015frutlar\u0131na malik m\u00fch\u00fcm n\u0259qliyyat m\u0259rk\u0259zin\u0259 \u00e7evrilir.<\/p>\n<p>M\u00fcasir d\u00f6vrd\u0259 kommunikasiya mar\u015frutlar\u0131n\u0131n \u015fax\u0259l\u0259ndirilm\u0259si iqtisadi inki\u015faf\u0131n y\u00fcks\u0259k templ\u0259 getm\u0259sin\u0259 da z\u0259min yarad\u0131r. Odur ki, bu m\u0259nada Az\u0259rbaycan d\u00f6vl\u0259ti n\u00f6vb\u0259ti d\u0259f\u0259 qar\u015f\u0131s\u0131na b\u00f6y\u00fck h\u0259d\u0259fl\u0259r qoyur. S\u00f6z\u00fcged\u0259n m\u0259qam h\u0259md\u0259 regionun dig\u0259r d\u00f6vl\u0259tl\u0259r \u00fc\u00e7\u00fcn d\u0259 c\u0259lbedici olmas\u0131n\u0131 \u015f\u0259rtl\u0259ndirir. Avropa is\u0259 Az\u0259rbaycan\u0131n \u0259m\u0259kda\u015fl\u0131q v\u0259 iqtisadi m\u00fcnasib\u0259tl\u0259rind\u0259 olduqca m\u00fch\u00fcm rol oynay\u0131r. D\u00f6vl\u0259t ba\u015f\u00e7\u0131s\u0131 Q\u0259rb medias\u0131na verdiyi m\u00fcsahib\u0259d\u0259 s\u0259sl\u0259ndirdiyi fikirl\u0259rl\u0259 h\u0259m d\u0259 postm\u00fcharib\u0259 d\u00f6vr\u00fcn\u00fcn yeni reall\u0131qlar\u0131 \u015f\u0259raitind\u0259 Avropa il\u0259 y\u00fcks\u0259k s\u0259viyy\u0259d\u0259 \u0259m\u0259kda\u015fl\u0131q qurulmas\u0131 yolunda Az\u0259rbaycan d\u00f6vl\u0259tinin q\u0259rarl\u0131l\u0131\u011f\u0131n\u0131 bir daha xat\u0131rlad\u0131r.<\/p>\n<p>\u015e\u00fcbh\u0259siz ki, \u0130lham \u018fliyevin Q\u0259rb m\u0259tbuat\u0131na verdiyi m\u00fcsahib\u0259l\u0259r h\u0259m\u00e7inin Az\u0259rbaycan\u0131n m\u00f6vqeyinin v\u0259 maraqlar\u0131n\u0131n Q\u0259rb oxucusuna \u00e7atd\u0131r\u0131lmas\u0131 v\u0259 obyektiv reall\u0131qlar\u0131n h\u0259r k\u0259s t\u0259r\u0259find\u0259n \u00f6yr\u0259nilm\u0259sin\u0259 xidm\u0259t edir. Bu m\u0259nada d\u00f6vl\u0259t ba\u015f\u00e7\u0131s\u0131n\u0131n Az\u0259rbaycan-\u0130ran m\u00fcnasib\u0259tl\u0259rind\u0259ki g\u0259rginlikl\u0259 ba\u011fl\u0131 s\u0259sl\u0259ndirdiyi d\u0259qiq v\u0259 olduqca tutarl\u0131 fikirl\u0259r d\u0259 m\u00fcsahib\u0259sind\u0259 ayr\u0131ca x\u0259tt t\u0259\u015fkil edib.<\/p>\n<p>D\u00f6vl\u0259t ba\u015f\u00e7\u0131s\u0131 bu zaman da Az\u0259rbaycan t\u0259r\u0259finin h\u0259r zaman sadiq oldu\u011fu diplomatik etika qaydalar\u0131na uy\u011fun t\u0259mkinli davran\u0131\u015f\u0131na n\u00fcmun\u0259 olub. \u00d6z fikirl\u0259rind\u0259ki m\u0259ntiqi v\u0259 arqumentl\u0259ri d\u0259qiqlikl\u0259 ortaya qoymaqla m\u0259s\u0259l\u0259nin mahiyy\u0259tini Q\u0259rb oxucular\u0131 \u00fc\u00e7\u00fcn ayd\u0131nla\u015fd\u0131r\u0131b.<\/p>\n<p>Ancaq \u0130ran d\u00f6vl\u0259t bar\u0259d\u0259 eyni s\u00f6zl\u0259ri dem\u0259k m\u00fcmk\u00fcn deyil, \u0130ran t\u0259r\u0259fi atd\u0131\u011f\u0131 isterik add\u0131mlar, r\u0259smi \u015f\u0259xsl\u0259rin, dindarlar\u0131n dilind\u0259n veril\u0259n yersiz b\u0259yanatlarla m\u0259s\u0259l\u0259nin \u0259sl mahiyy\u0259tind\u0259n yay\u0131nma\u011fa \u00e7al\u0131\u015f\u0131b.<\/p>\n<p>Ancaq d\u00f6vl\u0259t ba\u015f\u00e7\u0131s\u0131 \u0130lham \u018fliyev m\u00fcsahib\u0259 zaman\u0131 m\u0259s\u0259l\u0259nin \u0259sl mahiyy\u0259tini d\u0259 m\u0259har\u0259tl\u0259 ortaya qoyub:<\/p>\n<p>\u201cBa\u015f ver\u0259nl\u0259rin s\u0259b\u0259bi \u00e7ox sad\u0259dir. Az\u0259rbaycan \u00f6z s\u0259rh\u0259dl\u0259rin\u0259 h\u00f6rm\u0259tl\u0259 yana\u015f\u0131lmas\u0131n\u0131 ist\u0259yir. Qaraba\u011f\u0131n azad edilm\u0259sind\u0259n sonra biz Erm\u0259nistanla \u00f6z s\u0259rh\u0259dimiz\u0259 \u00e7\u0131xd\u0131q. Biz \u00f6z s\u0259rh\u0259dimiz\u0259 g\u0259lib, orada yerl\u0259\u015fdik. Erm\u0259nistan\u0131n b\u0259zi \u015f\u0259h\u0259rl\u0259ri aras\u0131ndak\u0131 yol Az\u0259rbaycan\u0131n \u0259razisind\u0259n ke\u00e7ir. Bu yoldan Qaraba\u011fa, bizim \u0259razimiz\u0259 mallar\u0131n qeyri-qanuni da\u015f\u0131nmas\u0131nda istifad\u0259 olundu\u011funu g\u00f6rm\u0259y\u0259 ba\u015flad\u0131q. Bu, q\u0259buledilm\u0259zdir. Biz \u00f6z s\u0259rh\u0259dl\u0259rimiz\u0259 h\u00f6rm\u0259tl\u0259 yana\u015f\u0131lmas\u0131n\u0131 t\u0259l\u0259b edirik. Biz h\u0259r hans\u0131 dig\u0259r \u00f6lk\u0259nin s\u0259rh\u0259dini qeyri-qanuni olaraq pozmuruq. Bel\u0259likl\u0259, mesaj\u0131m\u0131z \u00e7ox sad\u0259 idi &#8211; dayand\u0131r\u0131n bunu!\u201d.<\/p>\n<p>D\u00f6vl\u0259t ba\u015f\u00e7\u0131s\u0131 s\u0259sl\u0259ndirdiyi bu fikirl\u0259rl\u0259 h\u0259m d\u0259 n\u00f6vb\u0259ti d\u0259f\u0259 Az\u0259rbaycanla dikt\u0259 dilind\u0259 dan\u0131\u015fma\u011f\u0131n faydas\u0131z v\u0259 m\u0259nas\u0131z olmas\u0131 bar\u0259d\u0259 b\u00fct\u00fcn d\u00fcnyaya mesaj verib. Bu mesaj\u0131n \u0259sas\u0131n\u0131 is\u0259 bu anlay\u0131\u015f t\u0259\u015fkil edir: Az\u0259rbaycan d\u00f6vl\u0259ti v\u0259 onun lideri tam m\u00fcst\u0259qil siyas\u0259t aparmaqla mehriban m\u00fcnasib\u0259tl\u0259rin formala\u015fd\u0131r\u0131lmas\u0131 v\u0259 m\u00f6hk\u0259ml\u0259ndirilm\u0259sind\u0259 maraql\u0131d\u0131r, ancaq b\u00fct\u00fcn bunlar qar\u015f\u0131l\u0131ql\u0131 h\u00f6rm\u0259t v\u0259 ehtiram \u00e7\u0259r\u00e7iv\u0259sind\u0259 olmal\u0131d\u0131r. Bunun \u0259ksi olan b\u00fct\u00fcn t\u0259\u015f\u0259bb\u00fcs v\u0259 add\u0131mlar is\u0259 Az\u0259rbaycan d\u00f6vl\u0259ti t\u0259r\u0259find\u0259n z\u0259r\u0259rsizl\u0259\u015fdirilir v\u0259 Az\u0259rbaycan daim \u00f6z m\u00fcst\u0259qil m\u00f6vqeyini ortaya qoyur.<\/p>\n","protected":false},"excerpt":{"rendered":"<p>Az\u0259rbaycan Respublikas\u0131n\u0131n Prezidenti \u0130lham \u018fliyev oktyabr\u0131n 7-d\u0259 n\u00f6vb\u0259ti d\u0259f\u0259 Q\u0259rb m\u0259tbuat\u0131n\u0131 (\u0130taliyan\u0131n \u201cLa Repubblica\u201d q\u0259zetin\u0259 m\u00fcsahib\u0259si) maraqland\u0131ran suallar\u0131 cavabland\u0131r\u0131b. D\u00f6vl\u0259t ba\u015f\u00e7\u0131s\u0131 s\u0259sl\u0259ndirdiyi fikirl\u0259rd\u0259 n\u00f6vb\u0259ti d\u0259f\u0259 Az\u0259rbaycan d\u00f6vl\u0259tinin v\u0259 xalq\u0131n\u0131n maraqlar\u0131n\u0131 m\u00fcdafi\u0259 edib, \u00f6lk\u0259miz\u0259 qar\u015f\u0131 apar\u0131lan kampaniyalara qar\u015f\u0131 m\u00fcbariz\u0259sini ortaya qoyub, eyni zamanda Az\u0259rbaycan\u0131n postm\u00fcharib\u0259 d\u00f6vr\u00fcnd\u0259 r\u0259hb\u0259r tutaca\u011f\u0131 yolun konturlar\u0131n\u0131 t\u0259svir edib. \u00c7\u0131x\u0131\u015f\u0131nda m\u00fcharib\u0259d\u0259n sonra i\u015f\u011faldan azad edilmi\u015f \u0259razil\u0259rin b\u0259rpas\u0131 v\u0259 yenid\u0259nqurulmas\u0131 m\u0259s\u0259l\u0259sin\u0259 x\u00fcsusi diqq\u0259t \u00e7\u0259k\u0259n d\u00f6vl\u0259t ba\u015f\u00e7\u0131s\u0131 \u0130taliyan\u0131n bu i\u015fd\u0259 Az\u0259rbaycanla s\u0131x \u0259m\u0259kda\u015fl\u0131\u011f\u0131ndan b\u0259hs edib. Qeyd ed\u0259 bil\u0259rik ki, Az\u0259rbaycan-\u0130taliya m\u00fcnasib\u0259tl\u0259ri d\u00f6vl\u0259t ba\u015f\u00e7\u0131s\u0131n\u0131n uzaqg\u00f6r\u0259n siyas\u0259ti v\u0259 f\u0259aliyy\u0259ti say\u0259sind\u0259 x\u00fcsus\u0259n son&hellip;<\/p>\n","protected":false},"author":2,"featured_media":390287,"comment_status":"closed","ping_status":"closed","sticky":false,"template":"","format":"standard","meta":{"om_disable_all_campaigns":false,"_monsterinsights_skip_tracking":false,"_monsterinsights_sitenote_active":false,"_monsterinsights_sitenote_note":"","_monsterinsights_sitenote_category":0},"categories":[4],"tags":[],"aioseo_notices":[],"gutentor_comment":0,"rttpg_featured_image_url":{"full":["https:\/\/arantv.az\/wp-content\/uploads\/2021\/10\/FotoJet-96.jpg",620,413,false],"landscape":["https:\/\/arantv.az\/wp-content\/uploads\/2021\/10\/FotoJet-96.jpg",620,413,false],"portraits":["https:\/\/arantv.az\/wp-content\/uploads\/2021\/10\/FotoJet-96.jpg",620,413,false],"thumbnail":["https:\/\/arantv.az\/wp-content\/uploads\/2021\/10\/FotoJet-96-500x280.jpg",500,280,true],"medium":["https:\/\/arantv.az\/wp-content\/uploads\/2021\/10\/FotoJet-96-548x365.jpg",548,365,true],"large":["https:\/\/arantv.az\/wp-content\/uploads\/2021\/10\/FotoJet-96.jpg",620,413,false],"1536x1536":["https:\/\/arantv.az\/wp-content\/uploads\/2021\/10\/FotoJet-96.jpg",620,413,false],"2048x2048":["https:\/\/arantv.az\/wp-content\/uploads\/2021\/10\/FotoJet-96.jpg",620,413,false],"post-thumbnail":["https:\/\/arantv.az\/wp-content\/uploads\/2021\/10\/FotoJet-96-240x172.jpg",240,172,true],"advps-thumb-one":["https:\/\/arantv.az\/wp-content\/uploads\/2021\/10\/FotoJet-96.jpg",620,413,false]},"rttpg_author":{"display_name":"V\u00fcsal Rafiqo\u011flu","author_link":"https:\/\/arantv.az\/?author=2"},"rttpg_comment":0,"rttpg_category":"<a href=\"https:\/\/arantv.az\/?cat=4\" rel=\"category\">Siyas\u0259t<\/a>","rttpg_excerpt":"Az\u0259rbaycan Respublikas\u0131n\u0131n Prezidenti \u0130lham \u018fliyev oktyabr\u0131n 7-d\u0259 n\u00f6vb\u0259ti d\u0259f\u0259 Q\u0259rb m\u0259tbuat\u0131n\u0131 (\u0130taliyan\u0131n \u201cLa Repubblica\u201d q\u0259zetin\u0259 m\u00fcsahib\u0259si) maraqland\u0131ran suallar\u0131 cavabland\u0131r\u0131b. D\u00f6vl\u0259t ba\u015f\u00e7\u0131s\u0131 s\u0259sl\u0259ndirdiyi fikirl\u0259rd\u0259 n\u00f6vb\u0259ti d\u0259f\u0259 Az\u0259rbaycan d\u00f6vl\u0259tinin v\u0259 xalq\u0131n\u0131n maraqlar\u0131n\u0131 m\u00fcdafi\u0259 edib, \u00f6lk\u0259miz\u0259 qar\u015f\u0131 apar\u0131lan kampaniyalara qar\u015f\u0131 m\u00fcbariz\u0259sini ortaya qoyub, eyni zamanda Az\u0259rbaycan\u0131n postm\u00fcharib\u0259 d\u00f6vr\u00fcnd\u0259 r\u0259hb\u0259r tutaca\u011f\u0131 yolun konturlar\u0131n\u0131 t\u0259svir edib. \u00c7\u0131x\u0131\u015f\u0131nda m\u00fcharib\u0259d\u0259n sonra i\u015f\u011faldan&hellip;","_links":{"self":[{"href":"https:\/\/arantv.az\/index.php?rest_route=\/wp\/v2\/posts\/390286"}],"collection":[{"href":"https:\/\/arantv.az\/index.php?rest_route=\/wp\/v2\/posts"}],"about":[{"href":"https:\/\/arantv.az\/index.php?rest_route=\/wp\/v2\/types\/post"}],"author":[{"embeddable":true,"href":"https:\/\/arantv.az\/index.php?rest_route=\/wp\/v2\/users\/2"}],"replies":[{"embeddable":true,"href":"https:\/\/arantv.az\/index.php?rest_route=%2Fwp%2Fv2%2Fcomments&post=390286"}],"version-history":[{"count":0,"href":"https:\/\/arantv.az\/index.php?rest_route=\/wp\/v2\/posts\/390286\/revisions"}],"wp:featuredmedia":[{"embeddable":true,"href":"https:\/\/arantv.az\/index.php?rest_route=\/wp\/v2\/media\/390287"}],"wp:attachment":[{"href":"https:\/\/arantv.az\/index.php?rest_route=%2Fwp%2Fv2%2Fmedia&parent=390286"}],"wp:term":[{"taxonomy":"category","embeddable":true,"href":"https:\/\/arantv.az\/index.php?rest_route=%2Fwp%2Fv2%2Fcategories&post=390286"},{"taxonomy":"post_tag","embeddable":true,"href":"https:\/\/arantv.az\/index.php?rest_route=%2Fwp%2Fv2%2Ftags&post=390286"}],"curies":[{"name":"wp","href":"https:\/\/api.w.org\/{rel}","templated":true}]}}