{"id":390292,"date":"2021-10-13T18:58:39","date_gmt":"2021-10-13T15:58:39","guid":{"rendered":"http:\/\/arantv.az\/?p=390292"},"modified":"2021-10-13T18:58:39","modified_gmt":"2021-10-13T15:58:39","slug":"az%c9%99rbaycanin-must%c9%99qilliyinin-b%c9%99rpasi-gunu-munasib%c9%99til%c9%99-floridadaki-soydaslarimiza-t%c9%99brik-unvanlanib-foto","status":"publish","type":"post","link":"https:\/\/arantv.az\/?p=390292","title":{"rendered":"Az\u0259rbaycan\u0131n M\u00fcst\u0259qilliyinin B\u0259rpas\u0131 G\u00fcn\u00fc m\u00fcnasib\u0259til\u0259 Floridadak\u0131 soyda\u015flar\u0131m\u0131za t\u0259brik \u00fcnvanlan\u0131b \u2013 FOTO"},"content":{"rendered":"<p>AB\u015e-\u0131n Florida \u015ftat\u0131n\u0131n Mayami-Deyd, Aventura v\u0259 Hallandeyl-Bi\u00e7 \u015f\u0259h\u0259rl\u0259rinin merl\u0259ri 18 oktyabr \u2013 Az\u0259rbaycan\u0131n M\u00fcst\u0259qilliyinin B\u0259rpas\u0131 G\u00fcn\u00fc m\u00fcnasib\u0259til\u0259 soyda\u015flar\u0131m\u0131za m\u00fcraci\u0259t edibl\u0259r.<\/p>\n<p>Mayami-Deyd \u015f\u0259h\u0259rinin meri Daniella Cava, Aventura \u015f\u0259h\u0259rinin meri Enid Vaysman v\u0259 Hallandeyl-Bi\u00e7 \u015f\u0259h\u0259rinin meri Coy Kuperin imzalad\u0131qlar\u0131 b\u0259yannam\u0259l\u0259rd\u0259 \u00f6lk\u0259mizin d\u00f6vl\u0259t m\u00fcst\u0259qilliyinin b\u0259rpa olunmas\u0131n\u0131n 30-cu ild\u00f6n\u00fcm\u00fc il\u0259 \u0259laq\u0259dar Az\u0259rbaycan icmas\u0131na v\u0259 xalq\u0131m\u0131za t\u0259brik \u00fcnvanlan\u0131b. S\u0259n\u0259dl\u0259rd\u0259 bildirilib ki, Az\u0259rbaycan icmas\u0131 Florida \u015ftat\u0131n\u0131n ictimai-siyasi v\u0259 humanitar h\u0259yat\u0131nda f\u0259al i\u015ftirak edir, milli m\u00fcxt\u0259lifliyin, m\u0259d\u0259niyy\u0259tl\u0259raras\u0131 qar\u015f\u0131l\u0131ql\u0131 anla\u015fman\u0131n t\u0259minat\u0131na v\u0259 s\u00fclh\u00fcn inki\u015faf\u0131na t\u00f6hf\u0259l\u0259r verir. H\u0259r \u00fc\u00e7 \u015f\u0259h\u0259rin ictimaiyy\u0259tinin d\u00fcnya az\u0259rbaycanl\u0131lar\u0131 il\u0259 birlikd\u0259 bu tarixi g\u00fcn\u00fc qeyd etm\u0259kd\u0259n q\u00fcr\u00fcr duydu\u011fu vur\u011fulan\u0131b.<\/p>\n<div id=\"AdviadNativeVideo0\" class=\"AdviadNativeVideo\"><\/div>\n<p>B\u0259yannam\u0259l\u0259r Mayami-Deyd, Aventura v\u0259 Hallandeyl \u015f\u0259h\u0259rl\u0259rind\u0259 f\u0259aliyy\u0259t g\u00f6st\u0259r\u0259n Az\u0259rbaycan icmalar\u0131n\u0131n \u00fczvl\u0259rin\u0259 t\u0259qdim edilib. \u00d6z\u00fcn\u00fc Az\u0259rbaycan\u0131n dostu adland\u0131ran mer Coy Kuper AB\u015e-da ya\u015fayan soyda\u015flar\u0131m\u0131z\u0131n \u00f6z milli-m\u0259n\u0259vi d\u0259y\u0259rl\u0259rin\u0259 l\u0259yaq\u0259tl\u0259 sahib \u00e7\u0131xd\u0131qlar\u0131n\u0131, Az\u0259rbaycan\u0131n z\u0259ngin m\u0259d\u0259niyy\u0259tini v\u0259 inc\u0259s\u0259n\u0259tini y\u00fcks\u0259k s\u0259viyy\u0259d\u0259 t\u0259bli\u011f etdikl\u0259rini n\u0259z\u0259r\u0259 \u00e7atd\u0131r\u0131b.<\/p>\n<p>&nbsp;<\/p>\n<div class=\"gallery\">\n<div class=\"gallery-i\"><img src=\"https:\/\/cdn.oxu.az\/uploads\/W1siZiIsIjIwMjEvMTAvMTMvMTgvNDMvMDIvZWQyMWI5ZGItMjM2OS00ZjdmLWE3YjMtZWJhZjZkMjA5M2U4LzI0NTEzODQ2Ml8zODA0NDI3MDcwNTkwMThfNDA0NTM2NDkzMTIyNDI1MDA5NF9uLmpwZyJdLFsicCIsImVuY29kZSIsImpwZyIsIi1xdWFsaXR5IDgwIl0sWyJwIiwidGh1bWIiLCI1OTB4NTkwXHUwMDNlIl1d?sha=37f2be0ac8c1136f\" alt=\"\" \/><\/p>\n<div class=\"gallery-i-caption\"><\/div>\n<\/div>\n<div class=\"gallery-i\"><img src=\"https:\/\/cdn.oxu.az\/uploads\/W1siZiIsIjIwMjEvMTAvMTMvMTgvNDMvMDIvOTYzNDE2MDUtY2Y5Ny00NjcxLWIwZDYtODRjMmE3MDJiZjFjLzI0NTE3ODI1OF8xNzQxMDA0NDE1NjkzNjhfNTYyNDA5ODUwNjMyODIxOTkwNF9uLmpwZyJdLFsicCIsImVuY29kZSIsImpwZyIsIi1xdWFsaXR5IDgwIl0sWyJwIiwidGh1bWIiLCI1OTB4NTkwXHUwMDNlIl1d?sha=269c3d7d3a23cd08\" alt=\"\" \/><\/p>\n<div class=\"gallery-i-caption\"><\/div>\n<\/div>\n<div class=\"gallery-i\"><img src=\"https:\/\/cdn.oxu.az\/uploads\/W1siZiIsIjIwMjEvMTAvMTMvMTgvNDMvMDIvM2QzN2VhNzUtNmYxNi00YTJiLWE4ZGMtYTg0OTdjZmQ4MWM4LzI0NTM1Mzc5Nl8xMzI4MjIzODQwOTQ0OTUxXzgxMzAzMjYwNTQ1MDI0ODQzNzJfbi5qcGciXSxbInAiLCJlbmNvZGUiLCJqcGciLCItcXVhbGl0eSA4MCJdLFsicCIsInRodW1iIiwiNTkweDU5MFx1MDAzZSJdXQ?sha=5badfa1408912e60\" alt=\"\" \/><\/div>\n<\/div>\n","protected":false},"excerpt":{"rendered":"<p>AB\u015e-\u0131n Florida \u015ftat\u0131n\u0131n Mayami-Deyd, Aventura v\u0259 Hallandeyl-Bi\u00e7 \u015f\u0259h\u0259rl\u0259rinin merl\u0259ri 18 oktyabr \u2013 Az\u0259rbaycan\u0131n M\u00fcst\u0259qilliyinin B\u0259rpas\u0131 G\u00fcn\u00fc m\u00fcnasib\u0259til\u0259 soyda\u015flar\u0131m\u0131za m\u00fcraci\u0259t edibl\u0259r. Mayami-Deyd \u015f\u0259h\u0259rinin meri Daniella Cava, Aventura \u015f\u0259h\u0259rinin meri Enid Vaysman v\u0259 Hallandeyl-Bi\u00e7 \u015f\u0259h\u0259rinin meri Coy Kuperin imzalad\u0131qlar\u0131 b\u0259yannam\u0259l\u0259rd\u0259 \u00f6lk\u0259mizin d\u00f6vl\u0259t m\u00fcst\u0259qilliyinin b\u0259rpa olunmas\u0131n\u0131n 30-cu ild\u00f6n\u00fcm\u00fc il\u0259 \u0259laq\u0259dar Az\u0259rbaycan icmas\u0131na v\u0259 xalq\u0131m\u0131za t\u0259brik \u00fcnvanlan\u0131b. S\u0259n\u0259dl\u0259rd\u0259 bildirilib ki, Az\u0259rbaycan icmas\u0131 Florida \u015ftat\u0131n\u0131n ictimai-siyasi v\u0259 humanitar h\u0259yat\u0131nda f\u0259al i\u015ftirak edir, milli m\u00fcxt\u0259lifliyin, m\u0259d\u0259niyy\u0259tl\u0259raras\u0131 qar\u015f\u0131l\u0131ql\u0131 anla\u015fman\u0131n t\u0259minat\u0131na v\u0259 s\u00fclh\u00fcn inki\u015faf\u0131na t\u00f6hf\u0259l\u0259r verir. H\u0259r \u00fc\u00e7 \u015f\u0259h\u0259rin ictimaiyy\u0259tinin d\u00fcnya az\u0259rbaycanl\u0131lar\u0131 il\u0259 birlikd\u0259 bu tarixi g\u00fcn\u00fc qeyd&hellip;<\/p>\n","protected":false},"author":2,"featured_media":390293,"comment_status":"closed","ping_status":"closed","sticky":false,"template":"","format":"standard","meta":{"om_disable_all_campaigns":false,"_monsterinsights_skip_tracking":false,"_monsterinsights_sitenote_active":false,"_monsterinsights_sitenote_note":"","_monsterinsights_sitenote_category":0},"categories":[26],"tags":[],"aioseo_notices":[],"gutentor_comment":0,"rttpg_featured_image_url":{"full":["https:\/\/arantv.az\/wp-content\/uploads\/2021\/10\/FotoJet-2021-10-13T184243.720.jpg",620,413,false],"landscape":["https:\/\/arantv.az\/wp-content\/uploads\/2021\/10\/FotoJet-2021-10-13T184243.720.jpg",620,413,false],"portraits":["https:\/\/arantv.az\/wp-content\/uploads\/2021\/10\/FotoJet-2021-10-13T184243.720.jpg",620,413,false],"thumbnail":["https:\/\/arantv.az\/wp-content\/uploads\/2021\/10\/FotoJet-2021-10-13T184243.720-500x280.jpg",500,280,true],"medium":["https:\/\/arantv.az\/wp-content\/uploads\/2021\/10\/FotoJet-2021-10-13T184243.720-548x365.jpg",548,365,true],"large":["https:\/\/arantv.az\/wp-content\/uploads\/2021\/10\/FotoJet-2021-10-13T184243.720.jpg",620,413,false],"1536x1536":["https:\/\/arantv.az\/wp-content\/uploads\/2021\/10\/FotoJet-2021-10-13T184243.720.jpg",620,413,false],"2048x2048":["https:\/\/arantv.az\/wp-content\/uploads\/2021\/10\/FotoJet-2021-10-13T184243.720.jpg",620,413,false],"post-thumbnail":["https:\/\/arantv.az\/wp-content\/uploads\/2021\/10\/FotoJet-2021-10-13T184243.720-240x172.jpg",240,172,true],"advps-thumb-one":["https:\/\/arantv.az\/wp-content\/uploads\/2021\/10\/FotoJet-2021-10-13T184243.720.jpg",620,413,false]},"rttpg_author":{"display_name":"V\u00fcsal Rafiqo\u011flu","author_link":"https:\/\/arantv.az\/?author=2"},"rttpg_comment":0,"rttpg_category":"<a href=\"https:\/\/arantv.az\/?cat=26\" rel=\"category\">Sosial<\/a>","rttpg_excerpt":"AB\u015e-\u0131n Florida \u015ftat\u0131n\u0131n Mayami-Deyd, Aventura v\u0259 Hallandeyl-Bi\u00e7 \u015f\u0259h\u0259rl\u0259rinin merl\u0259ri 18 oktyabr \u2013 Az\u0259rbaycan\u0131n M\u00fcst\u0259qilliyinin B\u0259rpas\u0131 G\u00fcn\u00fc m\u00fcnasib\u0259til\u0259 soyda\u015flar\u0131m\u0131za m\u00fcraci\u0259t edibl\u0259r. Mayami-Deyd \u015f\u0259h\u0259rinin meri Daniella Cava, Aventura \u015f\u0259h\u0259rinin meri Enid Vaysman v\u0259 Hallandeyl-Bi\u00e7 \u015f\u0259h\u0259rinin meri Coy Kuperin imzalad\u0131qlar\u0131 b\u0259yannam\u0259l\u0259rd\u0259 \u00f6lk\u0259mizin d\u00f6vl\u0259t m\u00fcst\u0259qilliyinin b\u0259rpa olunmas\u0131n\u0131n 30-cu ild\u00f6n\u00fcm\u00fc il\u0259 \u0259laq\u0259dar Az\u0259rbaycan icmas\u0131na v\u0259 xalq\u0131m\u0131za t\u0259brik \u00fcnvanlan\u0131b. S\u0259n\u0259dl\u0259rd\u0259 bildirilib&hellip;","_links":{"self":[{"href":"https:\/\/arantv.az\/index.php?rest_route=\/wp\/v2\/posts\/390292"}],"collection":[{"href":"https:\/\/arantv.az\/index.php?rest_route=\/wp\/v2\/posts"}],"about":[{"href":"https:\/\/arantv.az\/index.php?rest_route=\/wp\/v2\/types\/post"}],"author":[{"embeddable":true,"href":"https:\/\/arantv.az\/index.php?rest_route=\/wp\/v2\/users\/2"}],"replies":[{"embeddable":true,"href":"https:\/\/arantv.az\/index.php?rest_route=%2Fwp%2Fv2%2Fcomments&post=390292"}],"version-history":[{"count":0,"href":"https:\/\/arantv.az\/index.php?rest_route=\/wp\/v2\/posts\/390292\/revisions"}],"wp:featuredmedia":[{"embeddable":true,"href":"https:\/\/arantv.az\/index.php?rest_route=\/wp\/v2\/media\/390293"}],"wp:attachment":[{"href":"https:\/\/arantv.az\/index.php?rest_route=%2Fwp%2Fv2%2Fmedia&parent=390292"}],"wp:term":[{"taxonomy":"category","embeddable":true,"href":"https:\/\/arantv.az\/index.php?rest_route=%2Fwp%2Fv2%2Fcategories&post=390292"},{"taxonomy":"post_tag","embeddable":true,"href":"https:\/\/arantv.az\/index.php?rest_route=%2Fwp%2Fv2%2Ftags&post=390292"}],"curies":[{"name":"wp","href":"https:\/\/api.w.org\/{rel}","templated":true}]}}