{"id":390295,"date":"2021-10-13T18:59:17","date_gmt":"2021-10-13T15:59:17","guid":{"rendered":"http:\/\/arantv.az\/?p=390295"},"modified":"2021-10-13T18:59:17","modified_gmt":"2021-10-13T15:59:17","slug":"diaspor-f%c9%99ali-olan-az%c9%99rbaycanli-alim-qizil-viza-il%c9%99-t%c9%99ltif-edilib","status":"publish","type":"post","link":"https:\/\/arantv.az\/?p=390295","title":{"rendered":"Diaspor f\u0259al\u0131 olan az\u0259rbaycanl\u0131 alim q\u0131z\u0131l viza il\u0259 t\u0259ltif edilib"},"content":{"rendered":"<p>Birl\u0259\u015fmi\u015f \u018fr\u0259b \u018fmirlikl\u0259rind\u0259 ya\u015fayan az\u0259rbaycanl\u0131 alim, tibb \u00fczr\u0259 f\u0259ls\u0259f\u0259 doktoru, a\u011f\u0131z v\u0259 \u00fcz-\u00e7\u0259n\u0259 c\u0259rrahiyy\u0259si \u00fczr\u0259 m\u00fct\u0259x\u0259ssis Sabrin Ali Azim tibb sah\u0259sind\u0259ki xidm\u0259tl\u0259rin\u0259 g\u00f6r\u0259 B\u018f\u018f-nin 10 illik q\u0131z\u0131l vizas\u0131 il\u0259 t\u0259ltif olunub.<\/p>\n<div id=\"AdviadNativeVideo0\" class=\"AdviadNativeVideo\"><\/div>\n<p>\u201cCity University College of Ajman\u201d t\u0259hsil oca\u011f\u0131ndak\u0131 a\u011f\u0131z v\u0259 \u00fcz-\u00e7\u0259n\u0259 c\u0259rrahiyy\u0259si kafedras\u0131n\u0131n professor assistenti v\u0259zif\u0259sind\u0259 \u00e7al\u0131\u015fan Sabrin Ali Azim bildirib ki, B\u018f\u018f d\u00f6vl\u0259t ba\u015f\u00e7\u0131s\u0131n\u0131n bu \u00f6lk\u0259d\u0259 f\u0259aliyy\u0259t g\u00f6st\u0259r\u0259n v\u0259 x\u00fcsusi istedad\u0131 il\u0259 se\u00e7il\u0259n insanlara 10 illik q\u0131z\u0131l vizan\u0131n verilm\u0259sin\u0259 dair q\u0259rar\u0131na \u0259sas\u0259n bu t\u0259ltif\u0259 layiq g\u00f6r\u00fcl\u00fcb.<\/p>\n<p>Qeyd ed\u0259k ki, Sabrin Ali Azim 2016-c\u0131 ild\u0259n etibar\u0259n B\u018f\u018f-d\u0259 f\u0259aliyy\u0259t g\u00f6st\u0259rir. Az\u0259rbaycan v\u0259 B\u018f\u018f ali m\u0259kt\u0259bl\u0259ri aras\u0131nda tibb v\u0259 t\u0259lim sektorunda t\u0259cr\u00fcb\u0259 m\u00fcbadil\u0259sini n\u0259z\u0259rd\u0259 tutan m\u00fcqavil\u0259l\u0259rin ba\u011flanmas\u0131 t\u0259\u015f\u0259bb\u00fcs\u00fc il\u0259 \u00e7\u0131x\u0131\u015f edib.<\/p>\n<p>Bu yax\u0131nlarda Roma \u015f\u0259h\u0259rind\u0259ki \u201cCatholic University of the Sacred Heart\u201d Tibb Universitetinin m\u00fcalic\u0259-profilaktika fak\u00fclt\u0259sind\u0259 ingilis dilind\u0259 t\u0259lim ke\u00e7ib. Diaspor f\u0259al\u0131 olan xan\u0131m soyda\u015f\u0131m\u0131z \u201cAzerbaijani Ladies Club\u201d t\u0259\u015fkilat\u0131n\u0131n v\u0259 Fransada f\u0259aliyy\u0259t g\u00f6st\u0259r\u0259n \u201cAlim\u201d Elmi Assosiasiyas\u0131n\u0131n \u00fczv\u00fcd\u00fcr.<\/p>\n","protected":false},"excerpt":{"rendered":"<p>Birl\u0259\u015fmi\u015f \u018fr\u0259b \u018fmirlikl\u0259rind\u0259 ya\u015fayan az\u0259rbaycanl\u0131 alim, tibb \u00fczr\u0259 f\u0259ls\u0259f\u0259 doktoru, a\u011f\u0131z v\u0259 \u00fcz-\u00e7\u0259n\u0259 c\u0259rrahiyy\u0259si \u00fczr\u0259 m\u00fct\u0259x\u0259ssis Sabrin Ali Azim tibb sah\u0259sind\u0259ki xidm\u0259tl\u0259rin\u0259 g\u00f6r\u0259 B\u018f\u018f-nin 10 illik q\u0131z\u0131l vizas\u0131 il\u0259 t\u0259ltif olunub. \u201cCity University College of Ajman\u201d t\u0259hsil oca\u011f\u0131ndak\u0131 a\u011f\u0131z v\u0259 \u00fcz-\u00e7\u0259n\u0259 c\u0259rrahiyy\u0259si kafedras\u0131n\u0131n professor assistenti v\u0259zif\u0259sind\u0259 \u00e7al\u0131\u015fan Sabrin Ali Azim bildirib ki, B\u018f\u018f d\u00f6vl\u0259t ba\u015f\u00e7\u0131s\u0131n\u0131n bu \u00f6lk\u0259d\u0259 f\u0259aliyy\u0259t g\u00f6st\u0259r\u0259n v\u0259 x\u00fcsusi istedad\u0131 il\u0259 se\u00e7il\u0259n insanlara 10 illik q\u0131z\u0131l vizan\u0131n verilm\u0259sin\u0259 dair q\u0259rar\u0131na \u0259sas\u0259n bu t\u0259ltif\u0259 layiq g\u00f6r\u00fcl\u00fcb. Qeyd ed\u0259k ki, Sabrin Ali Azim 2016-c\u0131 ild\u0259n etibar\u0259n B\u018f\u018f-d\u0259 f\u0259aliyy\u0259t g\u00f6st\u0259rir. Az\u0259rbaycan&hellip;<\/p>\n","protected":false},"author":2,"featured_media":390296,"comment_status":"closed","ping_status":"closed","sticky":false,"template":"","format":"standard","meta":{"om_disable_all_campaigns":false,"_monsterinsights_skip_tracking":false,"_monsterinsights_sitenote_active":false,"_monsterinsights_sitenote_note":"","_monsterinsights_sitenote_category":0},"categories":[26],"tags":[],"aioseo_notices":[],"gutentor_comment":0,"rttpg_featured_image_url":{"full":["https:\/\/arantv.az\/wp-content\/uploads\/2021\/10\/FotoJet-2021-10-13T184508.964.jpg",620,413,false],"landscape":["https:\/\/arantv.az\/wp-content\/uploads\/2021\/10\/FotoJet-2021-10-13T184508.964.jpg",620,413,false],"portraits":["https:\/\/arantv.az\/wp-content\/uploads\/2021\/10\/FotoJet-2021-10-13T184508.964.jpg",620,413,false],"thumbnail":["https:\/\/arantv.az\/wp-content\/uploads\/2021\/10\/FotoJet-2021-10-13T184508.964-500x280.jpg",500,280,true],"medium":["https:\/\/arantv.az\/wp-content\/uploads\/2021\/10\/FotoJet-2021-10-13T184508.964-548x365.jpg",548,365,true],"large":["https:\/\/arantv.az\/wp-content\/uploads\/2021\/10\/FotoJet-2021-10-13T184508.964.jpg",620,413,false],"1536x1536":["https:\/\/arantv.az\/wp-content\/uploads\/2021\/10\/FotoJet-2021-10-13T184508.964.jpg",620,413,false],"2048x2048":["https:\/\/arantv.az\/wp-content\/uploads\/2021\/10\/FotoJet-2021-10-13T184508.964.jpg",620,413,false],"post-thumbnail":["https:\/\/arantv.az\/wp-content\/uploads\/2021\/10\/FotoJet-2021-10-13T184508.964-240x172.jpg",240,172,true],"advps-thumb-one":["https:\/\/arantv.az\/wp-content\/uploads\/2021\/10\/FotoJet-2021-10-13T184508.964.jpg",620,413,false]},"rttpg_author":{"display_name":"V\u00fcsal Rafiqo\u011flu","author_link":"https:\/\/arantv.az\/?author=2"},"rttpg_comment":0,"rttpg_category":"<a href=\"https:\/\/arantv.az\/?cat=26\" rel=\"category\">Sosial<\/a>","rttpg_excerpt":"Birl\u0259\u015fmi\u015f \u018fr\u0259b \u018fmirlikl\u0259rind\u0259 ya\u015fayan az\u0259rbaycanl\u0131 alim, tibb \u00fczr\u0259 f\u0259ls\u0259f\u0259 doktoru, a\u011f\u0131z v\u0259 \u00fcz-\u00e7\u0259n\u0259 c\u0259rrahiyy\u0259si \u00fczr\u0259 m\u00fct\u0259x\u0259ssis Sabrin Ali Azim tibb sah\u0259sind\u0259ki xidm\u0259tl\u0259rin\u0259 g\u00f6r\u0259 B\u018f\u018f-nin 10 illik q\u0131z\u0131l vizas\u0131 il\u0259 t\u0259ltif olunub. \u201cCity University College of Ajman\u201d t\u0259hsil oca\u011f\u0131ndak\u0131 a\u011f\u0131z v\u0259 \u00fcz-\u00e7\u0259n\u0259 c\u0259rrahiyy\u0259si kafedras\u0131n\u0131n professor assistenti v\u0259zif\u0259sind\u0259 \u00e7al\u0131\u015fan Sabrin Ali Azim bildirib ki, B\u018f\u018f d\u00f6vl\u0259t ba\u015f\u00e7\u0131s\u0131n\u0131n&hellip;","_links":{"self":[{"href":"https:\/\/arantv.az\/index.php?rest_route=\/wp\/v2\/posts\/390295"}],"collection":[{"href":"https:\/\/arantv.az\/index.php?rest_route=\/wp\/v2\/posts"}],"about":[{"href":"https:\/\/arantv.az\/index.php?rest_route=\/wp\/v2\/types\/post"}],"author":[{"embeddable":true,"href":"https:\/\/arantv.az\/index.php?rest_route=\/wp\/v2\/users\/2"}],"replies":[{"embeddable":true,"href":"https:\/\/arantv.az\/index.php?rest_route=%2Fwp%2Fv2%2Fcomments&post=390295"}],"version-history":[{"count":0,"href":"https:\/\/arantv.az\/index.php?rest_route=\/wp\/v2\/posts\/390295\/revisions"}],"wp:featuredmedia":[{"embeddable":true,"href":"https:\/\/arantv.az\/index.php?rest_route=\/wp\/v2\/media\/390296"}],"wp:attachment":[{"href":"https:\/\/arantv.az\/index.php?rest_route=%2Fwp%2Fv2%2Fmedia&parent=390295"}],"wp:term":[{"taxonomy":"category","embeddable":true,"href":"https:\/\/arantv.az\/index.php?rest_route=%2Fwp%2Fv2%2Fcategories&post=390295"},{"taxonomy":"post_tag","embeddable":true,"href":"https:\/\/arantv.az\/index.php?rest_route=%2Fwp%2Fv2%2Ftags&post=390295"}],"curies":[{"name":"wp","href":"https:\/\/api.w.org\/{rel}","templated":true}]}}