{"id":390304,"date":"2021-10-13T19:02:47","date_gmt":"2021-10-13T16:02:47","guid":{"rendered":"http:\/\/arantv.az\/?p=390304"},"modified":"2021-10-13T19:02:47","modified_gmt":"2021-10-13T16:02:47","slug":"s%c9%99m%c9%99d-seyidov-pakistanin-az%c9%99rbaycandaki-s%c9%99firi-il%c9%99-gorusub-foto","status":"publish","type":"post","link":"https:\/\/arantv.az\/?p=390304","title":{"rendered":"S\u0259m\u0259d Seyidov Pakistan\u0131n Az\u0259rbaycandak\u0131 s\u0259firi il\u0259 g\u00f6r\u00fc\u015f\u00fcb &#8211; FOTO"},"content":{"rendered":"<p>Milli M\u0259clisin Beyn\u0259lxalq m\u00fcnasib\u0259tl\u0259r v\u0259 parlamentl\u0259raras\u0131 \u0259laq\u0259l\u0259r komit\u0259sinin s\u0259dri S\u0259m\u0259d Seyidov Pakistan \u0130slam Respublikas\u0131n\u0131n \u00f6lk\u0259mizd\u0259ki s\u0259firi Bilal Haye il\u0259 g\u00f6r\u00fc\u015f\u00fcb.<\/p>\n<p>Bu bar\u0259d\u0259 Milli M\u0259clisin M\u0259tbuat v\u0259 ictimaiyy\u0259tl\u0259 \u0259laq\u0259l\u0259r \u015f\u00f6b\u0259si m\u0259lumat yay\u0131b.<\/p>\n<p>Bildirilib ki, S\u0259m\u0259d Seyidov Az\u0259rbaycanla Pakistan\u0131 ortaq d\u0259y\u0259rl\u0259r, qarda\u015fl\u0131q \u0259laq\u0259l\u0259ri birl\u0259\u015fdirdiyini v\u0259 aram\u0131zdak\u0131 m\u00fcnasib\u0259tl\u0259rin strateji m\u00fctt\u0259fiqlik s\u0259viyy\u0259sind\u0259 oldu\u011funu bildirib.<\/p>\n<p>Komit\u0259 s\u0259dri Az\u0259rbaycan\u0131n Pakistanla m\u00fcnasib\u0259tl\u0259ri daha da inki\u015faf etdirm\u0259y\u0259 x\u00fcsusi \u00f6n\u0259m verdiyini vur\u011fulay\u0131b. O, Az\u0259rbaycan torpaqlar\u0131n\u0131n Erm\u0259nistan t\u0259r\u0259find\u0259n i\u015f\u011fal alt\u0131nda saxland\u0131\u011f\u0131 d\u00f6vrd\u0259 d\u0259, \u00f6lk\u0259mizin \u0259razi b\u00fct\u00f6vl\u00fcy\u00fcn\u00fcn b\u0259rpas\u0131 il\u0259 ba\u011fl\u0131 apard\u0131\u011f\u0131 44 g\u00fcnl\u00fck V\u0259t\u0259n m\u00fcharib\u0259sind\u0259 d\u0259 Pakistan\u0131n haqq i\u015fimizi q\u0259tiyy\u0259tl\u0259 m\u00fcdafi\u0259 etm\u0259sini, siyasi v\u0259 m\u0259n\u0259vi d\u0259st\u0259k g\u00f6st\u0259rm\u0259sini y\u00fcks\u0259k qiym\u0259tl\u0259ndirib.<\/p>\n<p>G\u00f6r\u00fc\u015fd\u0259 iki \u00f6lk\u0259 aras\u0131nda m\u00fcnasib\u0259tl\u0259rin inki\u015faf\u0131ndan m\u0259mnunluq ifad\u0259 olunub. Bildirilib ki, h\u00f6kum\u0259tl\u0259r v\u0259 xalqlar aras\u0131nda yax\u0131n \u0259laq\u0259l\u0259rin m\u00f6vcudlu\u011fu ali qanunvericilik orqanlar\u0131m\u0131z\u0131n m\u00fcnasib\u0259tl\u0259rind\u0259 d\u0259 \u00f6z \u0259ksini tap\u0131b. M\u0259hz bu m\u00fcnasib\u0259tl\u0259rin daha da geni\u015fl\u0259ndirilm\u0259si m\u0259qs\u0259di il\u0259 Az\u0259rbaycan, T\u00fcrkiy\u0259, v\u0259 Pakistan parlament s\u0259drl\u0259rinin Birinci \u00dc\u00e7t\u0259r\u0259fli G\u00f6r\u00fc\u015f\u00fcn\u00fcn ke\u00e7irilm\u0259sinin, \u00fc\u00e7t\u0259r\u0259fli parlament \u0259m\u0259kda\u015fl\u0131q format\u0131n\u0131n t\u0259sis edilm\u0259sinin v\u0259 Bak\u0131 B\u0259yannam\u0259sinin imzalanmas\u0131n\u0131n \u0259h\u0259miyy\u0259ti x\u00fcsusi vur\u011fulan\u0131b.<\/p>\n<p>Milli M\u0259clisin komit\u0259 s\u0259dri m\u00fcharib\u0259d\u0259n sonra regionda yaranan yeni reall\u0131qlar, Az\u0259rbaycan\u0131n b\u00f6lg\u0259 d\u00f6vl\u0259tl\u0259rin\u0259 fayda ver\u0259c\u0259k iqtisadi \u0259m\u0259kda\u015fl\u0131q t\u0259klifl\u0259ri v\u0259 davaml\u0131 s\u00fclh\u00fcn b\u0259rq\u0259rar edilm\u0259si istiqam\u0259tind\u0259 t\u0259\u015f\u0259bb\u00fcsl\u0259ri bar\u0259d\u0259 dan\u0131\u015f\u0131b.<\/p>\n<p>Pakistan \u0130slam Respublikas\u0131n\u0131n Az\u0259rbaycandak\u0131 s\u0259firi Bilal Haye Az\u0259rbaycan\u0131n \u0259razi b\u00fct\u00f6vl\u00fcy\u00fcn\u00fcn b\u0259rpa edilm\u0259sini, b\u00f6lg\u0259d\u0259 yeni inki\u015faf imkanlar\u0131n\u0131n yaranmas\u0131n\u0131 alq\u0131\u015flay\u0131b.<\/p>\n<p>G\u00f6r\u00fc\u015fd\u0259 parlamentl\u0259raras\u0131 \u0259laq\u0259l\u0259rin inki\u015faf perspektivl\u0259ri m\u00fczakir\u0259 olunub, m\u00fcxt\u0259lif platformalarda siyasi, iqtisadi, ticar\u0259t, m\u0259d\u0259ni \u0259m\u0259kda\u015fl\u0131\u011f\u0131n geni\u015fl\u0259ndirilm\u0259sinin vacibliyi vur\u011fulan\u0131b.<\/p>\n<p>&nbsp;<\/p>\n<div class=\"gallery\">\n<div class=\"gallery-i\"><img src=\"https:\/\/cdn.oxu.az\/uploads\/W1siZiIsIjIwMjEvMTAvMTMvMTgvMjkvNDcvOTFhMTc3NGMtOTlkMC00MmVkLWIwODQtOTkwM2I2NmJhMmNkLzE3YzVkZGRlLWZlMWMtMzZiMi04MmRkLTQwZWIwYWM4YjJhMi5qcGVnIl0sWyJwIiwiZW5jb2RlIiwianBnIiwiLXF1YWxpdHkgODAiXSxbInAiLCJ0aHVtYiIsIjU5MHg1OTBcdTAwM2UiXV0?sha=942f32d2beec7e03\" alt=\"\" \/><\/p>\n<div class=\"gallery-i-caption\"><\/div>\n<\/div>\n<div class=\"gallery-i\"><img src=\"https:\/\/cdn.oxu.az\/uploads\/W1siZiIsIjIwMjEvMTAvMTMvMTgvMjkvNDcvYWE5NDQyMTgtNDQ0My00NzY2LTk5MWQtMzM3MmE4NThjN2IxLzkyNjQzOTY5LWQ5MzEtMzY0NC05Njc1LTE2Y2QyMmFkODJjOS5qcGVnIl0sWyJwIiwiZW5jb2RlIiwianBnIiwiLXF1YWxpdHkgODAiXSxbInAiLCJ0aHVtYiIsIjU5MHg1OTBcdTAwM2UiXV0?sha=2db451024623e540\" alt=\"\" \/><\/div>\n<\/div>\n","protected":false},"excerpt":{"rendered":"<p>Milli M\u0259clisin Beyn\u0259lxalq m\u00fcnasib\u0259tl\u0259r v\u0259 parlamentl\u0259raras\u0131 \u0259laq\u0259l\u0259r komit\u0259sinin s\u0259dri S\u0259m\u0259d Seyidov Pakistan \u0130slam Respublikas\u0131n\u0131n \u00f6lk\u0259mizd\u0259ki s\u0259firi Bilal Haye il\u0259 g\u00f6r\u00fc\u015f\u00fcb. Bu bar\u0259d\u0259 Milli M\u0259clisin M\u0259tbuat v\u0259 ictimaiyy\u0259tl\u0259 \u0259laq\u0259l\u0259r \u015f\u00f6b\u0259si m\u0259lumat yay\u0131b. Bildirilib ki, S\u0259m\u0259d Seyidov Az\u0259rbaycanla Pakistan\u0131 ortaq d\u0259y\u0259rl\u0259r, qarda\u015fl\u0131q \u0259laq\u0259l\u0259ri birl\u0259\u015fdirdiyini v\u0259 aram\u0131zdak\u0131 m\u00fcnasib\u0259tl\u0259rin strateji m\u00fctt\u0259fiqlik s\u0259viyy\u0259sind\u0259 oldu\u011funu bildirib. Komit\u0259 s\u0259dri Az\u0259rbaycan\u0131n Pakistanla m\u00fcnasib\u0259tl\u0259ri daha da inki\u015faf etdirm\u0259y\u0259 x\u00fcsusi \u00f6n\u0259m verdiyini vur\u011fulay\u0131b. O, Az\u0259rbaycan torpaqlar\u0131n\u0131n Erm\u0259nistan t\u0259r\u0259find\u0259n i\u015f\u011fal alt\u0131nda saxland\u0131\u011f\u0131 d\u00f6vrd\u0259 d\u0259, \u00f6lk\u0259mizin \u0259razi b\u00fct\u00f6vl\u00fcy\u00fcn\u00fcn b\u0259rpas\u0131 il\u0259 ba\u011fl\u0131 apard\u0131\u011f\u0131 44 g\u00fcnl\u00fck V\u0259t\u0259n m\u00fcharib\u0259sind\u0259 d\u0259 Pakistan\u0131n haqq i\u015fimizi q\u0259tiyy\u0259tl\u0259 m\u00fcdafi\u0259&hellip;<\/p>\n","protected":false},"author":2,"featured_media":390305,"comment_status":"closed","ping_status":"closed","sticky":false,"template":"","format":"standard","meta":{"om_disable_all_campaigns":false,"_monsterinsights_skip_tracking":false,"_monsterinsights_sitenote_active":false,"_monsterinsights_sitenote_note":"","_monsterinsights_sitenote_category":0},"categories":[4],"tags":[],"aioseo_notices":[],"gutentor_comment":0,"rttpg_featured_image_url":{"full":["https:\/\/arantv.az\/wp-content\/uploads\/2021\/10\/FotoJet-2021-10-13T182919.688.jpg",620,413,false],"landscape":["https:\/\/arantv.az\/wp-content\/uploads\/2021\/10\/FotoJet-2021-10-13T182919.688.jpg",620,413,false],"portraits":["https:\/\/arantv.az\/wp-content\/uploads\/2021\/10\/FotoJet-2021-10-13T182919.688.jpg",620,413,false],"thumbnail":["https:\/\/arantv.az\/wp-content\/uploads\/2021\/10\/FotoJet-2021-10-13T182919.688-500x280.jpg",500,280,true],"medium":["https:\/\/arantv.az\/wp-content\/uploads\/2021\/10\/FotoJet-2021-10-13T182919.688-548x365.jpg",548,365,true],"large":["https:\/\/arantv.az\/wp-content\/uploads\/2021\/10\/FotoJet-2021-10-13T182919.688.jpg",620,413,false],"1536x1536":["https:\/\/arantv.az\/wp-content\/uploads\/2021\/10\/FotoJet-2021-10-13T182919.688.jpg",620,413,false],"2048x2048":["https:\/\/arantv.az\/wp-content\/uploads\/2021\/10\/FotoJet-2021-10-13T182919.688.jpg",620,413,false],"post-thumbnail":["https:\/\/arantv.az\/wp-content\/uploads\/2021\/10\/FotoJet-2021-10-13T182919.688-240x172.jpg",240,172,true],"advps-thumb-one":["https:\/\/arantv.az\/wp-content\/uploads\/2021\/10\/FotoJet-2021-10-13T182919.688.jpg",620,413,false]},"rttpg_author":{"display_name":"V\u00fcsal Rafiqo\u011flu","author_link":"https:\/\/arantv.az\/?author=2"},"rttpg_comment":0,"rttpg_category":"<a href=\"https:\/\/arantv.az\/?cat=4\" rel=\"category\">Siyas\u0259t<\/a>","rttpg_excerpt":"Milli M\u0259clisin Beyn\u0259lxalq m\u00fcnasib\u0259tl\u0259r v\u0259 parlamentl\u0259raras\u0131 \u0259laq\u0259l\u0259r komit\u0259sinin s\u0259dri S\u0259m\u0259d Seyidov Pakistan \u0130slam Respublikas\u0131n\u0131n \u00f6lk\u0259mizd\u0259ki s\u0259firi Bilal Haye il\u0259 g\u00f6r\u00fc\u015f\u00fcb. Bu bar\u0259d\u0259 Milli M\u0259clisin M\u0259tbuat v\u0259 ictimaiyy\u0259tl\u0259 \u0259laq\u0259l\u0259r \u015f\u00f6b\u0259si m\u0259lumat yay\u0131b. Bildirilib ki, S\u0259m\u0259d Seyidov Az\u0259rbaycanla Pakistan\u0131 ortaq d\u0259y\u0259rl\u0259r, qarda\u015fl\u0131q \u0259laq\u0259l\u0259ri birl\u0259\u015fdirdiyini v\u0259 aram\u0131zdak\u0131 m\u00fcnasib\u0259tl\u0259rin strateji m\u00fctt\u0259fiqlik s\u0259viyy\u0259sind\u0259 oldu\u011funu bildirib. Komit\u0259 s\u0259dri Az\u0259rbaycan\u0131n Pakistanla m\u00fcnasib\u0259tl\u0259ri&hellip;","_links":{"self":[{"href":"https:\/\/arantv.az\/index.php?rest_route=\/wp\/v2\/posts\/390304"}],"collection":[{"href":"https:\/\/arantv.az\/index.php?rest_route=\/wp\/v2\/posts"}],"about":[{"href":"https:\/\/arantv.az\/index.php?rest_route=\/wp\/v2\/types\/post"}],"author":[{"embeddable":true,"href":"https:\/\/arantv.az\/index.php?rest_route=\/wp\/v2\/users\/2"}],"replies":[{"embeddable":true,"href":"https:\/\/arantv.az\/index.php?rest_route=%2Fwp%2Fv2%2Fcomments&post=390304"}],"version-history":[{"count":0,"href":"https:\/\/arantv.az\/index.php?rest_route=\/wp\/v2\/posts\/390304\/revisions"}],"wp:featuredmedia":[{"embeddable":true,"href":"https:\/\/arantv.az\/index.php?rest_route=\/wp\/v2\/media\/390305"}],"wp:attachment":[{"href":"https:\/\/arantv.az\/index.php?rest_route=%2Fwp%2Fv2%2Fmedia&parent=390304"}],"wp:term":[{"taxonomy":"category","embeddable":true,"href":"https:\/\/arantv.az\/index.php?rest_route=%2Fwp%2Fv2%2Fcategories&post=390304"},{"taxonomy":"post_tag","embeddable":true,"href":"https:\/\/arantv.az\/index.php?rest_route=%2Fwp%2Fv2%2Ftags&post=390304"}],"curies":[{"name":"wp","href":"https:\/\/api.w.org\/{rel}","templated":true}]}}