{"id":390307,"date":"2021-10-13T19:03:48","date_gmt":"2021-10-13T16:03:48","guid":{"rendered":"http:\/\/arantv.az\/?p=390307"},"modified":"2021-10-13T19:03:48","modified_gmt":"2021-10-13T16:03:48","slug":"iranin-b%c9%99s%c9%99riyy%c9%99t%c9%99-qarsi-novb%c9%99ti-cinay%c9%99ti-%c9%99rd%c9%99billi-f%c9%99allar-d%c9%99rhal-azad-edilm%c9%99lidir-foto","status":"publish","type":"post","link":"https:\/\/arantv.az\/?p=390307","title":{"rendered":"\u0130ran\u0131n b\u0259\u015f\u0259riyy\u0259t\u0259 qar\u015f\u0131 n\u00f6vb\u0259ti cinay\u0259ti: \u018frd\u0259billi f\u0259allar d\u0259rhal azad edilm\u0259lidir! &#8211; FOTO"},"content":{"rendered":"<p>\u00d6t\u0259n il\u00a0sentyabr\u0131n 27-d\u0259 ba\u015flanan v\u0259 44 g\u00fcn davam ed\u0259n m\u00fcharib\u0259d\u0259 Az\u0259rbaycan Ordusuna d\u0259st\u0259k v\u0259 \u0130ran\u0131n Erm\u0259nistana yard\u0131mlar\u0131na etiraz m\u0259qs\u0259dil\u0259 \u018frd\u0259bil \u015f\u0259h\u0259rinin Ciral park\u0131nda aksiya ke\u00e7ir\u0259n 12 \u0259rd\u0259billi f\u0259al bar\u0259sind\u0259 m\u0259hk\u0259m\u0259 q\u0259rar\u0131 \u0130ranla ba\u011fl\u0131 \u00e7oxdan b\u0259lli olan m\u0259tl\u0259bl\u0259rin \u0259yani s\u00fcbutu oldu.<\/p>\n<p>T\u0259k qay\u0259si \u0259dal\u0259tsizliy\u0259 qar\u015f\u0131 \u00e7\u0131xmaq, haqq\u0131n t\u0259nt\u0259n\u0259sini m\u00fcdafi\u0259 etm\u0259k olan \u0259rd\u0259billi f\u0259allar \u0130ran d\u00f6vl\u0259ti t\u0259r\u0259find\u0259n s\u0259rt \u015f\u0259kild\u0259 c\u0259zaland\u0131r\u0131ld\u0131. Bar\u0259l\u0259rind\u0259 m\u0259hk\u0259m\u0259 q\u0259rar\u0131 \u00e7\u0131xar\u0131lan H\u00fcseyn Balaxani, \u018fsg\u0259r \u018fkb\u0259rzad\u0259, Mustafa P\u0259rvin, Murt\u0259za P\u0259rvin, M\u00fcct\u0259ba P\u0259rvin, H\u0259mid Heyd\u0259ri, M\u0259h\u0259mm\u0259d Colani, S\u0259ccad Colani, S\u00fcbhan B\u0259x\u015fi, Mehdi Hu\u015fm\u0259nd, P\u0259rviz Siyabi v\u0259 B\u0259hm\u0259n Xeyrcu kimi f\u0259allar\u0131n h\u0259r biri \u201ch\u00fcquq-m\u00fchafiz\u0259 orqanlar\u0131n\u0131n m\u0259murlar\u0131na qar\u015f\u0131 ita\u0259tsizlik\u201d ittiham\u0131na g\u00f6r\u0259 7 ay 16 g\u00fcn, \u201cictimai asayi\u015fi pozmaq\u201d ittiham\u0131na g\u00f6r\u0259 7 ay 16 g\u00fcn h\u0259bs v\u0259 74 qam\u00e7\u0131 c\u0259zas\u0131na m\u0259hkum edildil\u0259r.<\/p>\n<p>F\u0259allar saxlan\u0131lark\u0259n bel\u0259 onlara qar\u015f\u0131 amans\u0131z m\u00f6vqe ortaya qoyan, onlar\u0131 d\u00f6yd\u00fcr\u0259r\u0259k h\u0259bs ed\u0259n \u0130ran d\u00f6vl\u0259ti \u00f6z \u00e7irkin maraqlar\u0131 namin\u0259 insan h\u00fcquqlar\u0131n\u0131 kobud \u015f\u0259kild\u0259 poza bil\u0259c\u0259yini d\u0259 ortaya qoydu.<\/p>\n<p>\u018fslind\u0259 veril\u0259n c\u0259zan\u0131n a\u011f\u0131rl\u0131\u011f\u0131n\u0131 he\u00e7 d\u0259 bu \u015f\u0259xsl\u0259rin \u201cictimai a\u015fayi\u015fi pozmas\u0131\u201d il\u0259 \u0259sasland\u0131rmaq olmaz. \u00c7\u00fcnki bu c\u0259zan\u0131n arxas\u0131nda \u0130ran d\u00f6vl\u0259tinin \u0259sl \u00fcz\u00fc, d\u00f6vl\u0259ti idar\u0259 ed\u0259n x\u0259st\u0259 ideologiyalar\u0131n h\u0259r \u015feyd\u0259n \u00fcst\u00fcn tutulmas\u0131 dayan\u0131r. \u018frd\u0259billi &#8211; \u0259sl\u0259n az\u0259rbaycanl\u0131 olan bu f\u0259allar n\u0259 ist\u0259yirdi? Onlar\u0131n t\u0259l\u0259bl\u0259ri \u0130ran d\u00f6vl\u0259ti \u00fc\u00e7\u00fcn bu q\u0259d\u0259r a\u011f\u0131r idimi?<\/p>\n<p>Bu f\u0259allar \u0130ran d\u00f6vl\u0259tind\u0259n qon\u015fusu, dini, m\u0259d\u0259ni, tarixi ba\u011flar\u0131 \u00e7ox g\u00fccl\u00fc olan Az\u0259rbaycan d\u00f6vl\u0259tin\u0259 qar\u015f\u0131 44 g\u00fcnl\u00fck m\u00fcharib\u0259d\u0259 \u0259n az\u0131 neytral qalma\u011f\u0131 t\u0259l\u0259b edirdil\u0259r. \u00c7\u00fcnki \u0130ran onsuz da buna q\u0259d\u0259r s\u00f6zd\u0259 verdiyi a\u00e7\u0131qlamalarla Az\u0259rbaycan\u0131n \u0259razi b\u00fct\u00f6vl\u00fcy\u00fcn\u00fc d\u0259st\u0259kl\u0259s\u0259 d\u0259, gizli qap\u0131lar arxas\u0131nda i\u015f\u011fal\u00e7\u0131lara ist\u0259nil\u0259n d\u0259st\u0259yi verir, b\u00f6lg\u0259d\u0259 yaranm\u0131\u015f qar\u0131\u015f\u0131ql\u0131qdan \u00f6z planlar\u0131 namin\u0259 istifad\u0259 edirdi.<\/p>\n<p>Ancaq \u0130ran Az\u0259rbaycan xalq\u0131n\u0131n haqq sava\u015f\u0131na ba\u015flad\u0131\u011f\u0131 g\u00fcnl\u0259rd\u0259 bel\u0259 neytral davrana bilm\u0259di. Qanunsuz \u0259m\u0259ll\u0259ri \u00fc\u00e7\u00fcn ideal platforman\u0131n \u0259ld\u0259n getdiyini g\u00f6r\u0259n \u0130ran a\u00e7\u0131q \u015f\u0259kild\u0259 Erm\u0259nistana yard\u0131m g\u00f6nd\u0259rm\u0259y\u0259 ba\u015flad\u0131. H\u0259r halda, \u0130ran xalq\u0131, orada ya\u015fayan az\u0259rbaycanl\u0131lar da bu xain \u0259m\u0259l\u0259 s\u0259ssiz qala bilm\u0259di. \u00c7\u0259kdikl\u0259ri g\u00f6r\u00fcnt\u00fcl\u0259rl\u0259 d\u00f6vl\u0259tin riyakar plan\u0131n\u0131 if\u015fa etdil\u0259r, k\u00fc\u00e7\u0259l\u0259r\u0259 ax\u0131\u015f\u0131b Erm\u0259nistana da\u015f\u0131nan texnika v\u0259 yard\u0131mlara etiraz etm\u0259kl\u0259 onun qaranl\u0131q \u00fcz\u00fcn\u00fc ortaya \u00e7\u0131xararaq \u0130ran\u0131n yaratma\u011fa \u00e7al\u0131\u015fd\u0131\u011f\u0131 \u201cmehriban qon\u015fu\u201d imicin\u0259 a\u011f\u0131r z\u0259rb\u0259 vurdular.<\/p>\n<p>\u018fsl mahiyy\u0259tinin, tarix\u0259 qara l\u0259k\u0259 olaraq d\u00fc\u015f\u0259c\u0259k \u0259m\u0259ll\u0259rinin if\u015fas\u0131 il\u0259 az\u011f\u0131nla\u015fan \u0130ran is\u0259 bu insanlar\u0131 \u00f6z ad\u0131na layiq \u015f\u0259kild\u0259 c\u0259zaland\u0131rd\u0131. Demokratiyan\u0131 bo\u011fan, azadl\u0131qlar\u0131 q\u0259bul etm\u0259y\u0259n, \u00f6z maraqlar\u0131 namin\u0259 ad\u0131nda da\u015f\u0131d\u0131\u011f\u0131 \u0130slam dinin\u0259 bel\u0259 x\u0259yan\u0259t etm\u0259y\u0259 haz\u0131r olan \u0130randan ba\u015fqa c\u00fcr add\u0131m g\u00f6zl\u0259m\u0259k d\u0259 olmazd\u0131.<\/p>\n<p>\u0130\u015f\u011fal\u00e7\u0131lar regionda at oynadanda, islam abid\u0259l\u0259ri yerl\u0259-yeksan edil\u0259nd\u0259, t\u0259hqir edil\u0259nd\u0259 susan, erm\u0259nil\u0259r \u0130ran \u0259razisind\u0259 \u00f6z qondarma soyq\u0131r\u0131m\u0131n\u0131 yad ed\u0259rk\u0259n h\u0259min o \u201cictimai asayi\u015fin pozulmas\u0131\u201dn\u0131 duymayan Tehran bu m\u0259s\u0259l\u0259d\u0259 \u00e7ox \u201csay\u0131q\u201d t\u0259rp\u0259ndi.<\/p>\n<p>Anlams\u0131z qorxular\u0131n\u0131n \u0259lind\u0259 oyunca\u011fa \u00e7evril\u0259n, Az\u0259rbaycana qar\u015f\u0131 mollalar\u0131n\u0131n \u0259li il\u0259 kin qusan \u0130ran \u0259rd\u0259billi f\u0259allara verdiyi \u0259n a\u011f\u0131r c\u0259za il\u0259 \u0259slind\u0259 mesaj verm\u0259y\u0259 \u00e7al\u0131\u015fd\u0131. \u0130ran dem\u0259y\u0259 \u00e7al\u0131\u015fd\u0131 ki, o he\u00e7 vaxt demokratiya \u00f6n\u0259m verm\u0259y\u0259c\u0259k, bu \u00f6lk\u0259d\u0259 h\u0259r zaman mollalar\u0131n fikri b\u00fct\u00fcn xalq\u0131n aya\u011f\u0131na yaz\u0131lma\u011fa \u00e7al\u0131\u015f\u0131lacaq, ortada gizli maraqlar\u0131 dayand\u0131\u011f\u0131 halda \u0130ran h\u0259tta \u0259n ali d\u0259y\u0259rl\u0259r\u0259 bel\u0259 g\u00f6z\u00fcn\u00fc bel\u0259 q\u0131rpmadan x\u0259yanat ed\u0259c\u0259k, onlar\u0131 he\u00e7\u0259 sayacaq,.<\/p>\n<p>Sad\u0259c\u0259 h\u0259qiq\u0259ti dedikl\u0259ri v\u0259 \u0130ran\u0131 t\u0259nqid etdikl\u0259ri \u00fc\u00e7\u00fcn h\u0259bs olunan bu f\u0259allar m\u00fctl\u0259q \u015f\u0259kild\u0259 azadl\u0131\u011fa \u00e7\u0131xmal\u0131d\u0131r. \u0130ran d\u00f6vl\u0259ti tarix\u0259 sald\u0131\u011f\u0131 n\u00f6vb\u0259ti l\u0259k\u0259ni yumaq \u00fc\u00e7\u00fcn \u0259n az\u0131ndan bu f\u0259allar\u0131n h\u0259r birind\u0259n, onlar\u0131n ail\u0259 \u00fczvl\u0259ri v\u0259 d\u00fc\u015f\u00fcnc\u0259l\u0259rini b\u00f6l\u00fc\u015f\u0259n b\u00fct\u00fcn v\u0259t\u0259nda\u015flar\u0131ndan \u00fczr ist\u0259y\u0259r\u0259k onlara verilmi\u015f c\u0259zan\u0131 l\u0259\u011fv etm\u0259lidir.<\/p>\n<p>\u0130ran d\u00f6vl\u0259ti \u00fc\u00e7\u00fcn insan h\u00fcquqlar\u0131 bir \u00f6n\u0259m da\u015f\u0131masa da, beyn\u0259lxalq ictimaiyy\u0259t, o c\u00fcml\u0259d\u0259n Az\u0259rbaycan \u00fc\u00e7\u00fcn bu amil \u00f6n planda dayan\u0131r. H\u0259tta m\u00fcharib\u0259 d\u00f6vr\u00fcnd\u0259 bel\u0259 d\u00fc\u015fm\u0259nin xain terror h\u00fccumlar\u0131na c\u0259bh\u0259d\u0259 m\u0259rd \u015f\u0259kild\u0259 cavab verm\u0259kl\u0259 insan h\u00fcquqlar\u0131n\u0131n aliliyini bir daha ortaya qoyan Az\u0259rbaycan bu m\u0259s\u0259l\u0259d\u0259 \u0130rana n\u00fcmun\u0259 olmal\u0131d\u0131r. \u0130ran s\u00f6z\u00fcged\u0259n d\u00f6vrd\u0259 l\u0259yaq\u0259tl\u0259 davran\u0131b, haqq\u0131 m\u00fcdafi\u0259 etm\u0259s\u0259 d\u0259, \u0259n az\u0131ndan neytral m\u00f6vqe ortaya qoymasa da, \u0130slam\u0131 \u00f6z maraqlar\u0131na satsa da, he\u00e7 olmasa bu yanl\u0131\u015f\u0131ndan d\u00f6nm\u0259y\u0259 borcludur.<\/p>\n<p>\u00c7\u00fcnki Az\u0259rbaycan d\u00f6vl\u0259tinin \u0130ran\u0131n d\u0259st\u0259yin\u0259 ehtiyac\u0131 olmay\u0131b, biz t\u0259kba\u015f\u0131na \u00f6z haqq sava\u015f\u0131m\u0131z\u0131 apar\u0131b ondan qalib ayr\u0131lm\u0131\u015f\u0131q. \u018frd\u0259billi f\u0259allar is\u0259 t\u0259\u0259ss\u00fcf ki, \u0130randan as\u0131l\u0131d\u0131r. Onlar\u0131n haqq\u0131 nahaqdan ay\u0131ra bildikl\u0259ri \u00fc\u00e7\u00fcn c\u0259zaland\u0131r\u0131lmas\u0131 \u0259n sad\u0259 \u015f\u0259kild\u0259 des\u0259k, \u0259xlaqs\u0131zl\u0131qd\u0131r. K\u00fc\u00e7\u0259l\u0259r\u0259 \u00e7\u0131x\u0131b haqq\u0131 t\u0259l\u0259b etm\u0259k cinay\u0259t olmasa da, onlar\u0131 c\u0259zaland\u0131rmaq cinay\u0259tdir.<\/p>\n<p>Odur ki, \u0130ran d\u00f6vl\u0259ti \u00e7ox tezlikl\u0259 b\u0259\u015f\u0259riyy\u0259t\u0259 qar\u015f\u0131 cinay\u0259t olan bu add\u0131mdan da\u015f\u0131nmal\u0131, s\u0259hvini etiraf ed\u0259r\u0259k \u0259rd\u0259billi g\u0259ncl\u0259ri azad etm\u0259lidir.<\/p>\n<p>&nbsp;<\/p>\n<div class=\"gallery\">\n<div class=\"gallery-i\"><img src=\"https:\/\/cdn.oxu.az\/uploads\/W1siZiIsIjIwMjEvMTAvMTMvMTgvMDIvMjgvMmEyZDhjNWQtMzZjOS00OTM2LTg1MTUtYzRlMjcyY2E5NmRmL2lyYW4tNSAoMSkuanBnIl0sWyJwIiwiZW5jb2RlIiwianBnIiwiLXF1YWxpdHkgODAiXSxbInAiLCJ0aHVtYiIsIjU5MHg1OTBcdTAwM2UiXV0?sha=7d6b2771d8c253dc\" alt=\"\" \/><\/div>\n<\/div>\n","protected":false},"excerpt":{"rendered":"<p>\u00d6t\u0259n il\u00a0sentyabr\u0131n 27-d\u0259 ba\u015flanan v\u0259 44 g\u00fcn davam ed\u0259n m\u00fcharib\u0259d\u0259 Az\u0259rbaycan Ordusuna d\u0259st\u0259k v\u0259 \u0130ran\u0131n Erm\u0259nistana yard\u0131mlar\u0131na etiraz m\u0259qs\u0259dil\u0259 \u018frd\u0259bil \u015f\u0259h\u0259rinin Ciral park\u0131nda aksiya ke\u00e7ir\u0259n 12 \u0259rd\u0259billi f\u0259al bar\u0259sind\u0259 m\u0259hk\u0259m\u0259 q\u0259rar\u0131 \u0130ranla ba\u011fl\u0131 \u00e7oxdan b\u0259lli olan m\u0259tl\u0259bl\u0259rin \u0259yani s\u00fcbutu oldu. T\u0259k qay\u0259si \u0259dal\u0259tsizliy\u0259 qar\u015f\u0131 \u00e7\u0131xmaq, haqq\u0131n t\u0259nt\u0259n\u0259sini m\u00fcdafi\u0259 etm\u0259k olan \u0259rd\u0259billi f\u0259allar \u0130ran d\u00f6vl\u0259ti t\u0259r\u0259find\u0259n s\u0259rt \u015f\u0259kild\u0259 c\u0259zaland\u0131r\u0131ld\u0131. Bar\u0259l\u0259rind\u0259 m\u0259hk\u0259m\u0259 q\u0259rar\u0131 \u00e7\u0131xar\u0131lan H\u00fcseyn Balaxani, \u018fsg\u0259r \u018fkb\u0259rzad\u0259, Mustafa P\u0259rvin, Murt\u0259za P\u0259rvin, M\u00fcct\u0259ba P\u0259rvin, H\u0259mid Heyd\u0259ri, M\u0259h\u0259mm\u0259d Colani, S\u0259ccad Colani, S\u00fcbhan B\u0259x\u015fi, Mehdi Hu\u015fm\u0259nd, P\u0259rviz Siyabi v\u0259 B\u0259hm\u0259n Xeyrcu kimi f\u0259allar\u0131n h\u0259r&hellip;<\/p>\n","protected":false},"author":2,"featured_media":390308,"comment_status":"closed","ping_status":"closed","sticky":false,"template":"","format":"standard","meta":{"om_disable_all_campaigns":false,"_monsterinsights_skip_tracking":false,"_monsterinsights_sitenote_active":false,"_monsterinsights_sitenote_note":"","_monsterinsights_sitenote_category":0},"categories":[4],"tags":[],"aioseo_notices":[],"gutentor_comment":0,"rttpg_featured_image_url":{"full":["https:\/\/arantv.az\/wp-content\/uploads\/2021\/10\/FotoJet-95.jpg",620,413,false],"landscape":["https:\/\/arantv.az\/wp-content\/uploads\/2021\/10\/FotoJet-95.jpg",620,413,false],"portraits":["https:\/\/arantv.az\/wp-content\/uploads\/2021\/10\/FotoJet-95.jpg",620,413,false],"thumbnail":["https:\/\/arantv.az\/wp-content\/uploads\/2021\/10\/FotoJet-95-500x280.jpg",500,280,true],"medium":["https:\/\/arantv.az\/wp-content\/uploads\/2021\/10\/FotoJet-95-548x365.jpg",548,365,true],"large":["https:\/\/arantv.az\/wp-content\/uploads\/2021\/10\/FotoJet-95.jpg",620,413,false],"1536x1536":["https:\/\/arantv.az\/wp-content\/uploads\/2021\/10\/FotoJet-95.jpg",620,413,false],"2048x2048":["https:\/\/arantv.az\/wp-content\/uploads\/2021\/10\/FotoJet-95.jpg",620,413,false],"post-thumbnail":["https:\/\/arantv.az\/wp-content\/uploads\/2021\/10\/FotoJet-95-240x172.jpg",240,172,true],"advps-thumb-one":["https:\/\/arantv.az\/wp-content\/uploads\/2021\/10\/FotoJet-95.jpg",620,413,false]},"rttpg_author":{"display_name":"V\u00fcsal Rafiqo\u011flu","author_link":"https:\/\/arantv.az\/?author=2"},"rttpg_comment":0,"rttpg_category":"<a href=\"https:\/\/arantv.az\/?cat=4\" rel=\"category\">Siyas\u0259t<\/a>","rttpg_excerpt":"\u00d6t\u0259n il\u00a0sentyabr\u0131n 27-d\u0259 ba\u015flanan v\u0259 44 g\u00fcn davam ed\u0259n m\u00fcharib\u0259d\u0259 Az\u0259rbaycan Ordusuna d\u0259st\u0259k v\u0259 \u0130ran\u0131n Erm\u0259nistana yard\u0131mlar\u0131na etiraz m\u0259qs\u0259dil\u0259 \u018frd\u0259bil \u015f\u0259h\u0259rinin Ciral park\u0131nda aksiya ke\u00e7ir\u0259n 12 \u0259rd\u0259billi f\u0259al bar\u0259sind\u0259 m\u0259hk\u0259m\u0259 q\u0259rar\u0131 \u0130ranla ba\u011fl\u0131 \u00e7oxdan b\u0259lli olan m\u0259tl\u0259bl\u0259rin \u0259yani s\u00fcbutu oldu. T\u0259k qay\u0259si \u0259dal\u0259tsizliy\u0259 qar\u015f\u0131 \u00e7\u0131xmaq, haqq\u0131n t\u0259nt\u0259n\u0259sini m\u00fcdafi\u0259 etm\u0259k olan \u0259rd\u0259billi f\u0259allar \u0130ran d\u00f6vl\u0259ti t\u0259r\u0259find\u0259n&hellip;","_links":{"self":[{"href":"https:\/\/arantv.az\/index.php?rest_route=\/wp\/v2\/posts\/390307"}],"collection":[{"href":"https:\/\/arantv.az\/index.php?rest_route=\/wp\/v2\/posts"}],"about":[{"href":"https:\/\/arantv.az\/index.php?rest_route=\/wp\/v2\/types\/post"}],"author":[{"embeddable":true,"href":"https:\/\/arantv.az\/index.php?rest_route=\/wp\/v2\/users\/2"}],"replies":[{"embeddable":true,"href":"https:\/\/arantv.az\/index.php?rest_route=%2Fwp%2Fv2%2Fcomments&post=390307"}],"version-history":[{"count":0,"href":"https:\/\/arantv.az\/index.php?rest_route=\/wp\/v2\/posts\/390307\/revisions"}],"wp:featuredmedia":[{"embeddable":true,"href":"https:\/\/arantv.az\/index.php?rest_route=\/wp\/v2\/media\/390308"}],"wp:attachment":[{"href":"https:\/\/arantv.az\/index.php?rest_route=%2Fwp%2Fv2%2Fmedia&parent=390307"}],"wp:term":[{"taxonomy":"category","embeddable":true,"href":"https:\/\/arantv.az\/index.php?rest_route=%2Fwp%2Fv2%2Fcategories&post=390307"},{"taxonomy":"post_tag","embeddable":true,"href":"https:\/\/arantv.az\/index.php?rest_route=%2Fwp%2Fv2%2Ftags&post=390307"}],"curies":[{"name":"wp","href":"https:\/\/api.w.org\/{rel}","templated":true}]}}