{"id":390310,"date":"2021-10-13T19:04:29","date_gmt":"2021-10-13T16:04:29","guid":{"rendered":"http:\/\/arantv.az\/?p=390310"},"modified":"2021-10-13T19:04:29","modified_gmt":"2021-10-13T16:04:29","slug":"s%c9%99hid-batdal-bayraxdarovun-xatir%c9%99si-anilib-video","status":"publish","type":"post","link":"https:\/\/arantv.az\/?p=390310","title":{"rendered":"\u015e\u0259hid Batdal Bayraxdarovun xatir\u0259si an\u0131l\u0131b &#8211; V\u0130DEO"},"content":{"rendered":"<article class=\"news\">\n<div class=\"news-inner\">\n<p>V\u0259t\u0259n m\u00fcharib\u0259si Az\u0259rbaycan xalq\u0131n\u0131n tarixin\u0259 q\u0131z\u0131l h\u0259rfl\u0259rl\u0259 yaz\u0131ld\u0131. V\u0259t\u0259n sava\u015f\u0131 zaman\u0131 \u201ctorpaq\u201d, \u201cbayraq\u201d, \u201cigidlik\u201d, \u201cmilli h\u0259mr\u0259ylik\u201d v\u0259 dig\u0259r bu kimi d\u0259y\u0259rl\u0259rin xalq\u0131n d\u00fcnya g\u00f6r\u00fc\u015f\u00fcnd\u0259 x\u00fcsusi yer tutdu\u011funun bir daha \u015fahidi olduq.<\/p>\n<p>Bu g\u00fcn 2002-ci ild\u0259 Quban\u0131n A\u011fbil k\u0259ndind\u0259 d\u00fcnyaya g\u00f6z a\u00e7an Az\u0259rbaycan Ordusunun 18 ya\u015fl\u0131 \u0259sg\u0259ri, \u015f\u0259hid Batdal Bayraqdarovun xatir\u0259si an\u0131l\u0131b.<\/p>\n<p>V\u0259t\u0259n m\u00fcharib\u0259sind\u0259 ged\u0259n d\u00f6y\u00fc\u015fl\u0259rd\u0259 sava\u015fan Bayraqdarov oktyabr\u0131n 12-d\u0259 F\u00fczuli rayonu istiqam\u0259tind\u0259 \u015f\u0259hid olub. Do\u011fuldu\u011fu k\u0259ndd\u0259 \u015f\u0259hidin ad\u0131na bulaq in\u015fa edilib.<\/p>\n<div id=\"AdviadNativeVideo0\" class=\"AdviadNativeVideo\"><\/div>\n<p>A\u00e7\u0131l\u0131\u015fda i\u015ftirak ed\u0259nl\u0259r Batdal\u0131n q\u0259hr\u0259manl\u0131qlar\u0131ndan dan\u0131\u015f\u0131blar. \u015e\u0259hidin bac\u0131s\u0131 deyir ki, Batdal \u00f6lm\u0259yib, ya\u015fay\u0131r. N\u0259 zaman onu xat\u0131rlasa, qarda\u015f\u0131 h\u0259min g\u00fcn onun yuxusuna g\u0259lir. G\u0259nc ya\u015f\u0131nda v\u0259t\u0259nin azadl\u0131\u011f\u0131 u\u011frunda m\u00fcbariz\u0259 aparan Batdal Bayraqdarov uzun ill\u0259r idman\u0131n c\u00fcdo n\u00f6v\u00fc il\u0259 m\u0259\u015f\u011ful olub. O, d\u0259f\u0259l\u0259rl\u0259 yar\u0131\u015flarda qalib olaraq m\u00fckafatlara layiq g\u00f6r\u00fcl\u00fcb. \u0130\u015ftirak etdiyi yar\u0131\u015flarda f\u0259xri k\u00fcrs\u00fcn\u00fcn \u0259n y\u00fcks\u0259k pill\u0259sin\u0259 qalxmaq \u00fc\u00e7\u00fcn m\u00fcbariz\u0259 aparan Batdal bu g\u00fcn v\u0259t\u0259np\u0259rv\u0259rlik k\u00fcrs\u00fcs\u00fcn\u00fcn \u0259n \u00fcst pill\u0259sini f\u0259th ed\u0259r\u0259k \u015f\u0259hidlik zirv\u0259sin\u0259 ucal\u0131b.<\/p>\n<p>Batdal Bayraqdarov Az\u0259rbaycan\u0131n \u0259razi b\u00fct\u00f6vl\u00fcy\u00fcn\u00fcn t\u0259min edilm\u0259si u\u011frunda q\u0259hr\u0259manl\u0131qla d\u00f6y\u00fc\u015fd\u00fcy\u00fcn\u0259 g\u00f6r\u0259 \u00f6l\u00fcm\u00fcnd\u0259n sonra \u201cV\u0259t\u0259n u\u011frunda\u201d, \u201c\u0130gidliy\u0259 g\u00f6r\u0259\u201d, \u201cF\u00fczulinin azad olunmas\u0131na g\u00f6r\u0259\u201d medallar\u0131 il\u0259 t\u0259ltif edilib.<\/p>\n<p>\u018ftrafl\u0131 Baku TV-nin s\u00fcjetini t\u0259qdim edirik:<\/p>\n<div><iframe loading=\"lazy\" title=\"YouTube video player\" src=\"https:\/\/www.youtube.com\/embed\/Snix7107zHM\" width=\"560\" height=\"315\" frameborder=\"0\" allowfullscreen=\"allowfullscreen\" data-mce-fragment=\"1\"><\/iframe><\/div>\n<\/div>\n<\/article>\n<h2 class=\"news-share-title\"><\/h2>\n","protected":false},"excerpt":{"rendered":"<p>V\u0259t\u0259n m\u00fcharib\u0259si Az\u0259rbaycan xalq\u0131n\u0131n tarixin\u0259 q\u0131z\u0131l h\u0259rfl\u0259rl\u0259 yaz\u0131ld\u0131. V\u0259t\u0259n sava\u015f\u0131 zaman\u0131 \u201ctorpaq\u201d, \u201cbayraq\u201d, \u201cigidlik\u201d, \u201cmilli h\u0259mr\u0259ylik\u201d v\u0259 dig\u0259r bu kimi d\u0259y\u0259rl\u0259rin xalq\u0131n d\u00fcnya g\u00f6r\u00fc\u015f\u00fcnd\u0259 x\u00fcsusi yer tutdu\u011funun bir daha \u015fahidi olduq. Bu g\u00fcn 2002-ci ild\u0259 Quban\u0131n A\u011fbil k\u0259ndind\u0259 d\u00fcnyaya g\u00f6z a\u00e7an Az\u0259rbaycan Ordusunun 18 ya\u015fl\u0131 \u0259sg\u0259ri, \u015f\u0259hid Batdal Bayraqdarovun xatir\u0259si an\u0131l\u0131b. V\u0259t\u0259n m\u00fcharib\u0259sind\u0259 ged\u0259n d\u00f6y\u00fc\u015fl\u0259rd\u0259 sava\u015fan Bayraqdarov oktyabr\u0131n 12-d\u0259 F\u00fczuli rayonu istiqam\u0259tind\u0259 \u015f\u0259hid olub. Do\u011fuldu\u011fu k\u0259ndd\u0259 \u015f\u0259hidin ad\u0131na bulaq in\u015fa edilib. A\u00e7\u0131l\u0131\u015fda i\u015ftirak ed\u0259nl\u0259r Batdal\u0131n q\u0259hr\u0259manl\u0131qlar\u0131ndan dan\u0131\u015f\u0131blar. \u015e\u0259hidin bac\u0131s\u0131 deyir ki, Batdal \u00f6lm\u0259yib, ya\u015fay\u0131r. N\u0259 zaman onu xat\u0131rlasa, qarda\u015f\u0131 h\u0259min&hellip;<\/p>\n","protected":false},"author":2,"featured_media":390311,"comment_status":"closed","ping_status":"closed","sticky":false,"template":"","format":"standard","meta":{"om_disable_all_campaigns":false,"_monsterinsights_skip_tracking":false,"_monsterinsights_sitenote_active":false,"_monsterinsights_sitenote_note":"","_monsterinsights_sitenote_category":0},"categories":[26],"tags":[],"aioseo_notices":[],"gutentor_comment":0,"rttpg_featured_image_url":{"full":["https:\/\/arantv.az\/wp-content\/uploads\/2021\/10\/FotoJet-2-9.jpg",620,419,false],"landscape":["https:\/\/arantv.az\/wp-content\/uploads\/2021\/10\/FotoJet-2-9.jpg",620,419,false],"portraits":["https:\/\/arantv.az\/wp-content\/uploads\/2021\/10\/FotoJet-2-9.jpg",620,419,false],"thumbnail":["https:\/\/arantv.az\/wp-content\/uploads\/2021\/10\/FotoJet-2-9-500x280.jpg",500,280,true],"medium":["https:\/\/arantv.az\/wp-content\/uploads\/2021\/10\/FotoJet-2-9-540x365.jpg",540,365,true],"large":["https:\/\/arantv.az\/wp-content\/uploads\/2021\/10\/FotoJet-2-9.jpg",620,419,false],"1536x1536":["https:\/\/arantv.az\/wp-content\/uploads\/2021\/10\/FotoJet-2-9.jpg",620,419,false],"2048x2048":["https:\/\/arantv.az\/wp-content\/uploads\/2021\/10\/FotoJet-2-9.jpg",620,419,false],"post-thumbnail":["https:\/\/arantv.az\/wp-content\/uploads\/2021\/10\/FotoJet-2-9-240x172.jpg",240,172,true],"advps-thumb-one":["https:\/\/arantv.az\/wp-content\/uploads\/2021\/10\/FotoJet-2-9.jpg",620,419,false]},"rttpg_author":{"display_name":"V\u00fcsal Rafiqo\u011flu","author_link":"https:\/\/arantv.az\/?author=2"},"rttpg_comment":0,"rttpg_category":"<a href=\"https:\/\/arantv.az\/?cat=26\" rel=\"category\">Sosial<\/a>","rttpg_excerpt":"V\u0259t\u0259n m\u00fcharib\u0259si Az\u0259rbaycan xalq\u0131n\u0131n tarixin\u0259 q\u0131z\u0131l h\u0259rfl\u0259rl\u0259 yaz\u0131ld\u0131. V\u0259t\u0259n sava\u015f\u0131 zaman\u0131 \u201ctorpaq\u201d, \u201cbayraq\u201d, \u201cigidlik\u201d, \u201cmilli h\u0259mr\u0259ylik\u201d v\u0259 dig\u0259r bu kimi d\u0259y\u0259rl\u0259rin xalq\u0131n d\u00fcnya g\u00f6r\u00fc\u015f\u00fcnd\u0259 x\u00fcsusi yer tutdu\u011funun bir daha \u015fahidi olduq. Bu g\u00fcn 2002-ci ild\u0259 Quban\u0131n A\u011fbil k\u0259ndind\u0259 d\u00fcnyaya g\u00f6z a\u00e7an Az\u0259rbaycan Ordusunun 18 ya\u015fl\u0131 \u0259sg\u0259ri, \u015f\u0259hid Batdal Bayraqdarovun xatir\u0259si an\u0131l\u0131b. V\u0259t\u0259n m\u00fcharib\u0259sind\u0259 ged\u0259n d\u00f6y\u00fc\u015fl\u0259rd\u0259&hellip;","_links":{"self":[{"href":"https:\/\/arantv.az\/index.php?rest_route=\/wp\/v2\/posts\/390310"}],"collection":[{"href":"https:\/\/arantv.az\/index.php?rest_route=\/wp\/v2\/posts"}],"about":[{"href":"https:\/\/arantv.az\/index.php?rest_route=\/wp\/v2\/types\/post"}],"author":[{"embeddable":true,"href":"https:\/\/arantv.az\/index.php?rest_route=\/wp\/v2\/users\/2"}],"replies":[{"embeddable":true,"href":"https:\/\/arantv.az\/index.php?rest_route=%2Fwp%2Fv2%2Fcomments&post=390310"}],"version-history":[{"count":0,"href":"https:\/\/arantv.az\/index.php?rest_route=\/wp\/v2\/posts\/390310\/revisions"}],"wp:featuredmedia":[{"embeddable":true,"href":"https:\/\/arantv.az\/index.php?rest_route=\/wp\/v2\/media\/390311"}],"wp:attachment":[{"href":"https:\/\/arantv.az\/index.php?rest_route=%2Fwp%2Fv2%2Fmedia&parent=390310"}],"wp:term":[{"taxonomy":"category","embeddable":true,"href":"https:\/\/arantv.az\/index.php?rest_route=%2Fwp%2Fv2%2Fcategories&post=390310"},{"taxonomy":"post_tag","embeddable":true,"href":"https:\/\/arantv.az\/index.php?rest_route=%2Fwp%2Fv2%2Ftags&post=390310"}],"curies":[{"name":"wp","href":"https:\/\/api.w.org\/{rel}","templated":true}]}}