{"id":390313,"date":"2021-10-13T19:05:11","date_gmt":"2021-10-13T16:05:11","guid":{"rendered":"http:\/\/arantv.az\/?p=390313"},"modified":"2021-10-13T19:05:11","modified_gmt":"2021-10-13T16:05:11","slug":"prezidentin-musahib%c9%99si-baki-moskva-%c9%99laq%c9%99l%c9%99ri-avropa-ittifaqi-il%c9%99-munasib%c9%99tl%c9%99r-v%c9%99-iran-amili-s%c9%99rh","status":"publish","type":"post","link":"https:\/\/arantv.az\/?p=390313","title":{"rendered":"Prezidentin m\u00fcsahib\u0259si: Bak\u0131-Moskva \u0259laq\u0259l\u0259ri, Avropa \u0130ttifaq\u0131 il\u0259 m\u00fcnasib\u0259tl\u0259r v\u0259 \u0130ran amili \u2013 \u015e\u018fRH"},"content":{"rendered":"<p>Prezident \u0130lham \u018fliyevin \u0130taliyan\u0131n\u00a0\u201cLa Repubblica\u201d q\u0259zetin\u0259 m\u00fcsahib\u0259sind\u0259 Az\u0259rbaycan\u0131n cari xarici siyas\u0259ti il\u0259 ba\u011fl\u0131 \u0259sas istiqam\u0259tl\u0259r bunlard\u0131r:<\/p>\n<p>1.<strong>\u00a0Az\u0259rbaycan Qaraba\u011fdak\u0131 Rusiya s\u00fclhm\u0259raml\u0131lar\u0131n\u0131n f\u0259aliyy\u0259tind\u0259n m\u0259mnundur<\/strong>.<\/p>\n<p>Son zamanlar Az\u0259rbaycan-Rusiya m\u00fcnasib\u0259tl\u0259rinin xarakterin\u0259 yeni fon verilib, Bak\u0131 il\u0259 Moskva m\u00f6vqel\u0259ri uzla\u015fd\u0131r\u0131r. Ancaq a\u00e7\u0131q qalan m\u0259s\u0259l\u0259l\u0259rin h\u0259lli d\u0259 var ki, burada Rusiya s\u00fclhm\u0259raml\u0131lar\u0131n\u0131n da \u00fcz\u0259rin\u0259 m\u0259suliyy\u0259t d\u00fc\u015f\u00fcr.<\/p>\n<div id=\"AdviadNativeVideo0\" class=\"AdviadNativeVideo\"><\/div>\n<p>S\u00f6hb\u0259t \u0259cn\u0259bi v\u0259t\u0259nda\u015flar\u0131n Az\u0259rbaycan \u0259razil\u0259rin\u0259 qanunsuz s\u0259f\u0259rl\u0259ridir. \u0130lham \u018fliyev bununla ba\u011fl\u0131 dan\u0131\u015fark\u0259n deyib:<\/p>\n<p>\u201cBu m\u0259s\u0259l\u0259 Rusiyan\u0131n s\u0259lahiyy\u0259tli orqanlar\u0131n\u0131n, M\u00fcdafi\u0259 Nazirliyinin diqq\u0259tin\u0259 \u00e7atd\u0131r\u0131l\u0131b ki, buna son qoyulsun. Bu v\u0259 b\u0259zi dig\u0259r m\u0259s\u0259l\u0259l\u0259r \u00f6z h\u0259llini tapmal\u0131d\u0131r. Ancaq haz\u0131rda biz onlar\u0131n f\u0259aliyy\u0259tind\u0259n \u00fcmumilikd\u0259 raz\u0131y\u0131q\u201d.<\/p>\n<p>\u0130lham \u018fliyev Moskvaya ayd\u0131n mesaj verir ki, s\u00fclhm\u0259raml\u0131lar \u00f6z \u00a0n\u0259zar\u0259t zonas\u0131na daxil olan \u0259razil\u0259rl\u0259 ba\u011fl\u0131 m\u0259suliyy\u0259tini d\u0259rk etsin.<\/p>\n<p>2.\u00a0<strong>Az\u0259rbaycan Q\u0259rbl\u0259 d\u0259 m\u00fcnasib\u0259tl\u0259rinin inki\u015faf\u0131nda maraql\u0131d\u0131r<\/strong>. Az\u0259rbaycan Avrasiyan\u0131n m\u00fcasir infrastruktura malik oldu\u011funa, beyn\u0259lxalq n\u0259qliyyat d\u0259hlizl\u0259rinin ke\u00e7diyi co\u011frafiyada yerl\u0259\u015fdiyin\u0259 g\u00f6r\u0259, Avropa \u0130ttifaq\u0131n\u0131n Bak\u0131ya mara\u011f\u0131 art\u0131r. Avropa \u0130ttifaq\u0131 Z\u0259ng\u0259zur d\u0259hlizind\u0259n yararlanmaq \u00fc\u00e7\u00fcn s\u0259yl\u0259r g\u00f6st\u0259rir, \u00e7\u00fcnki bu d\u0259hliz Avropan\u0131n \u00c7inl\u0259 ticar\u0259tinin \u015fax\u0259l\u0259ndirilm\u0259sind\u0259 orta d\u0259hliz statusunda \u00e7\u0131x\u0131\u015f ed\u0259c\u0259k platformad\u0131r.<\/p>\n<p>\u0130lham \u018fliyev qeyd edib ki, Az\u0259rbaycan Avropa \u0130ttifaq\u0131n\u0131n C\u0259nubi Qafqazda postm\u00fcharib\u0259 d\u00f6vr\u00fcn\u00fcn inki\u015faf\u0131nda da rolunu m\u00fczakir\u0259 edir.<\/p>\n<p>3.\u00a0<strong>D\u00f6vl\u0259t ba\u015f\u00e7\u0131s\u0131 Az\u0259rbaycan-\u0130ran g\u0259rginliyi m\u00f6vzusuna da toxunub<\/strong>. \u0130ran\u0131n \u0130srail amilini b\u0259han\u0259 g\u0259tir\u0259r\u0259k Az\u0259rbaycan haqq\u0131nda r\u0259smi s\u0259viyy\u0259d\u0259 t\u0259bli\u011fat aparmas\u0131 yenilik deyil.<\/p>\n<p>Bak\u0131 d\u0259f\u0259l\u0259rl\u0259 xo\u015fm\u0259raml\u0131 m\u0259qs\u0259dl\u0259 \u0259lini Tehrana uzad\u0131b, molla rejimi is\u0259 m\u00fcxt\u0259lif b\u0259han\u0259l\u0259r v\u0259 \u00e7\u0131x\u0131\u015flar\u0131n\u0131n \u00f6n\u00fcn\u0259 siyasi-dini m\u0259zmunlu yarl\u0131qlar yap\u0131\u015fd\u0131raraq Az\u0259rbaycan\u0131n s\u00fclhsev\u0259r t\u0259\u015f\u0259bb\u00fcsl\u0259rin\u0259 qar\u015f\u0131 \u00e7\u0131x\u0131b. S\u0259b\u0259b is\u0259 sad\u0259dir:<\/p>\n<p>&#8211; Erm\u0259nistan\u0131 Az\u0259rbaycana qar\u015f\u0131 c\u0259bh\u0259d\u0259 etibarl\u0131 t\u0259r\u0259fda\u015f kimi n\u0259z\u0259rd\u0259n ke\u00e7irilir,<\/p>\n<p>&#8211; \u0130srail b\u0259han\u0259si il\u0259 Az\u0259rbaycan\u0131n V\u0259t\u0259n m\u00fcharib\u0259sind\u0259 q\u0259l\u0259b\u0259sini q\u0131sqanmaq.<\/p>\n<p>Bir s\u00f6zl\u0259, \u0130ran Erm\u0259nistandan \u00e7ox Erm\u0259nistan\u0131n maraqlar\u0131n\u0131 m\u00fcdafi\u0259 edir. \u0130srail is\u0259 h\u0259mi\u015f\u0259 Bak\u0131-Tehran m\u00fcnasib\u0259tl\u0259rind\u0259 sonuncunun \u0259sass\u0131z ittiham\u0131na g\u0259tirib \u00e7\u0131xar\u0131r.<\/p>\n<p>\u0130lham \u018fliyev qeyd edib: \u00a0\u201c\u018fg\u0259r kims\u0259 s\u00fcni b\u0259han\u0259d\u0259n istifad\u0259 etm\u0259y\u0259 \u00e7al\u0131\u015faraq Az\u0259rbaycan\u0131 dig\u0259r \u00f6lk\u0259 il\u0259 m\u00fcnasib\u0259tl\u0259rinin olmas\u0131nda g\u00fcnahland\u0131r\u0131bsa, bu c\u0259hdl\u0259r bo\u015f \u00e7\u0131x\u0131b. Bu, d\u00fczg\u00fcn yol deyil v\u0259 g\u0259tirib dalana \u00e7\u0131xaracaq\u201d.<\/p>\n<p>\u0130lham \u018fliyev onu da bildirib ki, Az\u0259rbaycan d\u00f6vl\u0259ti \u0130srailin azad olunmu\u015f torpaqlara g\u0259tirilm\u0259si il\u0259 ba\u011fl\u0131 Az\u0259rbaycana y\u00f6n\u0259l\u0259n b\u00fct\u00fcn ittihamlar\u0131 r\u0259dd edir.<\/p>\n<p>Prezidentin m\u00fcsahib\u0259si, h\u0259m Rusiyaya, h\u0259m Q\u0259rb\u0259, h\u0259m d\u0259 \u0130rana mesajlar\u0131n verilm\u0259sidir.<\/p>\n","protected":false},"excerpt":{"rendered":"<p>Prezident \u0130lham \u018fliyevin \u0130taliyan\u0131n\u00a0\u201cLa Repubblica\u201d q\u0259zetin\u0259 m\u00fcsahib\u0259sind\u0259 Az\u0259rbaycan\u0131n cari xarici siyas\u0259ti il\u0259 ba\u011fl\u0131 \u0259sas istiqam\u0259tl\u0259r bunlard\u0131r: 1.\u00a0Az\u0259rbaycan Qaraba\u011fdak\u0131 Rusiya s\u00fclhm\u0259raml\u0131lar\u0131n\u0131n f\u0259aliyy\u0259tind\u0259n m\u0259mnundur. Son zamanlar Az\u0259rbaycan-Rusiya m\u00fcnasib\u0259tl\u0259rinin xarakterin\u0259 yeni fon verilib, Bak\u0131 il\u0259 Moskva m\u00f6vqel\u0259ri uzla\u015fd\u0131r\u0131r. Ancaq a\u00e7\u0131q qalan m\u0259s\u0259l\u0259l\u0259rin h\u0259lli d\u0259 var ki, burada Rusiya s\u00fclhm\u0259raml\u0131lar\u0131n\u0131n da \u00fcz\u0259rin\u0259 m\u0259suliyy\u0259t d\u00fc\u015f\u00fcr. S\u00f6hb\u0259t \u0259cn\u0259bi v\u0259t\u0259nda\u015flar\u0131n Az\u0259rbaycan \u0259razil\u0259rin\u0259 qanunsuz s\u0259f\u0259rl\u0259ridir. \u0130lham \u018fliyev bununla ba\u011fl\u0131 dan\u0131\u015fark\u0259n deyib: \u201cBu m\u0259s\u0259l\u0259 Rusiyan\u0131n s\u0259lahiyy\u0259tli orqanlar\u0131n\u0131n, M\u00fcdafi\u0259 Nazirliyinin diqq\u0259tin\u0259 \u00e7atd\u0131r\u0131l\u0131b ki, buna son qoyulsun. Bu v\u0259 b\u0259zi dig\u0259r m\u0259s\u0259l\u0259l\u0259r \u00f6z h\u0259llini tapmal\u0131d\u0131r. Ancaq haz\u0131rda biz onlar\u0131n f\u0259aliyy\u0259tind\u0259n \u00fcmumilikd\u0259&hellip;<\/p>\n","protected":false},"author":2,"featured_media":390314,"comment_status":"closed","ping_status":"closed","sticky":false,"template":"","format":"standard","meta":{"om_disable_all_campaigns":false,"_monsterinsights_skip_tracking":false,"_monsterinsights_sitenote_active":false,"_monsterinsights_sitenote_note":"","_monsterinsights_sitenote_category":0},"categories":[4],"tags":[],"aioseo_notices":[],"gutentor_comment":0,"rttpg_featured_image_url":{"full":["https:\/\/arantv.az\/wp-content\/uploads\/2021\/10\/15220427233976130359.jpg",620,411,false],"landscape":["https:\/\/arantv.az\/wp-content\/uploads\/2021\/10\/15220427233976130359.jpg",620,411,false],"portraits":["https:\/\/arantv.az\/wp-content\/uploads\/2021\/10\/15220427233976130359.jpg",620,411,false],"thumbnail":["https:\/\/arantv.az\/wp-content\/uploads\/2021\/10\/15220427233976130359-500x280.jpg",500,280,true],"medium":["https:\/\/arantv.az\/wp-content\/uploads\/2021\/10\/15220427233976130359-551x365.jpg",551,365,true],"large":["https:\/\/arantv.az\/wp-content\/uploads\/2021\/10\/15220427233976130359.jpg",620,411,false],"1536x1536":["https:\/\/arantv.az\/wp-content\/uploads\/2021\/10\/15220427233976130359.jpg",620,411,false],"2048x2048":["https:\/\/arantv.az\/wp-content\/uploads\/2021\/10\/15220427233976130359.jpg",620,411,false],"post-thumbnail":["https:\/\/arantv.az\/wp-content\/uploads\/2021\/10\/15220427233976130359-240x172.jpg",240,172,true],"advps-thumb-one":["https:\/\/arantv.az\/wp-content\/uploads\/2021\/10\/15220427233976130359.jpg",620,411,false]},"rttpg_author":{"display_name":"V\u00fcsal Rafiqo\u011flu","author_link":"https:\/\/arantv.az\/?author=2"},"rttpg_comment":0,"rttpg_category":"<a href=\"https:\/\/arantv.az\/?cat=4\" rel=\"category\">Siyas\u0259t<\/a>","rttpg_excerpt":"Prezident \u0130lham \u018fliyevin \u0130taliyan\u0131n\u00a0\u201cLa Repubblica\u201d q\u0259zetin\u0259 m\u00fcsahib\u0259sind\u0259 Az\u0259rbaycan\u0131n cari xarici siyas\u0259ti il\u0259 ba\u011fl\u0131 \u0259sas istiqam\u0259tl\u0259r bunlard\u0131r: 1.\u00a0Az\u0259rbaycan Qaraba\u011fdak\u0131 Rusiya s\u00fclhm\u0259raml\u0131lar\u0131n\u0131n f\u0259aliyy\u0259tind\u0259n m\u0259mnundur. Son zamanlar Az\u0259rbaycan-Rusiya m\u00fcnasib\u0259tl\u0259rinin xarakterin\u0259 yeni fon verilib, Bak\u0131 il\u0259 Moskva m\u00f6vqel\u0259ri uzla\u015fd\u0131r\u0131r. Ancaq a\u00e7\u0131q qalan m\u0259s\u0259l\u0259l\u0259rin h\u0259lli d\u0259 var ki, burada Rusiya s\u00fclhm\u0259raml\u0131lar\u0131n\u0131n da \u00fcz\u0259rin\u0259 m\u0259suliyy\u0259t d\u00fc\u015f\u00fcr. S\u00f6hb\u0259t \u0259cn\u0259bi v\u0259t\u0259nda\u015flar\u0131n Az\u0259rbaycan \u0259razil\u0259rin\u0259&hellip;","_links":{"self":[{"href":"https:\/\/arantv.az\/index.php?rest_route=\/wp\/v2\/posts\/390313"}],"collection":[{"href":"https:\/\/arantv.az\/index.php?rest_route=\/wp\/v2\/posts"}],"about":[{"href":"https:\/\/arantv.az\/index.php?rest_route=\/wp\/v2\/types\/post"}],"author":[{"embeddable":true,"href":"https:\/\/arantv.az\/index.php?rest_route=\/wp\/v2\/users\/2"}],"replies":[{"embeddable":true,"href":"https:\/\/arantv.az\/index.php?rest_route=%2Fwp%2Fv2%2Fcomments&post=390313"}],"version-history":[{"count":0,"href":"https:\/\/arantv.az\/index.php?rest_route=\/wp\/v2\/posts\/390313\/revisions"}],"wp:featuredmedia":[{"embeddable":true,"href":"https:\/\/arantv.az\/index.php?rest_route=\/wp\/v2\/media\/390314"}],"wp:attachment":[{"href":"https:\/\/arantv.az\/index.php?rest_route=%2Fwp%2Fv2%2Fmedia&parent=390313"}],"wp:term":[{"taxonomy":"category","embeddable":true,"href":"https:\/\/arantv.az\/index.php?rest_route=%2Fwp%2Fv2%2Fcategories&post=390313"},{"taxonomy":"post_tag","embeddable":true,"href":"https:\/\/arantv.az\/index.php?rest_route=%2Fwp%2Fv2%2Ftags&post=390313"}],"curies":[{"name":"wp","href":"https:\/\/api.w.org\/{rel}","templated":true}]}}