{"id":390366,"date":"2021-10-13T20:36:22","date_gmt":"2021-10-13T17:36:22","guid":{"rendered":"http:\/\/arantv.az\/?p=390366"},"modified":"2021-10-13T20:36:22","modified_gmt":"2021-10-13T17:36:22","slug":"dgk-xank%c9%99ndiy%c9%99-qanunsuz-yuk-apardigina-gor%c9%99-saxlanan-iranli-surucul%c9%99r-olk%c9%99l%c9%99rin%c9%99-qaytarilmayib","status":"publish","type":"post","link":"https:\/\/arantv.az\/?p=390366","title":{"rendered":"DGK: Xank\u0259ndiy\u0259 qanunsuz y\u00fck apard\u0131\u011f\u0131na g\u00f6r\u0259 saxlanan iranl\u0131 s\u00fcr\u00fcc\u00fcl\u0259r \u00f6lk\u0259l\u0259rin\u0259 qaytar\u0131lmay\u0131b"},"content":{"rendered":"<p>Bu g\u00fcn b\u0259zi k\u00fctl\u0259vi informasiya vasit\u0259l\u0259rind\u0259 v\u0259 sosial \u015f\u0259b\u0259k\u0259l\u0259rd\u0259 g\u00f6mr\u00fck orqanlar\u0131 t\u0259r\u0259find\u0259n saxlan\u0131lan \u0130ran \u0130slam Respublikas\u0131n\u0131n v\u0259t\u0259nda\u015flar\u0131 olan s\u00fcr\u00fcc\u00fcl\u0259rin \u00f6z \u00f6lk\u0259l\u0259rin\u0259 qaytar\u0131lmalar\u0131 bar\u0259d\u0259 h\u0259qiq\u0259t\u0259 uy\u011fun olmayan m\u0259lumatlar yay\u0131l\u0131b.<\/p>\n<p>Bununla ba\u011fl\u0131 D\u00f6vl\u0259t G\u00f6mr\u00fck Komit\u0259si m\u0259lumat yay\u0131b.<\/p>\n<div id=\"AdviadNativeVideo0\" class=\"AdviadNativeVideo\"><\/div>\n<p>M\u0259lumatda bildirilib\u00a0ki, \u0130ran \u0130slam Respublikas\u0131n\u0131n v\u0259t\u0259nda\u015flar\u0131\u00a0Barzegar Hagh\u0131 Jafar Ghazanfar v\u0259 Norouz\u0131 Shahroud He\u0131dar\u0131n Erm\u0259nistan Respublikas\u0131ndan Az\u0259rbaycan Respublikas\u0131 Xank\u0259ndi \u015f\u0259h\u0259rin\u0259 s\u0259n\u0259dl\u0259rd\u0259n v\u0259 g\u00f6mr\u00fck eynil\u0259\u015fdirilm\u0259si vasit\u0259l\u0259rind\u0259n aldatma yolu il\u0259 istifad\u0259 etm\u0259kl\u0259 Az\u0259rbaycan Respublikas\u0131n\u0131n g\u00f6mr\u00fck s\u0259rh\u0259dind\u0259n qa\u00e7aqmal\u00e7\u0131l\u0131q yolu il\u0259 ke\u00e7irm\u0259l\u0259ri, habel\u0259 Az\u0259rbaycan Respublikas\u0131n\u0131n m\u00fchafiz\u0259 olunan d\u00f6vl\u0259t s\u0259rh\u0259dini m\u00fc\u0259yy\u0259n edilmi\u015f s\u0259n\u0259dl\u0259r olmadan v\u0259 n\u0259zar\u0259t-burax\u0131l\u0131\u015f m\u0259nt\u0259q\u0259l\u0259rind\u0259n k\u0259narda, qanunsuz olaraq ke\u00e7dikl\u0259rinin m\u00fc\u0259yy\u0259n edilm\u0259si fakt\u0131na g\u00f6r\u0259 16 sentyabr 2021-ci il tarixd\u0259 D\u00f6vl\u0259t G\u00f6mr\u00fck Komit\u0259si \u018fm\u0259liyyat-\u0130stintaq Ba\u015f \u0130dar\u0259si \u0130stintaq v\u0259 T\u0259hqiqat \u0130dar\u0259sind\u0259 Az\u0259rbaycan Respublikas\u0131 CM-nin 206.3.2 v\u0259 318.2-ci madd\u0259l\u0259ri il\u0259 ba\u015flan\u0131lm\u0131\u015f v\u0259 istintaq\u0131 apar\u0131l\u0131r.<\/p>\n<p>Onlar\u0131n \u00f6z \u00f6lk\u0259l\u0259rin\u0259 qaytar\u0131lmalar\u0131 il\u0259 ba\u011fl\u0131 yay\u0131lan m\u0259lumatlar h\u0259qiq\u0259ti \u0259ks etdirmir.<\/p>\n","protected":false},"excerpt":{"rendered":"<p>Bu g\u00fcn b\u0259zi k\u00fctl\u0259vi informasiya vasit\u0259l\u0259rind\u0259 v\u0259 sosial \u015f\u0259b\u0259k\u0259l\u0259rd\u0259 g\u00f6mr\u00fck orqanlar\u0131 t\u0259r\u0259find\u0259n saxlan\u0131lan \u0130ran \u0130slam Respublikas\u0131n\u0131n v\u0259t\u0259nda\u015flar\u0131 olan s\u00fcr\u00fcc\u00fcl\u0259rin \u00f6z \u00f6lk\u0259l\u0259rin\u0259 qaytar\u0131lmalar\u0131 bar\u0259d\u0259 h\u0259qiq\u0259t\u0259 uy\u011fun olmayan m\u0259lumatlar yay\u0131l\u0131b. Bununla ba\u011fl\u0131 D\u00f6vl\u0259t G\u00f6mr\u00fck Komit\u0259si m\u0259lumat yay\u0131b. M\u0259lumatda bildirilib\u00a0ki, \u0130ran \u0130slam Respublikas\u0131n\u0131n v\u0259t\u0259nda\u015flar\u0131\u00a0Barzegar Hagh\u0131 Jafar Ghazanfar v\u0259 Norouz\u0131 Shahroud He\u0131dar\u0131n Erm\u0259nistan Respublikas\u0131ndan Az\u0259rbaycan Respublikas\u0131 Xank\u0259ndi \u015f\u0259h\u0259rin\u0259 s\u0259n\u0259dl\u0259rd\u0259n v\u0259 g\u00f6mr\u00fck eynil\u0259\u015fdirilm\u0259si vasit\u0259l\u0259rind\u0259n aldatma yolu il\u0259 istifad\u0259 etm\u0259kl\u0259 Az\u0259rbaycan Respublikas\u0131n\u0131n g\u00f6mr\u00fck s\u0259rh\u0259dind\u0259n qa\u00e7aqmal\u00e7\u0131l\u0131q yolu il\u0259 ke\u00e7irm\u0259l\u0259ri, habel\u0259 Az\u0259rbaycan Respublikas\u0131n\u0131n m\u00fchafiz\u0259 olunan d\u00f6vl\u0259t s\u0259rh\u0259dini m\u00fc\u0259yy\u0259n edilmi\u015f s\u0259n\u0259dl\u0259r olmadan v\u0259 n\u0259zar\u0259t-burax\u0131l\u0131\u015f m\u0259nt\u0259q\u0259l\u0259rind\u0259n k\u0259narda, qanunsuz olaraq ke\u00e7dikl\u0259rinin&hellip;<\/p>\n","protected":false},"author":2,"featured_media":390367,"comment_status":"closed","ping_status":"closed","sticky":false,"template":"","format":"standard","meta":{"om_disable_all_campaigns":false,"_monsterinsights_skip_tracking":false,"_monsterinsights_sitenote_active":false,"_monsterinsights_sitenote_note":"","_monsterinsights_sitenote_category":0},"categories":[26],"tags":[],"aioseo_notices":[],"gutentor_comment":0,"rttpg_featured_image_url":{"full":["https:\/\/arantv.az\/wp-content\/uploads\/2021\/10\/FotoJet-2021-10-13T205740.464.jpg",620,413,false],"landscape":["https:\/\/arantv.az\/wp-content\/uploads\/2021\/10\/FotoJet-2021-10-13T205740.464.jpg",620,413,false],"portraits":["https:\/\/arantv.az\/wp-content\/uploads\/2021\/10\/FotoJet-2021-10-13T205740.464.jpg",620,413,false],"thumbnail":["https:\/\/arantv.az\/wp-content\/uploads\/2021\/10\/FotoJet-2021-10-13T205740.464-500x280.jpg",500,280,true],"medium":["https:\/\/arantv.az\/wp-content\/uploads\/2021\/10\/FotoJet-2021-10-13T205740.464-548x365.jpg",548,365,true],"large":["https:\/\/arantv.az\/wp-content\/uploads\/2021\/10\/FotoJet-2021-10-13T205740.464.jpg",620,413,false],"1536x1536":["https:\/\/arantv.az\/wp-content\/uploads\/2021\/10\/FotoJet-2021-10-13T205740.464.jpg",620,413,false],"2048x2048":["https:\/\/arantv.az\/wp-content\/uploads\/2021\/10\/FotoJet-2021-10-13T205740.464.jpg",620,413,false],"post-thumbnail":["https:\/\/arantv.az\/wp-content\/uploads\/2021\/10\/FotoJet-2021-10-13T205740.464-240x172.jpg",240,172,true],"advps-thumb-one":["https:\/\/arantv.az\/wp-content\/uploads\/2021\/10\/FotoJet-2021-10-13T205740.464.jpg",620,413,false]},"rttpg_author":{"display_name":"V\u00fcsal Rafiqo\u011flu","author_link":"https:\/\/arantv.az\/?author=2"},"rttpg_comment":0,"rttpg_category":"<a href=\"https:\/\/arantv.az\/?cat=26\" rel=\"category\">Sosial<\/a>","rttpg_excerpt":"Bu g\u00fcn b\u0259zi k\u00fctl\u0259vi informasiya vasit\u0259l\u0259rind\u0259 v\u0259 sosial \u015f\u0259b\u0259k\u0259l\u0259rd\u0259 g\u00f6mr\u00fck orqanlar\u0131 t\u0259r\u0259find\u0259n saxlan\u0131lan \u0130ran \u0130slam Respublikas\u0131n\u0131n v\u0259t\u0259nda\u015flar\u0131 olan s\u00fcr\u00fcc\u00fcl\u0259rin \u00f6z \u00f6lk\u0259l\u0259rin\u0259 qaytar\u0131lmalar\u0131 bar\u0259d\u0259 h\u0259qiq\u0259t\u0259 uy\u011fun olmayan m\u0259lumatlar yay\u0131l\u0131b. Bununla ba\u011fl\u0131 D\u00f6vl\u0259t G\u00f6mr\u00fck Komit\u0259si m\u0259lumat yay\u0131b. M\u0259lumatda bildirilib\u00a0ki, \u0130ran \u0130slam Respublikas\u0131n\u0131n v\u0259t\u0259nda\u015flar\u0131\u00a0Barzegar Hagh\u0131 Jafar Ghazanfar v\u0259 Norouz\u0131 Shahroud He\u0131dar\u0131n Erm\u0259nistan Respublikas\u0131ndan Az\u0259rbaycan Respublikas\u0131 Xank\u0259ndi \u015f\u0259h\u0259rin\u0259 s\u0259n\u0259dl\u0259rd\u0259n&hellip;","_links":{"self":[{"href":"https:\/\/arantv.az\/index.php?rest_route=\/wp\/v2\/posts\/390366"}],"collection":[{"href":"https:\/\/arantv.az\/index.php?rest_route=\/wp\/v2\/posts"}],"about":[{"href":"https:\/\/arantv.az\/index.php?rest_route=\/wp\/v2\/types\/post"}],"author":[{"embeddable":true,"href":"https:\/\/arantv.az\/index.php?rest_route=\/wp\/v2\/users\/2"}],"replies":[{"embeddable":true,"href":"https:\/\/arantv.az\/index.php?rest_route=%2Fwp%2Fv2%2Fcomments&post=390366"}],"version-history":[{"count":0,"href":"https:\/\/arantv.az\/index.php?rest_route=\/wp\/v2\/posts\/390366\/revisions"}],"wp:featuredmedia":[{"embeddable":true,"href":"https:\/\/arantv.az\/index.php?rest_route=\/wp\/v2\/media\/390367"}],"wp:attachment":[{"href":"https:\/\/arantv.az\/index.php?rest_route=%2Fwp%2Fv2%2Fmedia&parent=390366"}],"wp:term":[{"taxonomy":"category","embeddable":true,"href":"https:\/\/arantv.az\/index.php?rest_route=%2Fwp%2Fv2%2Fcategories&post=390366"},{"taxonomy":"post_tag","embeddable":true,"href":"https:\/\/arantv.az\/index.php?rest_route=%2Fwp%2Fv2%2Ftags&post=390366"}],"curies":[{"name":"wp","href":"https:\/\/api.w.org\/{rel}","templated":true}]}}