{"id":393185,"date":"2021-10-20T10:29:51","date_gmt":"2021-10-20T07:29:51","guid":{"rendered":"http:\/\/arantv.az\/?p=393185"},"modified":"2021-10-20T10:29:51","modified_gmt":"2021-10-20T07:29:51","slug":"mehriban-%c9%99liyeva-az%c9%99rbaycan-qadinlarinin-%c9%99sl-t%c9%99msilcisidir","status":"publish","type":"post","link":"https:\/\/arantv.az\/?p=393185","title":{"rendered":"Mehriban \u018fliyeva Az\u0259rbaycan qad\u0131nlar\u0131n\u0131n \u0259sl t\u0259msil\u00e7isidir"},"content":{"rendered":"<p><em>\u201c\u00d6lk\u0259d\u0259 qad\u0131nlarla ba\u011fl\u0131 h\u00fcquqi baza t\u0259kmill\u0259\u015fdirilib. Qad\u0131n h\u00fcquqlar\u0131 m\u0259s\u0259l\u0259l\u0259ri Az\u0259rbaycan\u0131n m\u00fcxt\u0259lif qanunvericilik aktlar\u0131nda \u0259ksini tap\u0131b\u201d.<\/em><\/p>\n<p><strong>ARANTV.AZ\u00a0 x\u0259b\u0259r verir ki,<\/strong>\u00a0bu fikirl\u0259ri Yeni Az\u0259rbaycan Partiyas\u0131 (YAP) s\u0259drinin m\u00fcavini &#8211; M\u0259rk\u0259zi Aparat\u0131n r\u0259hb\u0259ri\u00a0Tahir Budaqov\u00a0partiyan\u0131n m\u0259rk\u0259zi q\u0259rargah\u0131nda ke\u00e7iril\u0259n \u201cGender b\u0259rab\u0259rliyinin v\u0259 qad\u0131n h\u00fcquqlar\u0131n\u0131n t\u0259\u015fviqind\u0259 v\u0259t\u0259nda\u015f c\u0259miyy\u0259tinin rolu\u201d adl\u0131 konfransda \u00e7\u0131x\u0131\u015f\u0131 zaman\u0131 deyib.<\/p>\n<p><img src=\"https:\/\/ikisahil.az\/upload\/\/2021\/03\/31\/\/-c5a4e7e6161719610890423496511045772.jpg\" alt=\"\" \/><\/p>\n<p>Onun s\u00f6zl\u0259rin\u0259 g\u00f6r\u0259, demokratik inki\u015faf, h\u00fcquqi d\u00f6vl\u0259t yolunda ir\u0259lil\u0259y\u0259n Az\u0259rbaycan c\u0259miyy\u0259tin\u0259 birinci xan\u0131m \u0259n\u0259n\u0259l\u0259ri d\u0259 g\u0259tirilib: \u201cB\u00fct\u00fcn vacib keyfiyy\u0259tl\u0259ri \u00f6z\u00fcnd\u0259 c\u0259ml\u0259\u015fdir\u0259n Mehriban \u018fliyeva Az\u0259rbaycan qad\u0131nlar\u0131n\u0131n \u0259sl t\u0259msil\u00e7isidir. Onun simas\u0131nda q\u00fcrurlu, humanist Az\u0259rbaycan qad\u0131n\u0131 \u0259ks olunur\u201d.<\/p>\n","protected":false},"excerpt":{"rendered":"<p>\u201c\u00d6lk\u0259d\u0259 qad\u0131nlarla ba\u011fl\u0131 h\u00fcquqi baza t\u0259kmill\u0259\u015fdirilib. Qad\u0131n h\u00fcquqlar\u0131 m\u0259s\u0259l\u0259l\u0259ri Az\u0259rbaycan\u0131n m\u00fcxt\u0259lif qanunvericilik aktlar\u0131nda \u0259ksini tap\u0131b\u201d. ARANTV.AZ\u00a0 x\u0259b\u0259r verir ki,\u00a0bu fikirl\u0259ri Yeni Az\u0259rbaycan Partiyas\u0131 (YAP) s\u0259drinin m\u00fcavini &#8211; M\u0259rk\u0259zi Aparat\u0131n r\u0259hb\u0259ri\u00a0Tahir Budaqov\u00a0partiyan\u0131n m\u0259rk\u0259zi q\u0259rargah\u0131nda ke\u00e7iril\u0259n \u201cGender b\u0259rab\u0259rliyinin v\u0259 qad\u0131n h\u00fcquqlar\u0131n\u0131n t\u0259\u015fviqind\u0259 v\u0259t\u0259nda\u015f c\u0259miyy\u0259tinin rolu\u201d adl\u0131 konfransda \u00e7\u0131x\u0131\u015f\u0131 zaman\u0131 deyib. Onun s\u00f6zl\u0259rin\u0259 g\u00f6r\u0259, demokratik inki\u015faf, h\u00fcquqi d\u00f6vl\u0259t yolunda ir\u0259lil\u0259y\u0259n Az\u0259rbaycan c\u0259miyy\u0259tin\u0259 birinci xan\u0131m \u0259n\u0259n\u0259l\u0259ri d\u0259 g\u0259tirilib: \u201cB\u00fct\u00fcn vacib keyfiyy\u0259tl\u0259ri \u00f6z\u00fcnd\u0259 c\u0259ml\u0259\u015fdir\u0259n Mehriban \u018fliyeva Az\u0259rbaycan qad\u0131nlar\u0131n\u0131n \u0259sl t\u0259msil\u00e7isidir. Onun simas\u0131nda q\u00fcrurlu, humanist Az\u0259rbaycan qad\u0131n\u0131 \u0259ks olunur\u201d.<\/p>\n","protected":false},"author":2,"featured_media":393186,"comment_status":"closed","ping_status":"closed","sticky":false,"template":"","format":"standard","meta":{"om_disable_all_campaigns":false,"_monsterinsights_skip_tracking":false,"_monsterinsights_sitenote_active":false,"_monsterinsights_sitenote_note":"","_monsterinsights_sitenote_category":0},"categories":[8],"tags":[],"aioseo_notices":[],"gutentor_comment":0,"rttpg_featured_image_url":{"full":["https:\/\/arantv.az\/wp-content\/uploads\/2021\/10\/9b8b50fb159238047031054788210704446.jpg",975,540,false],"landscape":["https:\/\/arantv.az\/wp-content\/uploads\/2021\/10\/9b8b50fb159238047031054788210704446.jpg",975,540,false],"portraits":["https:\/\/arantv.az\/wp-content\/uploads\/2021\/10\/9b8b50fb159238047031054788210704446.jpg",975,540,false],"thumbnail":["https:\/\/arantv.az\/wp-content\/uploads\/2021\/10\/9b8b50fb159238047031054788210704446-500x280.jpg",500,280,true],"medium":["https:\/\/arantv.az\/wp-content\/uploads\/2021\/10\/9b8b50fb159238047031054788210704446-660x365.jpg",660,365,true],"large":["https:\/\/arantv.az\/wp-content\/uploads\/2021\/10\/9b8b50fb159238047031054788210704446-840x465.jpg",640,354,true],"1536x1536":["https:\/\/arantv.az\/wp-content\/uploads\/2021\/10\/9b8b50fb159238047031054788210704446.jpg",975,540,false],"2048x2048":["https:\/\/arantv.az\/wp-content\/uploads\/2021\/10\/9b8b50fb159238047031054788210704446.jpg",975,540,false],"post-thumbnail":["https:\/\/arantv.az\/wp-content\/uploads\/2021\/10\/9b8b50fb159238047031054788210704446-240x172.jpg",240,172,true],"advps-thumb-one":["https:\/\/arantv.az\/wp-content\/uploads\/2021\/10\/9b8b50fb159238047031054788210704446.jpg",975,540,false]},"rttpg_author":{"display_name":"V\u00fcsal Rafiqo\u011flu","author_link":"https:\/\/arantv.az\/?author=2"},"rttpg_comment":0,"rttpg_category":"<a href=\"https:\/\/arantv.az\/?cat=8\" rel=\"category\">\u018fsas s\u0259hif\u0259<\/a>","rttpg_excerpt":"\u201c\u00d6lk\u0259d\u0259 qad\u0131nlarla ba\u011fl\u0131 h\u00fcquqi baza t\u0259kmill\u0259\u015fdirilib. Qad\u0131n h\u00fcquqlar\u0131 m\u0259s\u0259l\u0259l\u0259ri Az\u0259rbaycan\u0131n m\u00fcxt\u0259lif qanunvericilik aktlar\u0131nda \u0259ksini tap\u0131b\u201d. ARANTV.AZ\u00a0 x\u0259b\u0259r verir ki,\u00a0bu fikirl\u0259ri Yeni Az\u0259rbaycan Partiyas\u0131 (YAP) s\u0259drinin m\u00fcavini &#8211; M\u0259rk\u0259zi Aparat\u0131n r\u0259hb\u0259ri\u00a0Tahir Budaqov\u00a0partiyan\u0131n m\u0259rk\u0259zi q\u0259rargah\u0131nda ke\u00e7iril\u0259n \u201cGender b\u0259rab\u0259rliyinin v\u0259 qad\u0131n h\u00fcquqlar\u0131n\u0131n t\u0259\u015fviqind\u0259 v\u0259t\u0259nda\u015f c\u0259miyy\u0259tinin rolu\u201d adl\u0131 konfransda \u00e7\u0131x\u0131\u015f\u0131 zaman\u0131 deyib. Onun s\u00f6zl\u0259rin\u0259 g\u00f6r\u0259, demokratik inki\u015faf, h\u00fcquqi d\u00f6vl\u0259t&hellip;","_links":{"self":[{"href":"https:\/\/arantv.az\/index.php?rest_route=\/wp\/v2\/posts\/393185"}],"collection":[{"href":"https:\/\/arantv.az\/index.php?rest_route=\/wp\/v2\/posts"}],"about":[{"href":"https:\/\/arantv.az\/index.php?rest_route=\/wp\/v2\/types\/post"}],"author":[{"embeddable":true,"href":"https:\/\/arantv.az\/index.php?rest_route=\/wp\/v2\/users\/2"}],"replies":[{"embeddable":true,"href":"https:\/\/arantv.az\/index.php?rest_route=%2Fwp%2Fv2%2Fcomments&post=393185"}],"version-history":[{"count":0,"href":"https:\/\/arantv.az\/index.php?rest_route=\/wp\/v2\/posts\/393185\/revisions"}],"wp:featuredmedia":[{"embeddable":true,"href":"https:\/\/arantv.az\/index.php?rest_route=\/wp\/v2\/media\/393186"}],"wp:attachment":[{"href":"https:\/\/arantv.az\/index.php?rest_route=%2Fwp%2Fv2%2Fmedia&parent=393185"}],"wp:term":[{"taxonomy":"category","embeddable":true,"href":"https:\/\/arantv.az\/index.php?rest_route=%2Fwp%2Fv2%2Fcategories&post=393185"},{"taxonomy":"post_tag","embeddable":true,"href":"https:\/\/arantv.az\/index.php?rest_route=%2Fwp%2Fv2%2Ftags&post=393185"}],"curies":[{"name":"wp","href":"https:\/\/api.w.org\/{rel}","templated":true}]}}