{"id":393233,"date":"2021-10-20T11:05:32","date_gmt":"2021-10-20T08:05:32","guid":{"rendered":"http:\/\/arantv.az\/?p=393233"},"modified":"2021-10-20T11:05:32","modified_gmt":"2021-10-20T08:05:32","slug":"ceyhun-bayramovla-xorvatiyali-h%c9%99mkari-arasinda-genis-t%c9%99rkibli-gorus-kecirilir","status":"publish","type":"post","link":"https:\/\/arantv.az\/?p=393233","title":{"rendered":"Ceyhun Bayramovla xorvatiyal\u0131 h\u0259mkar\u0131 aras\u0131nda geni\u015f t\u0259rkibli g\u00f6r\u00fc\u015f ke\u00e7irilir"},"content":{"rendered":"<p>Az\u0259rbaycan xarici i\u015fl\u0259r naziri Ceyhun Bayramov v\u0259 Xorvatiya xarici v\u0259 Avropa i\u015fl\u0259ri naziri Qordan Qrli\u00e7 Radman aras\u0131nda geni\u015f t\u0259rkibli g\u00f6r\u00fc\u015f ke\u00e7irilir.<\/p>\n<p><strong>ARANTV.AZ<\/strong>\u00a0 <a href=\"https:\/\/az.trend.az\/\" target=\"_blank\" rel=\"noopener\">Trend<\/a>-\u0259 istinad\u0259n x\u0259b\u0259r verir ki,\u00a0bu bar\u0259d\u0259 Xarici \u0130\u015fl\u0259r Nazirliyi m\u0259lumat yay\u0131b.<\/p>\n<p>Qeyd ed\u0259k ki, Xorvatiya Respublikas\u0131n\u0131n Xarici v\u0259 Avropa \u0130\u015fl\u0259ri naziri Qordan Qrli\u00e7in ba\u015f\u00e7\u0131l\u0131q etdiyi n\u00fcmay\u0259nd\u0259 hey\u0259ti Az\u0259rbaycanda s\u0259f\u0259rd\u0259dir. S\u0259f\u0259r \u00e7\u0259r\u00e7iv\u0259sind\u0259 d\u00fcn\u0259n xorvatiyal\u0131 naziri Az\u0259rbaycan Prezidenti \u0130lham \u018fliyev q\u0259bul edib.<\/p>\n","protected":false},"excerpt":{"rendered":"<p>Az\u0259rbaycan xarici i\u015fl\u0259r naziri Ceyhun Bayramov v\u0259 Xorvatiya xarici v\u0259 Avropa i\u015fl\u0259ri naziri Qordan Qrli\u00e7 Radman aras\u0131nda geni\u015f t\u0259rkibli g\u00f6r\u00fc\u015f ke\u00e7irilir. ARANTV.AZ\u00a0 Trend-\u0259 istinad\u0259n x\u0259b\u0259r verir ki,\u00a0bu bar\u0259d\u0259 Xarici \u0130\u015fl\u0259r Nazirliyi m\u0259lumat yay\u0131b. Qeyd ed\u0259k ki, Xorvatiya Respublikas\u0131n\u0131n Xarici v\u0259 Avropa \u0130\u015fl\u0259ri naziri Qordan Qrli\u00e7in ba\u015f\u00e7\u0131l\u0131q etdiyi n\u00fcmay\u0259nd\u0259 hey\u0259ti Az\u0259rbaycanda s\u0259f\u0259rd\u0259dir. S\u0259f\u0259r \u00e7\u0259r\u00e7iv\u0259sind\u0259 d\u00fcn\u0259n xorvatiyal\u0131 naziri Az\u0259rbaycan Prezidenti \u0130lham \u018fliyev q\u0259bul edib.<\/p>\n","protected":false},"author":2,"featured_media":393234,"comment_status":"closed","ping_status":"closed","sticky":false,"template":"","format":"standard","meta":{"om_disable_all_campaigns":false,"_monsterinsights_skip_tracking":false,"_monsterinsights_sitenote_active":false,"_monsterinsights_sitenote_note":"","_monsterinsights_sitenote_category":0},"categories":[4],"tags":[],"aioseo_notices":[],"gutentor_comment":0,"rttpg_featured_image_url":{"full":["https:\/\/arantv.az\/wp-content\/uploads\/2021\/10\/989047.jpg",800,600,false],"landscape":["https:\/\/arantv.az\/wp-content\/uploads\/2021\/10\/989047.jpg",800,600,false],"portraits":["https:\/\/arantv.az\/wp-content\/uploads\/2021\/10\/989047.jpg",800,600,false],"thumbnail":["https:\/\/arantv.az\/wp-content\/uploads\/2021\/10\/989047-500x280.jpg",500,280,true],"medium":["https:\/\/arantv.az\/wp-content\/uploads\/2021\/10\/989047-487x365.jpg",487,365,true],"large":["https:\/\/arantv.az\/wp-content\/uploads\/2021\/10\/989047.jpg",640,480,false],"1536x1536":["https:\/\/arantv.az\/wp-content\/uploads\/2021\/10\/989047.jpg",800,600,false],"2048x2048":["https:\/\/arantv.az\/wp-content\/uploads\/2021\/10\/989047.jpg",800,600,false],"post-thumbnail":["https:\/\/arantv.az\/wp-content\/uploads\/2021\/10\/989047-240x172.jpg",240,172,true],"advps-thumb-one":["https:\/\/arantv.az\/wp-content\/uploads\/2021\/10\/989047.jpg",800,600,false]},"rttpg_author":{"display_name":"V\u00fcsal Rafiqo\u011flu","author_link":"https:\/\/arantv.az\/?author=2"},"rttpg_comment":0,"rttpg_category":"<a href=\"https:\/\/arantv.az\/?cat=4\" rel=\"category\">Siyas\u0259t<\/a>","rttpg_excerpt":"Az\u0259rbaycan xarici i\u015fl\u0259r naziri Ceyhun Bayramov v\u0259 Xorvatiya xarici v\u0259 Avropa i\u015fl\u0259ri naziri Qordan Qrli\u00e7 Radman aras\u0131nda geni\u015f t\u0259rkibli g\u00f6r\u00fc\u015f ke\u00e7irilir. ARANTV.AZ\u00a0 Trend-\u0259 istinad\u0259n x\u0259b\u0259r verir ki,\u00a0bu bar\u0259d\u0259 Xarici \u0130\u015fl\u0259r Nazirliyi m\u0259lumat yay\u0131b. Qeyd ed\u0259k ki, Xorvatiya Respublikas\u0131n\u0131n Xarici v\u0259 Avropa \u0130\u015fl\u0259ri naziri Qordan Qrli\u00e7in ba\u015f\u00e7\u0131l\u0131q etdiyi n\u00fcmay\u0259nd\u0259 hey\u0259ti Az\u0259rbaycanda s\u0259f\u0259rd\u0259dir. S\u0259f\u0259r \u00e7\u0259r\u00e7iv\u0259sind\u0259 d\u00fcn\u0259n xorvatiyal\u0131&hellip;","_links":{"self":[{"href":"https:\/\/arantv.az\/index.php?rest_route=\/wp\/v2\/posts\/393233"}],"collection":[{"href":"https:\/\/arantv.az\/index.php?rest_route=\/wp\/v2\/posts"}],"about":[{"href":"https:\/\/arantv.az\/index.php?rest_route=\/wp\/v2\/types\/post"}],"author":[{"embeddable":true,"href":"https:\/\/arantv.az\/index.php?rest_route=\/wp\/v2\/users\/2"}],"replies":[{"embeddable":true,"href":"https:\/\/arantv.az\/index.php?rest_route=%2Fwp%2Fv2%2Fcomments&post=393233"}],"version-history":[{"count":0,"href":"https:\/\/arantv.az\/index.php?rest_route=\/wp\/v2\/posts\/393233\/revisions"}],"wp:featuredmedia":[{"embeddable":true,"href":"https:\/\/arantv.az\/index.php?rest_route=\/wp\/v2\/media\/393234"}],"wp:attachment":[{"href":"https:\/\/arantv.az\/index.php?rest_route=%2Fwp%2Fv2%2Fmedia&parent=393233"}],"wp:term":[{"taxonomy":"category","embeddable":true,"href":"https:\/\/arantv.az\/index.php?rest_route=%2Fwp%2Fv2%2Fcategories&post=393233"},{"taxonomy":"post_tag","embeddable":true,"href":"https:\/\/arantv.az\/index.php?rest_route=%2Fwp%2Fv2%2Ftags&post=393233"}],"curies":[{"name":"wp","href":"https:\/\/api.w.org\/{rel}","templated":true}]}}