{"id":393236,"date":"2021-10-20T11:06:31","date_gmt":"2021-10-20T08:06:31","guid":{"rendered":"http:\/\/arantv.az\/?p=393236"},"modified":"2021-10-20T11:06:31","modified_gmt":"2021-10-20T08:06:31","slug":"az%c9%99rbaycan-qalib-olk%c9%99-kimi-munasib%c9%99tl%c9%99ri-normallasdirmaga-hazirdir","status":"publish","type":"post","link":"https:\/\/arantv.az\/?p=393236","title":{"rendered":"Az\u0259rbaycan qalib \u00f6lk\u0259 kimi m\u00fcnasib\u0259tl\u0259ri normalla\u015fd\u0131rma\u011fa haz\u0131rd\u0131r"},"content":{"rendered":"<p>Az\u0259rbaycan 44 g\u00fcnl\u00fck V\u0259t\u0259n m\u00fcharib\u0259sind\u0259 Q\u0259l\u0259b\u0259 qazand\u0131. Bu Q\u0259l\u0259b\u0259 xalq\u0131n birliyinin, \u0259zminin, \u00f6lk\u0259mizin iqtisadi g\u00fcc\u00fcn\u00fcn v\u0259 h\u0259rbi q\u00fcdr\u0259tinin bir daha t\u0259sdiqi oldu. V\u0259r\u0259n m\u00fcharib\u0259sinin gedi\u015fi v\u0259 n\u0259tic\u0259si b\u00fct\u00fcn d\u00fcnyaya s\u00fcbut etdi ki, Az\u0259rbaycan \u00f6z taleyinin v\u0259 \u00f6z torpa\u011f\u0131n\u0131n sahibi olma\u011f\u0131 yax\u015f\u0131 bacar\u0131r. D\u00f6vl\u0259t ba\u015f\u00e7\u0131m\u0131z c\u0259nab \u0130lham \u018fliyevin apard\u0131\u011f\u0131 u\u011furlu daxili v\u0259 xarici siyas\u0259t n\u0259tic\u0259sind\u0259 g\u00fcnd\u0259n g\u00fcn\u0259 g\u00fccl\u0259n\u0259n, inki\u015faf ed\u0259n \u00f6lk\u0259miz tarixi \u0259dal\u0259ti b\u0259rpa etdi, 30 il\u0259 yax\u0131n i\u015f\u011fal alt\u0131nda qalan torpaqlar\u0131m\u0131z\u0131 i\u015f\u011faldan azad etdi.<\/p>\n<p>Art\u0131q Da\u011fl\u0131q Qaraba\u011f m\u00fcnaqi\u015f\u0259si ke\u00e7mi\u015fd\u0259 qal\u0131b. B\u00fct\u00f6vl\u00fckd\u0259 postm\u00fcnaqi\u015f\u0259 d\u00f6vr\u00fc sakit ke\u00e7ir. Az\u0259rbaycan \u00f6z \u0259razi b\u00fct\u00f6vl\u00fcy\u00fcn\u00fc b\u0259rpa edib, BMT T\u0259hl\u00fck\u0259sizlik \u015euras\u0131n\u0131n i\u015f\u011fal\u00e7\u0131 q\u00fcvv\u0259l\u0259rin Az\u0259rbaycan \u0259razisind\u0259n d\u0259rhal, qeyd-\u015f\u0259rtsiz v\u0259 tamamil\u0259 \u00e7\u0131xar\u0131lmas\u0131n\u0131 t\u0259l\u0259b ed\u0259n q\u0259tnam\u0259l\u0259rini yerin\u0259 yetirib v\u0259 Erm\u0259nistanla m\u00fcnaqi\u015f\u0259ni h\u0259rbi-siyasi yolla h\u0259ll edib.<\/p>\n<p>2020-ci il noyabr\u0131n 9-dan 10-na ke\u00e7\u0259n gec\u0259 Rusiya, Az\u0259rbaycan prezidentl\u0259rinin v\u0259 Erm\u0259nistan\u0131n ba\u015f nazirinin \u00fc\u00e7t\u0259r\u0259fli B\u0259yanat\u0131 imzaland\u0131. B\u0259yanat Erm\u0259nistan-Az\u0259rbaycan m\u00fcnaqi\u015f\u0259sin\u0259 son qoydu v\u0259 h\u0259r iki t\u0259r\u0259fd\u0259n minl\u0259rl\u0259 insan\u0131n \u00f6l\u00fcm\u00fcnd\u0259n qa\u00e7ma\u011fa imkan verdi. \u00dc\u00e7t\u0259r\u0259fli B\u0259yanata m\u00fcvafiq olaraq, Erm\u0259nistan \u00f6z i\u015f\u011fal\u00e7\u0131 q\u00fcvv\u0259l\u0259rini Az\u0259rbaycan\u0131n A\u011fdam, La\u00e7\u0131n v\u0259 K\u0259lb\u0259c\u0259r rayonlar\u0131n\u0131n i\u015f\u011fal edilmi\u015f hiss\u0259sind\u0259n \u00e7\u0131xard\u0131. B\u0259yanatdan \u0259vv\u0259l Az\u0259rbaycan Silahl\u0131 Q\u00fcvv\u0259l\u0259ri 300-d\u0259n \u00e7ox \u015f\u0259h\u0259ri v\u0259 k\u0259ndi d\u00f6y\u00fc\u015f meydan\u0131nda azad etmi\u015fdi. \u00dc\u00e7t\u0259r\u0259fli B\u0259yanata m\u00fcvafiq olaraq Az\u0259rbaycan\u0131n Qaraba\u011f regionuna Rusiya s\u00fclhm\u0259raml\u0131lar\u0131 yerl\u0259\u015fdirildi. N\u0259qliyyat kommunikasiyalar\u0131n\u0131n a\u00e7\u0131lmas\u0131 il\u0259 ba\u011fl\u0131 m\u0259s\u0259l\u0259l\u0259rin h\u0259ll edilm\u0259si \u00fc\u00e7\u00fcn Rusiya, Az\u0259rbaycan v\u0259 Erm\u0259nistan\u0131n ba\u015f nazirl\u0259rinin m\u00fcavinl\u0259rinin h\u0259ms\u0259drliyi il\u0259 i\u015f\u00e7i qrup yarad\u0131ld\u0131. Az\u0259rbaycan\u0131n A\u011fdam rayonunun \u0259razisind\u0259 Az\u0259rbaycan t\u0259r\u0259fi Rusiya-T\u00fcrkiy\u0259 monitorinq m\u0259rk\u0259zi yaratd\u0131.<\/p>\n<p>Az\u0259rbaycan qalib \u00f6lk\u0259 kimi m\u00fcnasib\u0259tl\u0259ri normalla\u015fd\u0131rma\u011fa haz\u0131rd\u0131r. Az\u0259rbaycan \u0259razi b\u00fct\u00f6vl\u00fcy\u00fcn\u00fcn qar\u015f\u0131l\u0131ql\u0131 tan\u0131nmas\u0131 \u015f\u0259rti il\u0259 s\u0259rh\u0259dl\u0259rin delimitasiyas\u0131nav\u0259 s\u00fclh sazi\u015finin t\u0259f\u0259rr\u00fcatlar\u0131n\u0131n m\u00fc\u0259yy\u0259n edilm\u0259si \u00fc\u00e7\u00fcn Erm\u0259nistanla dan\u0131\u015f\u0131qlar\u0131n apar\u0131lmas\u0131na haz\u0131rd\u0131r. \u00dcmidvar\u0131q ki, Erm\u0259nistan r\u0259hb\u0259rliyi bu tarixi \u015fans\u0131 \u0259ld\u0259n verm\u0259y\u0259c\u0259k.<br \/>\n\u00d6zg\u0259 torpaqlar\u0131na g\u00f6z dik\u0259n, saxtakarl\u0131q v\u0259 riyakarl\u0131\u011fa ad\u0259t etmi\u015f, terror v\u0259 vandalizmi \u0259m\u0259ll\u0259rind\u0259 t\u0259bli\u011f ed\u0259n erm\u0259nil\u0259r tarix\u0259n xalq\u0131m\u0131za qar\u015f\u0131 q\u0259tlyamlar, faci\u0259l\u0259r t\u00f6r\u0259tmi\u015fl\u0259r.Torpaqlar\u0131m\u0131z i\u015f\u011faldan azad edildikd\u0259n sonra bu torpaqlara ayaq basan h\u0259r k\u0259s erm\u0259ni xisl\u0259tinin ac\u0131 n\u0259tic\u0259l\u0259rinin canl\u0131 \u015fahidin\u0259 \u00e7evrildi.<br \/>\nAzad edilmi\u015f \u0259razil\u0259rd\u0259 t\u0259qrib\u0259n 30 illik i\u015f\u011fal d\u00f6vr\u00fcnd\u0259 dem\u0259k olar ki, b\u00fct\u00fcn binalar v\u0259 tarixi abid\u0259l\u0259r da\u011f\u0131d\u0131l\u0131b. Azad edilmi\u015f \u0259razil\u0259rd\u0259ki 67 m\u0259scidd\u0259n 65-i tamamil\u0259 da\u011f\u0131d\u0131l\u0131b. Qism\u0259n da\u011f\u0131d\u0131lm\u0131\u015f qalan iki m\u0259scidd\u0259 i\u015f\u011fal\u00e7\u0131lar donuz v\u0259 in\u0259k saxlay\u0131r, m\u00fcs\u0259lmanlar\u0131n heysiyy\u0259tini q\u0259sd\u0259n t\u0259hqir edirdil\u0259r. F\u00fczuli \u015f\u0259h\u0259rind\u0259 v\u0259 F\u00fczuli rayonunun b\u00fct\u00fcn k\u0259ndl\u0259rind\u0259 binalar v\u0259 evl\u0259r 100 faiz da\u011f\u0131d\u0131l\u0131b. A\u011fdam \u015f\u0259h\u0259rind\u0259 v\u0259 A\u011fdam rayonunda da eyni v\u0259ziyy\u0259tdir. A\u011fdam \u015f\u0259h\u0259ri \u201cQafqaz\u0131n Hirosimas\u0131\u201d adland\u0131r\u0131l\u0131r. C\u0259bray\u0131l rayonunda c\u0259mi 2 bina salamat qal\u0131b, orada Erm\u0259nistan silahl\u0131 q\u00fcvv\u0259l\u0259rinin h\u0259rbi qulluq\u00e7ular\u0131 yerl\u0259\u015firdi. Z\u0259ngilan, Qubadl\u0131, La\u00e7\u0131n v\u0259 K\u0259lb\u0259c\u0259r rayonlar\u0131nda da ox\u015far v\u0259ziyy\u0259tdir. \u015eu\u015fa \u015f\u0259h\u0259rind\u0259 i\u015f\u011fala q\u0259d\u0259r m\u00f6vcud olan 17 m\u0259scidd\u0259n 16-s\u0131 Erm\u0259nistan t\u0259r\u0259find\u0259n da\u011f\u0131d\u0131l\u0131b. Bir m\u0259scid \u201ctolerantl\u0131q\u201d n\u00fcmayi\u015f etdirm\u0259k \u00fc\u00e7\u00fcn saxlan\u0131l\u0131b v\u0259 \u0130randan olan qondarma m\u00fct\u0259x\u0259ssisl\u0259rin k\u00f6m\u0259yi il\u0259 onu fars m\u0259scidi kimi t\u0259qdim etm\u0259y\u0259 c\u0259hd g\u00f6st\u0259rilib. Evl\u0259r v\u0259 ictimai binalar k\u0259rpic-k\u0259rpic, da\u015f-da\u015f s\u00f6k\u00fcl\u00fcb, Erm\u0259nistana v\u0259 \u0130rana sat\u0131l\u0131b. T\u0259bi\u0259t\u0259 \u00e7ox b\u00f6y\u00fck ziyan vurulub, 60 min hektara yax\u0131n me\u015f\u0259 q\u0131r\u0131l\u0131b, Erm\u0259nistana v\u0259 \u0130rana sat\u0131l\u0131b. Q\u0131z\u0131l yataqlar\u0131 v\u0259 dig\u0259r t\u0259bii ehtiyatlar qanunsuz istismar edilib. Transs\u0259rh\u0259d Ox\u00e7u\u00e7ay \u00e7ay\u0131 bir Avropa \u015firk\u0259tinin i\u015ftirak\u0131 il\u0259 sistematik olaraq \u00e7irkl\u0259ndirilirdi, bu da art\u0131q n\u00fcfuzlu beyn\u0259lxalq ekspertl\u0259r t\u0259r\u0259find\u0259n t\u0259sdiq edilmi\u015f ekoloji f\u0259lak\u0259t\u0259 g\u0259tirib \u00e7\u0131xar\u0131b. T\u0259qrib\u0259n 30 il m\u00fcdd\u0259tind\u0259 Erm\u0259nistan\u0131n n\u0259zar\u0259ti alt\u0131nda olmu\u015f Az\u0259rbaycan \u0259razisi narkotrafik \u00fc\u00e7\u00fcn istifad\u0259 olunmu\u015fdur.<br \/>\nV\u0259t\u0259n m\u00fcharib\u0259si zaman\u0131 Az\u0259rbaycan ordusu \u00f6z missiyas\u0131n\u0131 \u015f\u0259r\u0259f v\u0259 l\u0259yaq\u0259tl\u0259 yerin\u0259 yetirib. Ordumuz m\u00fclki \u0259haliy\u0259, m\u00fclki obyektl\u0259rin oldu\u011fu \u0259razil\u0259r\u0259 at\u0259\u015f a\u00e7may\u0131b, m\u00fclki insanlar\u0131n \u0259razid\u0259n s\u0259rb\u0259st v\u0259 t\u0259hl\u00fck\u0259siz \u00e7\u0131xmas\u0131na \u015f\u0259rait yarad\u0131b. Amma h\u0259r zaman cinay\u0259tl\u0259r\u0259 \u0259l atan Erm\u0259nistan ordusu, u\u015faq v\u0259 qad\u0131n qatili olan erm\u0259ni terror\u00e7ular\u0131 G\u0259nc\u0259, T\u0259rt\u0259r, B\u0259rd\u0259, A\u011fdam, F\u00fczuli v\u0259 dig\u0259r \u0259razil\u0259rd\u0259 m\u00fclki insanlara, \u0259halinin s\u0131x ya\u015fad\u0131\u011f\u0131 \u0259razil\u0259r\u0259 qada\u011fan olunmu\u015f silahlardan at\u0259\u015f a\u00e7d\u0131lar.<br \/>\nErm\u0259ni terrorunun ac\u0131 n\u0259tic\u0259l\u0259ri il\u0259 \u00fczl\u0259\u015f\u0259n \u0259razil\u0259rimizd\u0259n biri d\u0259 F\u00fczuli rayonudur. M\u00fcharib\u0259 zaman\u0131 erm\u0259nil\u0259r t\u0259r\u0259find\u0259n rayonumuzun m\u00fclki insanlar ya\u015fayan \u0259razil\u0259rin\u0259 300-\u0259 yax\u0131n raket at\u0131lm\u0131\u015f, n\u0259tic\u0259d\u0259 343 ev\u0259 ziyan d\u0259ymi\u015f, onlardan 12 ev tamamil\u0259 da\u011f\u0131lm\u0131\u015fd\u0131r. Bu at\u0259\u015fl\u0259r n\u0259tic\u0259sind\u0259 4 n\u0259f\u0259r m\u00fclki F\u00fczuli sakini h\u0259yat\u0131n\u0131 itirdi.<br \/>\nHaz\u0131rda d\u00f6vl\u0259timiz t\u0259r\u0259find\u0259n i\u015f\u011faldan azad edilmi\u015f dig\u0259r \u0259razil\u0259rimiz kimi F\u00fczuli rayonunda da geni\u015f tikinti- quruculuq i\u015fl\u0259ri apar\u0131l\u0131r. Azad olunanda bayraq asma\u011fa bir salamat bina tap\u0131lmayan F\u00fczuli \u015f\u0259h\u0259rind\u0259 indi iri infrastruktur layih\u0259l\u0259r realla\u015fmaqdad\u0131r. F\u00fczuli Beyn\u0259lxalq Hava Liman\u0131 art\u0131q ilk s\u0259rni\u015finl\u0259rini q\u0259bul etm\u0259y\u0259 haz\u0131rla\u015f\u0131r. \u00d6lk\u0259 ba\u015f\u00e7\u0131s\u0131 c\u0259nab \u0130lham \u018fliyev v\u0259 Birinci vitse-prezident Mehriban xan\u0131m \u018fliyeva F\u00fczuli \u015f\u0259h\u0259rinin i\u015f\u011faldan azad edilm\u0259sini birinci ild\u00f6n\u00fcm\u00fcnd\u0259 f\u00fczulil\u0259rl\u0259 birlikd\u0259 oldular. Bu tarixi s\u0259f\u0259r zaman\u0131 F\u00fczuli ictimaiyy\u0259tinin n\u00fcmay\u0259nd\u0259l\u0259ri il\u0259 g\u00f6r\u00fc\u015f\u0259n d\u00f6vl\u0259t ba\u015f\u00e7\u0131m\u0131z bir s\u0131ra m\u00fch\u00fcm obyektl\u0259rin t\u0259m\u0259lini qoydu. Prezident c\u0259nab \u0130lham \u018fliyevin v\u0259 Birinci vitse-prezident Mehriban xan\u0131m \u018fliyevan\u0131n i\u015f\u011faldan azad edilmi\u015f \u0259razil\u0259r\u0259 davaml\u0131 s\u0259f\u0259rl\u0259r etm\u0259si, t\u0259m\u0259lqoymalar h\u0259yata ke\u00e7irm\u0259si v\u0259 \u00fcmumilikd\u0259 g\u00f6r\u00fcl\u0259n i\u015fl\u0259rin s\u00fcr\u0259ti, miqyas\u0131 bizl\u0259ri \u0259min edir ki, tezlikl\u0259 Qaraba\u011f\u0131m\u0131z c\u0259nn\u0259t\u0259 \u00e7evril\u0259c\u0259kdir.<\/p>\n<p><strong>Natiq A\u011fayev,<\/strong><\/p>\n<p><em>F\u00fczuli R\u0130H-nin memarl\u0131q v\u0259 tikinti \u015f\u00f6b\u0259sinin m\u00fcdiri, ba\u015f memar<\/em><\/p>\n","protected":false},"excerpt":{"rendered":"<p>Az\u0259rbaycan 44 g\u00fcnl\u00fck V\u0259t\u0259n m\u00fcharib\u0259sind\u0259 Q\u0259l\u0259b\u0259 qazand\u0131. Bu Q\u0259l\u0259b\u0259 xalq\u0131n birliyinin, \u0259zminin, \u00f6lk\u0259mizin iqtisadi g\u00fcc\u00fcn\u00fcn v\u0259 h\u0259rbi q\u00fcdr\u0259tinin bir daha t\u0259sdiqi oldu. V\u0259r\u0259n m\u00fcharib\u0259sinin gedi\u015fi v\u0259 n\u0259tic\u0259si b\u00fct\u00fcn d\u00fcnyaya s\u00fcbut etdi ki, Az\u0259rbaycan \u00f6z taleyinin v\u0259 \u00f6z torpa\u011f\u0131n\u0131n sahibi olma\u011f\u0131 yax\u015f\u0131 bacar\u0131r. D\u00f6vl\u0259t ba\u015f\u00e7\u0131m\u0131z c\u0259nab \u0130lham \u018fliyevin apard\u0131\u011f\u0131 u\u011furlu daxili v\u0259 xarici siyas\u0259t n\u0259tic\u0259sind\u0259 g\u00fcnd\u0259n g\u00fcn\u0259 g\u00fccl\u0259n\u0259n, inki\u015faf ed\u0259n \u00f6lk\u0259miz tarixi \u0259dal\u0259ti b\u0259rpa etdi, 30 il\u0259 yax\u0131n i\u015f\u011fal alt\u0131nda qalan torpaqlar\u0131m\u0131z\u0131 i\u015f\u011faldan azad etdi. Art\u0131q Da\u011fl\u0131q Qaraba\u011f m\u00fcnaqi\u015f\u0259si ke\u00e7mi\u015fd\u0259 qal\u0131b. B\u00fct\u00f6vl\u00fckd\u0259 postm\u00fcnaqi\u015f\u0259 d\u00f6vr\u00fc sakit ke\u00e7ir. Az\u0259rbaycan \u00f6z \u0259razi b\u00fct\u00f6vl\u00fcy\u00fcn\u00fc b\u0259rpa&hellip;<\/p>\n","protected":false},"author":2,"featured_media":393237,"comment_status":"closed","ping_status":"closed","sticky":false,"template":"","format":"standard","meta":{"om_disable_all_campaigns":false,"_monsterinsights_skip_tracking":false,"_monsterinsights_sitenote_active":false,"_monsterinsights_sitenote_note":"","_monsterinsights_sitenote_category":0},"categories":[26],"tags":[],"aioseo_notices":[],"gutentor_comment":0,"rttpg_featured_image_url":{"full":["https:\/\/arantv.az\/wp-content\/uploads\/2021\/10\/4f649b16160881200032313021210672697-1.jpg",975,540,false],"landscape":["https:\/\/arantv.az\/wp-content\/uploads\/2021\/10\/4f649b16160881200032313021210672697-1.jpg",975,540,false],"portraits":["https:\/\/arantv.az\/wp-content\/uploads\/2021\/10\/4f649b16160881200032313021210672697-1.jpg",975,540,false],"thumbnail":["https:\/\/arantv.az\/wp-content\/uploads\/2021\/10\/4f649b16160881200032313021210672697-1-500x280.jpg",500,280,true],"medium":["https:\/\/arantv.az\/wp-content\/uploads\/2021\/10\/4f649b16160881200032313021210672697-1-660x365.jpg",660,365,true],"large":["https:\/\/arantv.az\/wp-content\/uploads\/2021\/10\/4f649b16160881200032313021210672697-1-840x465.jpg",640,354,true],"1536x1536":["https:\/\/arantv.az\/wp-content\/uploads\/2021\/10\/4f649b16160881200032313021210672697-1.jpg",975,540,false],"2048x2048":["https:\/\/arantv.az\/wp-content\/uploads\/2021\/10\/4f649b16160881200032313021210672697-1.jpg",975,540,false],"post-thumbnail":["https:\/\/arantv.az\/wp-content\/uploads\/2021\/10\/4f649b16160881200032313021210672697-1-240x172.jpg",240,172,true],"advps-thumb-one":["https:\/\/arantv.az\/wp-content\/uploads\/2021\/10\/4f649b16160881200032313021210672697-1.jpg",975,540,false]},"rttpg_author":{"display_name":"V\u00fcsal Rafiqo\u011flu","author_link":"https:\/\/arantv.az\/?author=2"},"rttpg_comment":0,"rttpg_category":"<a href=\"https:\/\/arantv.az\/?cat=26\" rel=\"category\">Sosial<\/a>","rttpg_excerpt":"Az\u0259rbaycan 44 g\u00fcnl\u00fck V\u0259t\u0259n m\u00fcharib\u0259sind\u0259 Q\u0259l\u0259b\u0259 qazand\u0131. Bu Q\u0259l\u0259b\u0259 xalq\u0131n birliyinin, \u0259zminin, \u00f6lk\u0259mizin iqtisadi g\u00fcc\u00fcn\u00fcn v\u0259 h\u0259rbi q\u00fcdr\u0259tinin bir daha t\u0259sdiqi oldu. V\u0259r\u0259n m\u00fcharib\u0259sinin gedi\u015fi v\u0259 n\u0259tic\u0259si b\u00fct\u00fcn d\u00fcnyaya s\u00fcbut etdi ki, Az\u0259rbaycan \u00f6z taleyinin v\u0259 \u00f6z torpa\u011f\u0131n\u0131n sahibi olma\u011f\u0131 yax\u015f\u0131 bacar\u0131r. D\u00f6vl\u0259t ba\u015f\u00e7\u0131m\u0131z c\u0259nab \u0130lham \u018fliyevin apard\u0131\u011f\u0131 u\u011furlu daxili v\u0259 xarici siyas\u0259t n\u0259tic\u0259sind\u0259 g\u00fcnd\u0259n&hellip;","_links":{"self":[{"href":"https:\/\/arantv.az\/index.php?rest_route=\/wp\/v2\/posts\/393236"}],"collection":[{"href":"https:\/\/arantv.az\/index.php?rest_route=\/wp\/v2\/posts"}],"about":[{"href":"https:\/\/arantv.az\/index.php?rest_route=\/wp\/v2\/types\/post"}],"author":[{"embeddable":true,"href":"https:\/\/arantv.az\/index.php?rest_route=\/wp\/v2\/users\/2"}],"replies":[{"embeddable":true,"href":"https:\/\/arantv.az\/index.php?rest_route=%2Fwp%2Fv2%2Fcomments&post=393236"}],"version-history":[{"count":0,"href":"https:\/\/arantv.az\/index.php?rest_route=\/wp\/v2\/posts\/393236\/revisions"}],"wp:featuredmedia":[{"embeddable":true,"href":"https:\/\/arantv.az\/index.php?rest_route=\/wp\/v2\/media\/393237"}],"wp:attachment":[{"href":"https:\/\/arantv.az\/index.php?rest_route=%2Fwp%2Fv2%2Fmedia&parent=393236"}],"wp:term":[{"taxonomy":"category","embeddable":true,"href":"https:\/\/arantv.az\/index.php?rest_route=%2Fwp%2Fv2%2Fcategories&post=393236"},{"taxonomy":"post_tag","embeddable":true,"href":"https:\/\/arantv.az\/index.php?rest_route=%2Fwp%2Fv2%2Ftags&post=393236"}],"curies":[{"name":"wp","href":"https:\/\/api.w.org\/{rel}","templated":true}]}}