{"id":393242,"date":"2021-10-20T11:12:56","date_gmt":"2021-10-20T08:12:56","guid":{"rendered":"http:\/\/arantv.az\/?p=393242"},"modified":"2021-10-20T11:12:56","modified_gmt":"2021-10-20T08:12:56","slug":"rusiya-artiq-qarabag-m%c9%99s%c9%99l%c9%99sind%c9%99-dominant-deyil","status":"publish","type":"post","link":"https:\/\/arantv.az\/?p=393242","title":{"rendered":"\u201cRusiya art\u0131q Qaraba\u011f m\u0259s\u0259l\u0259sind\u0259 dominant deyil\u201d"},"content":{"rendered":"<p>Karnegi Fondunun Moskva m\u0259rk\u0259zinin direktoru Dmitri Trenin Azadl\u0131q radiosunun erm\u0259ni xidm\u0259tin\u0259 m\u00fcsahib\u0259sind\u0259 bildirib ki, Rusiya art\u0131q Qaraba\u011f m\u0259s\u0259l\u0259sind\u0259 dominant deyil.<br \/>\nSiyasi \u015f\u0259rh\u00e7i Asif N\u0259rimanl\u0131 &#8220;\u00d6lk\u0259.az&#8221;a a\u00e7\u0131qlamas\u0131nda bu fikirl\u0259r\u0259 m\u00fcnasib\u0259t bildirib.<\/p>\n<p>O deyib ki, II Qaraba\u011f m\u00fcharib\u0259si Moskvan\u0131n Qafqazdak\u0131 m\u00f6vqel\u0259rinin z\u0259ifl\u0259m\u0259sin\u0259 s\u0259b\u0259b olub: \u201cT\u00fcrkiy\u0259 regionda \u201ck\u0259miyy\u0259tc\u0259\u201d i\u015ftirak\u0131n\u0131 \u201ckeyfiyy\u0259tc\u0259\u201d i\u015ftiraka \u00e7evirdi. Rusiya s\u00fclhm\u0259raml\u0131lar\u0131n\u0131 Qaraba\u011fa yerl\u0259\u015fdirm\u0259kl\u0259 m\u00f6vqel\u0259rin\u0259 d\u0259y\u0259n z\u0259r\u0259ri qism\u0259n kompensasiya etdi\u201d.Siyasi \u015f\u0259rh\u00e7i qeyd edib ki, Rusiya \u00fc\u00e7\u00fcn \u0259sas maraq T\u00fcrkiy\u0259 kimi b\u00f6y\u00fck regional \u00f6lk\u0259 il\u0259 silahl\u0131 m\u00fcnaqi\u015f\u0259 v\u0259ziyy\u0259tind\u0259 olmamaqd\u0131r: \u201cEl\u0259c\u0259 d\u0259 qon\u015fusu Az\u0259rbaycanla m\u00fcnaqi\u015f\u0259 v\u0259ziyy\u0259tind\u0259n qa\u00e7maq v\u0259 m\u00fctt\u0259fiqi Erm\u0259nistan\u0131 taleyin \u00fcmidin\u0259 buraxmamaqd\u0131r\u00a0v\u0259 Qaraba\u011f m\u0259s\u0259l\u0259sind\u0259 imkanlar\u0131n\u0131n olduqca m\u0259hdudla\u015fd\u0131\u011f\u0131n\u0131 d\u0259rk etm\u0259kdir. M\u00fcharib\u0259nin ba\u015fa \u00e7atmas\u0131ndan sonra yaz\u0131rd\u0131q ki, Bak\u0131 m\u00fcnaqi\u015f\u0259ni onu yaradan\u0131n \u0259li il\u0259 h\u0259ll etdi v\u0259 T\u00fcrkiy\u0259ni b\u00f6lg\u0259y\u0259 g\u0259tirm\u0259kl\u0259 g\u00fcc balans\u0131n\u0131 (h\u0259rbi v\u0259 siyasi m\u0259nada) d\u0259yi\u015fdi&#8221;.<\/p>\n","protected":false},"excerpt":{"rendered":"<p>Karnegi Fondunun Moskva m\u0259rk\u0259zinin direktoru Dmitri Trenin Azadl\u0131q radiosunun erm\u0259ni xidm\u0259tin\u0259 m\u00fcsahib\u0259sind\u0259 bildirib ki, Rusiya art\u0131q Qaraba\u011f m\u0259s\u0259l\u0259sind\u0259 dominant deyil. Siyasi \u015f\u0259rh\u00e7i Asif N\u0259rimanl\u0131 &#8220;\u00d6lk\u0259.az&#8221;a a\u00e7\u0131qlamas\u0131nda bu fikirl\u0259r\u0259 m\u00fcnasib\u0259t bildirib. O deyib ki, II Qaraba\u011f m\u00fcharib\u0259si Moskvan\u0131n Qafqazdak\u0131 m\u00f6vqel\u0259rinin z\u0259ifl\u0259m\u0259sin\u0259 s\u0259b\u0259b olub: \u201cT\u00fcrkiy\u0259 regionda \u201ck\u0259miyy\u0259tc\u0259\u201d i\u015ftirak\u0131n\u0131 \u201ckeyfiyy\u0259tc\u0259\u201d i\u015ftiraka \u00e7evirdi. Rusiya s\u00fclhm\u0259raml\u0131lar\u0131n\u0131 Qaraba\u011fa yerl\u0259\u015fdirm\u0259kl\u0259 m\u00f6vqel\u0259rin\u0259 d\u0259y\u0259n z\u0259r\u0259ri qism\u0259n kompensasiya etdi\u201d.Siyasi \u015f\u0259rh\u00e7i qeyd edib ki, Rusiya \u00fc\u00e7\u00fcn \u0259sas maraq T\u00fcrkiy\u0259 kimi b\u00f6y\u00fck regional \u00f6lk\u0259 il\u0259 silahl\u0131 m\u00fcnaqi\u015f\u0259 v\u0259ziyy\u0259tind\u0259 olmamaqd\u0131r: \u201cEl\u0259c\u0259 d\u0259 qon\u015fusu Az\u0259rbaycanla m\u00fcnaqi\u015f\u0259 v\u0259ziyy\u0259tind\u0259n qa\u00e7maq v\u0259 m\u00fctt\u0259fiqi Erm\u0259nistan\u0131 taleyin \u00fcmidin\u0259 buraxmamaqd\u0131r\u00a0v\u0259&hellip;<\/p>\n","protected":false},"author":2,"featured_media":393243,"comment_status":"closed","ping_status":"closed","sticky":false,"template":"","format":"standard","meta":{"om_disable_all_campaigns":false,"_monsterinsights_skip_tracking":false,"_monsterinsights_sitenote_active":false,"_monsterinsights_sitenote_note":"","_monsterinsights_sitenote_category":0},"categories":[4],"tags":[],"aioseo_notices":[],"gutentor_comment":0,"rttpg_featured_image_url":{"full":["https:\/\/arantv.az\/wp-content\/uploads\/2021\/10\/1634663470_prezidnet.png",770,415,false],"landscape":["https:\/\/arantv.az\/wp-content\/uploads\/2021\/10\/1634663470_prezidnet.png",770,415,false],"portraits":["https:\/\/arantv.az\/wp-content\/uploads\/2021\/10\/1634663470_prezidnet.png",770,415,false],"thumbnail":["https:\/\/arantv.az\/wp-content\/uploads\/2021\/10\/1634663470_prezidnet-500x280.png",500,280,true],"medium":["https:\/\/arantv.az\/wp-content\/uploads\/2021\/10\/1634663470_prezidnet-660x356.png",660,356,true],"large":["https:\/\/arantv.az\/wp-content\/uploads\/2021\/10\/1634663470_prezidnet.png",640,345,false],"1536x1536":["https:\/\/arantv.az\/wp-content\/uploads\/2021\/10\/1634663470_prezidnet.png",770,415,false],"2048x2048":["https:\/\/arantv.az\/wp-content\/uploads\/2021\/10\/1634663470_prezidnet.png",770,415,false],"post-thumbnail":["https:\/\/arantv.az\/wp-content\/uploads\/2021\/10\/1634663470_prezidnet-240x172.png",240,172,true],"advps-thumb-one":["https:\/\/arantv.az\/wp-content\/uploads\/2021\/10\/1634663470_prezidnet.png",770,415,false]},"rttpg_author":{"display_name":"V\u00fcsal Rafiqo\u011flu","author_link":"https:\/\/arantv.az\/?author=2"},"rttpg_comment":0,"rttpg_category":"<a href=\"https:\/\/arantv.az\/?cat=4\" rel=\"category\">Siyas\u0259t<\/a>","rttpg_excerpt":"Karnegi Fondunun Moskva m\u0259rk\u0259zinin direktoru Dmitri Trenin Azadl\u0131q radiosunun erm\u0259ni xidm\u0259tin\u0259 m\u00fcsahib\u0259sind\u0259 bildirib ki, Rusiya art\u0131q Qaraba\u011f m\u0259s\u0259l\u0259sind\u0259 dominant deyil. Siyasi \u015f\u0259rh\u00e7i Asif N\u0259rimanl\u0131 &#8220;\u00d6lk\u0259.az&#8221;a a\u00e7\u0131qlamas\u0131nda bu fikirl\u0259r\u0259 m\u00fcnasib\u0259t bildirib. O deyib ki, II Qaraba\u011f m\u00fcharib\u0259si Moskvan\u0131n Qafqazdak\u0131 m\u00f6vqel\u0259rinin z\u0259ifl\u0259m\u0259sin\u0259 s\u0259b\u0259b olub: \u201cT\u00fcrkiy\u0259 regionda \u201ck\u0259miyy\u0259tc\u0259\u201d i\u015ftirak\u0131n\u0131 \u201ckeyfiyy\u0259tc\u0259\u201d i\u015ftiraka \u00e7evirdi. Rusiya s\u00fclhm\u0259raml\u0131lar\u0131n\u0131 Qaraba\u011fa yerl\u0259\u015fdirm\u0259kl\u0259 m\u00f6vqel\u0259rin\u0259 d\u0259y\u0259n&hellip;","_links":{"self":[{"href":"https:\/\/arantv.az\/index.php?rest_route=\/wp\/v2\/posts\/393242"}],"collection":[{"href":"https:\/\/arantv.az\/index.php?rest_route=\/wp\/v2\/posts"}],"about":[{"href":"https:\/\/arantv.az\/index.php?rest_route=\/wp\/v2\/types\/post"}],"author":[{"embeddable":true,"href":"https:\/\/arantv.az\/index.php?rest_route=\/wp\/v2\/users\/2"}],"replies":[{"embeddable":true,"href":"https:\/\/arantv.az\/index.php?rest_route=%2Fwp%2Fv2%2Fcomments&post=393242"}],"version-history":[{"count":0,"href":"https:\/\/arantv.az\/index.php?rest_route=\/wp\/v2\/posts\/393242\/revisions"}],"wp:featuredmedia":[{"embeddable":true,"href":"https:\/\/arantv.az\/index.php?rest_route=\/wp\/v2\/media\/393243"}],"wp:attachment":[{"href":"https:\/\/arantv.az\/index.php?rest_route=%2Fwp%2Fv2%2Fmedia&parent=393242"}],"wp:term":[{"taxonomy":"category","embeddable":true,"href":"https:\/\/arantv.az\/index.php?rest_route=%2Fwp%2Fv2%2Fcategories&post=393242"},{"taxonomy":"post_tag","embeddable":true,"href":"https:\/\/arantv.az\/index.php?rest_route=%2Fwp%2Fv2%2Ftags&post=393242"}],"curies":[{"name":"wp","href":"https:\/\/api.w.org\/{rel}","templated":true}]}}