{"id":393251,"date":"2021-10-20T11:19:25","date_gmt":"2021-10-20T08:19:25","guid":{"rendered":"http:\/\/arantv.az\/?p=393251"},"modified":"2021-10-20T11:19:25","modified_gmt":"2021-10-20T08:19:25","slug":"dagidilmis-abid%c9%99l%c9%99rimizin-b%c9%99rpasinda-heyd%c9%99r-%c9%99liyev-fondunun-rolu-%c9%99v%c9%99zsizdir","status":"publish","type":"post","link":"https:\/\/arantv.az\/?p=393251","title":{"rendered":"Da\u011f\u0131d\u0131lm\u0131\u015f abid\u0259l\u0259rimizin b\u0259rpas\u0131nda Heyd\u0259r \u018fliyev Fondunun rolu \u0259v\u0259zsizdir"},"content":{"rendered":"<p>Az\u0259rbaycan\u0131n \u0259n q\u0259dim insan m\u0259sk\u0259nl\u0259rind\u0259n biri d\u0259 Z\u0259ngiland\u0131r. Z\u0259ngilan toponimi il\u0259 ba\u011fl\u0131 ara\u015fd\u0131rma\u00e7\u0131lar\u0131n bir \u00e7ox fikirl\u0259ri vard\u0131r. B\u0259zi m\u0259nb\u0259l\u0259rd\u0259 vaxtil\u0259 \u0130ran \u0259razisind\u0259 B\u0259xtiyarl\u0131lar adl\u0131 tayfalardan biri olan z\u0259ngi tayfas\u0131n\u0131n XVI-XVII \u0259srl\u0259rd\u0259 Az\u0259rbaycan\u0131n \u015fimal\u0131nda m\u0259skunla\u015fd\u0131qlar\u0131 d\u00f6vrl\u0259rd\u0259 g\u0259lib bu \u0259razid\u0259 q\u0259rarla\u015fd\u0131qlar\u0131 qeyd olunur. Tayfan\u0131n ad\u0131na \u0259lav\u0259 olunan \u201clan\u201d s\u00f6z\u00fcn\u00fcn is\u0259 m\u0259skunla\u015fma il\u0259 \u0259laq\u0259dar oldu\u011fu g\u00fcman edilir. \u00dcmumilikd\u0259, t\u0259xmin\u0259n 20-d\u0259n art\u0131q kitabda dig\u0259r iki ehtimal is\u0259 ilan s\u00f6z\u00fc il\u0259 ba\u011fl\u0131d\u0131r. Onlardan birind\u0259 Z\u0259ngilan s\u00f6z\u00fcn\u00fcn &#8220;ilanla z\u0259ngin yer\u201d m\u0259nas\u0131 verdiyi, dig\u0259rind\u0259 is\u0259 guya \u0259razid\u0259 olan ilanlar z\u0259ng cingiltisin\u0259 ox\u015far s\u0259s \u00e7\u0131xard\u0131qlar\u0131 \u00fc\u00e7\u00fcn bu yerin z\u0259ngli ilanlar m\u0259sk\u0259ni adland\u0131r\u0131ld\u0131\u011f\u0131 qeyd edilir. Co\u011frafiya elml\u0259ri namiz\u0259di M\u0259h\u0259mm\u0259d Cabbarov yaz\u0131r ki, ilk ad\u0131 Pir\u00e7ivan, yaxud da Pircavan olan rayona 1930-cu ild\u0259 Z\u0259ngilan ad\u0131, 1967-ci ild\u0259 is\u0259 \u015f\u0259h\u0259r statusu verilib.<\/p>\n<p>XIX \u0259srin \u0259vv\u0259ll\u0259rind\u0259 Rusiyan\u0131n Qafqaz\u0131 i\u015f\u011fal etm\u0259sind\u0259n sonra yeni inzibati \u0259razi b\u00f6lg\u00fcs\u00fc apar\u0131lark\u0259n Z\u0259ng\u0259zur q\u0259zas\u0131 G\u0259nc\u0259 quberniyas\u0131na tabe edilmi\u015f, Sisyan, Qafan, Mehri, Z\u0259ngilan, Qubadl\u0131 v\u0259 La\u00e7\u0131n buraya daxil olunmu\u015fdur. Z\u0259ngilan\u0131n \u0259razisi \u015f\u0259rqd\u0259n H\u0259k\u0259ri \u00e7ay\u0131ndan Mehri da\u011f silsil\u0259sin\u0259 q\u0259d\u0259r olan \u0259razini \u0259hat\u0259 edir.<\/p>\n<p>1920-ci ilin 28 aprel i\u015f\u011fal\u0131ndan sonra bol\u015fevikl\u0259rin k\u00f6m\u0259yi il\u0259 q\u0259dim t\u00fcrk torpaqlar\u0131 hesab\u0131na ilk d\u00f6vl\u0259tl\u0259rini quran erm\u0259nil\u0259r Z\u0259ng\u0259zur q\u0259zas\u0131n\u0131 i\u015f\u011fal etmi\u015fl\u0259r. Bu zaman bol\u015fevik Rusiyas\u0131n\u0131n t\u0259kidi il\u0259 Z\u0259ng\u0259zur Az\u0259rbaycan\u0131n \u0259lind\u0259n al\u0131naraq Erm\u0259nistana birl\u0259\u015fdirilmi\u015fdir. N\u0259tic\u0259d\u0259, q\u0259zan\u0131n yuxar\u0131 hiss\u0259si Erm\u0259nistan\u0131n, La\u00e7\u0131n, Qubadl\u0131 v\u0259 Z\u0259ngilan b\u00f6lg\u0259l\u0259ri is\u0259 Az\u0259rbaycan\u0131n t\u0259rkibind\u0259 qalm\u0131\u015fd\u0131r.<\/p>\n<p>1930-cu ild\u0259 yarad\u0131lan Z\u0259ngilan rayonunun sah\u0259si 707 kvadrat kilometrdir. \u018frazisin\u0259 bir \u015f\u0259h\u0259r, 6 q\u0259s\u0259b\u0259, 78 k\u0259nd daxil olan rayon 1993- c\u00fc il 29 oktyabr tarixind\u0259 Birinci Qaraba\u011f m\u00fcharib\u0259sind\u0259 t\u0259cav\u00fczkar Erm\u0259nistan t\u0259r\u0259find\u0259n i\u015f\u011fal olunan sonuncu rayon olub. 27 il d\u00fc\u015fm\u0259n tapda\u011f\u0131nda olan Z\u0259ngilan 20 oktyabr 2020-ci ild\u0259 m\u00fcz\u0259ff\u0259r Ali Ba\u015f Komandan \u0130lham \u018fliyevin r\u0259hb\u0259rliyi il\u0259 r\u0259\u015fad\u0259tli ordumuz t\u0259r\u0259find\u0259n azad edilib.<\/p>\n<p>\u018flb\u0259tt\u0259 ki, b\u00fct\u00fcn dig\u0259r azad olunan \u015f\u0259h\u0259r v\u0259 rayonlar\u0131m\u0131zda oldu\u011fu kimi, Z\u0259ngilanda da biz h\u0259r bir t\u0259r\u0259fd\u0259 erm\u0259ni v\u0259h\u015filiyinin \u015fahidi oluruq. \u0130\u015f\u011fal\u00e7\u0131 Erm\u0259nistan rayon \u0259razisind\u0259ki onlarla milli v\u0259 tarixi-dini abid\u0259l\u0259rimizi da\u011f\u0131daraq talan etmi\u015f, m\u0259d\u0259ni irsimizi yer \u00fcz\u00fcnd\u0259n silm\u0259y\u0259 \u00e7al\u0131\u015fm\u0131\u015fd\u0131r. Erm\u0259ni vandallar\u0131 az\u0259rbaycanl\u0131lar\u0131n t\u0259rk etm\u0259y\u0259 m\u0259cbur qoyduqlar\u0131 d\u0259d\u0259-baba yurdlar\u0131nda bizl\u0259r\u0259 m\u0259xsus b\u00fct\u00fcn tarixi izl\u0259ri silm\u0259kl\u0259 yana\u015f\u0131, xalq\u0131m\u0131z\u0131n, \u00fcmumilikd\u0259 is\u0259 b\u00fct\u00fcn m\u00fcs\u0259lmanlar\u0131n heysiyyat\u0131na toxunmaq m\u0259qs\u0259dil\u0259 b\u0259zi m\u0259scidl\u0259rd\u0259n h\u0259tta donuz v\u0259 mal-qara \u00fc\u00e7\u00fcn saxlanc yeri kimi d\u0259 istifad\u0259 etm\u0259kd\u0259n \u00e7\u0259kinm\u0259yibl\u0259r. \u00d6lk\u0259 ba\u015f\u00e7\u0131s\u0131 \u0130lham \u018fliyevin dediyi kimi, erm\u0259nil\u0259rin bu \u00e7irkin \u0259m\u0259ll\u0259ri t\u0259kc\u0259 biz\u0259 qar\u015f\u0131 yox, b\u00fct\u00fcn m\u00fcs\u0259lman d\u00fcnyas\u0131na qar\u015f\u0131 edil\u0259n cinay\u0259tdir. Erm\u0259ni silahl\u0131 birl\u0259\u015fm\u0259l\u0259rinin i\u015f\u011fal\u0131 n\u0259tic\u0259sind\u0259 t\u0259qribi hesablamalara g\u00f6r\u0259, rayona 1 milyard 390 milyon AB\u015e dollar\u0131 m\u0259bl\u0259\u011find\u0259 z\u0259r\u0259r d\u0259ymi\u015fdi. \u00c7ox qiym\u0259tli abid\u0259l\u0259r da\u011f\u0131d\u0131lm\u0131\u015fd\u0131.<\/p>\n<p>T\u0259qrib\u0259n 1400 ild\u0259n art\u0131q ya\u015f\u0131 olan Z\u0259ngilan\u0131n \u00f6z\u00fcn\u0259m\u0259xsus tarixi ke\u00e7mi\u015fi var. Rayon \u0259razisind\u0259n axan \u015e\u0259r\u0259k\u0259 \u00e7ay\u0131n\u0131n h\u00f6vz\u0259sind\u0259 \u00f6z\u00fcn\u00fcn q\u0259dim ornamentl\u0259ri il\u0259 se\u00e7il\u0259n onlarla t\u00fcrb\u0259 var idi. Rayonun M\u0259mm\u0259db\u0259yli k\u0259ndind\u0259ki s\u0259kkizgu\u015f\u0259li Y\u0259hya ibn M\u0259h\u0259mm\u0259d t\u00fcrb\u0259sinin (1304-1305) \u0259traf\u0131nda orta \u0259sr q\u0259biristanl\u0131\u011f\u0131 yerl\u0259\u015firdi. T\u00fcrb\u0259d\u0259n bir q\u0259d\u0259r aral\u0131dak\u0131 \u015eeyxzad\u0259 \u015eeyx Abd as-Salam ibn \u015eeyx Qiyas \u0259d-Dinin (1358-ci ilin yadigar\u0131) m\u0259zar\u0131 ziyar\u0259tgaha \u00e7evrilmi\u015fdi. Yaz\u0131lar\u0131n x\u00fcsusiyy\u0259tl\u0259rin\u0259, b\u0259dii t\u0259rtibat\u0131na g\u00f6r\u0259 \u015e\u0131xbaba Q\u0259diriyy\u0259 sufi xan\u0259gah\u0131n\u0131n f\u0259aliyy\u0259t d\u00f6vr\u00fc XIII-XIV \u0259srl\u0259r\u0259 aid edilirdi. Bu \u0259razil\u0259rd\u0259 h\u0259min \u0259srl\u0259r\u0259 aid s\u0259nduq\u0259, ba\u015fda\u015f\u0131 formal\u0131, qo\u00e7, at heyk\u0259lli q\u0259bir da\u015flar\u0131n\u0131n \u00fcz\u0259rind\u0259ki \u0259r\u0259b, fars, Az\u0259rbaycan dilind\u0259 olan yaz\u0131lar xalq\u0131m\u0131z\u0131n h\u0259yat v\u0259 m\u0259i\u015f\u0259tini \u0259ks etdirirdi. T\u00fcrb\u0259nin giri\u015f qap\u0131s\u0131n\u0131n \u00fcst\u00fcnd\u0259 h\u00fcsnx\u0259tl\u0259 \u0259r\u0259bc\u0259 yaz\u0131lan kitab\u0259d\u0259 Qurandan ay\u0259, t\u00fcrb\u0259nin kim\u0259 m\u0259xsus olmas\u0131 v\u0259 n\u0259 vaxt tikildiyi qeyd edilirdi. Orada yaz\u0131lanlardan m\u0259lum olurdu ki, o, Y\u0259hya ibn M\u0259h\u0259mm\u0259d \u0259l-H\u0259cc Seyid \u018flinin t\u00fcrb\u0259sidir. XIV \u0259srd\u0259 ya\u015fam\u0131\u015f m\u0259\u015fhur co\u011frafiya\u015f\u00fcnas v\u0259 tarix\u00e7i H\u0259mdullah Q\u0259zvininin yazd\u0131\u011f\u0131na g\u00f6r\u0259, Z\u0259ngilan\u0131n \u0259sas\u0131 hicri tarixinin 15-ci ilind\u0259, y\u0259ni 636-c\u0131 (637) ild\u0259 qoyulub. Dem\u0259li, Z\u0259ngilan\u0131n t\u0259qrib\u0259n 1400 ild\u0259n art\u0131q ya\u015f\u0131 var. Rayonun \u0259razisind\u0259 Xudaf\u0259rin su qov\u015fa\u011f\u0131n\u0131n yarad\u0131lmas\u0131 il\u0259 \u0259laq\u0259dar burada 1974 v\u0259 1979-cu ill\u0259rd\u0259 arxeoloji qaz\u0131nt\u0131 i\u015fl\u0259ri apar\u0131l\u0131b. M\u0259lum olub ki, \u0259razi memarl\u0131q abid\u0259l\u0259ri il\u0259 \u00e7ox z\u0259ngindir. Bunlardan biri \u015e\u0259rifan k\u0259ndind\u0259ki \u015e\u0259hri-\u015e\u0259rifan (v\u0259 ya \u015e\u0259riban, \u015eabran) abid\u0259si idi. Abid\u0259nin b\u00f6y\u00fck bir hiss\u0259sini H\u0259k\u0259r\u0259 \u00e7ay\u0131 yuyub apard\u0131\u011f\u0131ndan \u015f\u0259h\u0259r qal\u0131\u011f\u0131n\u0131n \u0259razisi 9 hektara yax\u0131n qalm\u0131\u015fd\u0131.<\/p>\n<p>Bartaz v\u0259 Ke\u00e7ikli k\u0259ndind\u0259 VI-VII \u0259srl\u0259r\u0259 aid olan &#8220;\u015eukrataz\u201d v\u0259 &#8220;\u018fsg\u00fcl\u00fcm\u201d qalalar\u0131, on \u00fc\u00e7-on d\u00f6rd\u00fcnc\u00fc y\u00fczillikl\u0259rin yadigar\u0131 Bartazdak\u0131 &#8220;Xanazur\u201d, Malatke\u015fin \u0259razisind\u0259 yerl\u0259\u015f\u0259n &#8220;Da\u011fda\u011fan\u201d v\u0259 G\u0259y\u0259linin pirl\u0259ri, Z\u0259ngilan \u015f\u0259h\u0259rind\u0259ki m\u0259scid, Ta\u011fl\u0131 qala, Pir\u00e7ivandak\u0131 d\u0259v\u0259 piri minillik tarixi \u0259ks etdir\u0259n arxeoloji tap\u0131nt\u0131larla z\u0259ngin D\u00f6vl\u0259t Muzeyi d\u0259 vandalizmin qurbanlar\u0131ndand\u0131r. Gil\u0259ta\u011f \u0259razisind\u0259ki XVI-XVII \u0259srl\u0259r\u0259 aid, Sar\u0131 A\u015fl\u0131qla ba\u011fl\u0131 G\u00fcn\u0259\u015f abid\u0259 piri, R\u0259zd\u0259r\u0259d\u0259ki Alban t\u00fcrb\u0259 kompleksi, \u0130slam dininin Qafqaza g\u0259tirilm\u0259si tarixini \u00f6z\u00fcnd\u0259 t\u0259sdiql\u0259y\u0259n R\u0259zd\u0259r\u0259 k\u0259nd m\u0259scidi, Nizami G\u0259nc\u0259vi d\u00f6vr\u00fcnd\u0259n qalma Top k\u00f6rpusu, Yol piri, Q\u0131z qalas\u0131 kimi tarixi, m\u0259d\u0259ni v\u0259 dini abid\u0259l\u0259rimiz erm\u0259ni \u015fovinist siyas\u0259ti n\u0259tic\u0259sind\u0259 yerl\u0259-yeksan edilib.<\/p>\n<p>Z\u0259ngilan\u0131n \u0259razisind\u0259ki tarixi abid\u0259l\u0259r yaln\u0131z yuxar\u0131da adlar\u0131 sadalananlar deyil. \u0130\u015f\u011fal n\u0259tic\u0259sind\u0259 d\u00fc\u015fm\u0259n t\u0259r\u0259find\u0259n da\u011f\u0131d\u0131lm\u0131\u015f tarixi v\u0259 dini memarl\u0131q abid\u0259l\u0259rinin q\u0131sa x\u00fclas\u0259si: \u0130mam H\u00fcseyn m\u0259scidi (XVII \u0259sr), M\u0259scid (XIX \u0259sr), \u2013 Malatke\u015fin k\u0259ndi, M\u0259scid (XIX \u0259sr) \u2013 Q\u0131r\u0131q Mu\u015flan k\u0259ndi, M\u0259scid (XIX \u0259sr) \u2013 Mu\u015flan k\u0259ndi, M\u0259scid (XIX \u0259sr) \u2013 R\u0259zd\u0259r\u0259 k\u0259ndi, Alban kils\u0259si \u2013 Xanazor v\u0259 Yem\u0259zli k\u0259ndl\u0259ri. Ziyar\u0259tgahlar: S\u0259kkizgu\u015f\u0259li t\u00fcrb\u0259 (XIV \u0259sr) \u2013 M\u0259mm\u0259db\u0259yli k\u0259ndi, Ziya Baba oca\u011f\u0131 \u2013 A\u011fk\u0259nd k\u0259ndi, Xanazur t\u00fcrb\u0259si \u2013 Bartaz k\u0259ndi, Xanazor piri \u2013 Bartaz yax\u0131nl\u0131\u011f\u0131nda, Soltan Heyd\u0259r piri \u2013 Bartaz da\u011f\u0131nda, G\u00fcnq\u0131\u015flaq piri \u2013 G\u00fcnq\u0131\u015flaq k\u0259ndi, \u0130zz\u0259 piri \u2013 Hac\u0131ll\u0131 k\u0259ndi, Hacall\u0131 (Hac\u0131all\u0131) g\u00fcnb\u0259zi \u2013 Hac\u0131ll\u0131 k\u0259ndi, Buqakar piri \u2013 Leyfaz k\u0259ndi, M\u0259likli Hac\u0131 Mir M\u0259h\u0259mm\u0259d oca\u011f\u0131 \u2013 M\u0259likli k\u0259ndi, Veysin piri \u2013 Pirveyis k\u0259ndi, Seyid Musa oca\u011f\u0131 \u2013 Sobu k\u0259ndi, Qarada\u011fl\u0131 piri \u2013 \u015e\u0259fib\u0259yli k\u0259ndi, Yal piri \u2013 Vejn\u0259li k\u0259ndi, Yel piri \u2013 Vejn\u0259li k\u0259ndi, Soltan oca\u011f\u0131 \u2013 Yem\u0259zli k\u0259ndi, \u015e\u0259hid M\u0259h\u0259mm\u0259d yeri \u2013 Yem\u0259zli k\u0259ndi, D\u0259v\u0259c\u00fcneyt piri \u2013 Z\u0259ngilan \u015f\u0259h\u0259ri, M\u0259mm\u0259d b\u0259yin t\u00fcrb\u0259si \u2013 M\u0259mm\u0259db\u0259yli k\u0259ndi. Tarixi memarl\u0131q abid\u0259l\u0259ri: \u015e\u0259rifan abid\u0259l\u0259ri (IX-XVI \u0259srl\u0259r) \u2013 \u015e\u0259rifan k\u0259ndi, \u015e\u0259hri \u015e\u0259rifan ya\u015fay\u0131\u015f yeri (orta \u0259srl\u0259r) \u2013 Hacall\u0131 k\u0259ndi, A\u011fca A\u015f\u0131q ya\u015fay\u0131\u015f yeri (orta \u0259srl\u0259r) \u2013 Qumlaq k\u0259ndi, Q\u0131z qalas\u0131 (orta \u0259srl\u0259r) \u2013 Qumlaq k\u0259ndi, Q\u0259sr qalas\u0131 (orta \u0259srl\u0259r) \u2013 Oxu\u00e7u\u00e7ay\u0131, S\u0259rdab\u0259 (XIII \u0259sr) \u2013 \u015e\u0259rikan k\u0259ndi, S\u0259rdab\u0259 (XIV \u0259sr) \u2013 Yenik\u0259nd k\u0259ndi, Hacall\u0131 dair\u0259vi b\u00fcrc\u00fc (XIV \u0259sr) \u2013 Hacall\u0131 k\u0259ndi, K\u00f6rp\u00fc (XIX \u0259sr) \u2013 Hacall\u0131 k\u0259ndi, Hacal\u0131 q\u00fcll\u0259si (XIV \u0259sr) \u2013 M\u0259mm\u0259db\u0259yli k\u0259ndi, Nekropol (e.\u0259 VI-IV \u0259srl\u0259r) \u2013 Quyud\u0259r\u0259 X\u0259\u015ftab k\u0259ndi, K\u00fcp q\u0259birl\u0259r (b.e.\u0259. IV-II \u0259sr\u00acl\u0259r) \u2013 Yem\u0259zli k\u0259ndi, Koro\u011flu da\u015f\u0131 (VII-VIII \u0259srl\u0259r) \u2013 A\u011f oyuq d\u00fcz\u00fc, Bartaz Q\u0131z qalas\u0131 (XIV \u0259sr) \u2013 Bartaz k\u0259ndi, \u015e\u0259rifan s\u0259rdab\u0259si (XII \u0259sr) \u2013 \u015e\u0259rifan k\u0259ndi, Ta\u011fl\u0131 k\u00f6rp\u00fcs\u00fc (XVI \u0259sr) \u2013 Sobu k\u0259ndi, Y\u0259hya ibn M\u0259h\u0259mm\u0259d \u0259l-Hoca m\u0259qb\u0259r\u0259si \u2013 M\u0259mm\u0259db\u0259yli k\u0259ndi.<\/p>\n<p>Prezident \u0130lham \u018fliyevin \u0259zmi, q\u0259tiyy\u0259ti v\u0259 uzaqg\u00f6r\u0259n siyas\u0259ti n\u0259tic\u0259sind\u0259 viran qoyulmu\u015f \u015f\u0259h\u0259r v\u0259 k\u0259ndl\u0259rimizd\u0259 m\u0259d\u0259ni, tarixi v\u0259 dini irsimizin b\u0259rpas\u0131 v\u0259 yenid\u0259nqurulmas\u0131 i\u015fl\u0259ri davam etdirilir. Bu sah\u0259d\u0259 x\u00fcsusil\u0259 Heyd\u0259r \u018fliyev Fondunun f\u0259aliyy\u0259tini qeyd etm\u0259k yerin\u0259 d\u00fc\u015f\u0259rdi. Bel\u0259 ki, Z\u0259ngilanda h\u0259yata ke\u00e7iril\u0259n \u00f6n\u0259mli layih\u0259l\u0259rind\u0259n biri olan Z\u0259ngilan M\u0259scidinin b\u0259rpas\u0131 Heyd\u0259r \u018fliyev Fondu t\u0259r\u0259find\u0259n icra olunur.<\/p>\n<p>B\u00fct\u00fcn bunlar bir daha onu g\u00f6st\u0259rir ki, Az\u0259rbaycan h\u0259r zaman \u00f6z milli d\u0259y\u0259rl\u0259rin\u0259 sahib \u00e7\u0131xaraq, d\u00fcnyaya kimliyini s\u00fcbut etm\u0259k iqtidar\u0131ndad\u0131r.<\/p>\n","protected":false},"excerpt":{"rendered":"<p>Az\u0259rbaycan\u0131n \u0259n q\u0259dim insan m\u0259sk\u0259nl\u0259rind\u0259n biri d\u0259 Z\u0259ngiland\u0131r. Z\u0259ngilan toponimi il\u0259 ba\u011fl\u0131 ara\u015fd\u0131rma\u00e7\u0131lar\u0131n bir \u00e7ox fikirl\u0259ri vard\u0131r. B\u0259zi m\u0259nb\u0259l\u0259rd\u0259 vaxtil\u0259 \u0130ran \u0259razisind\u0259 B\u0259xtiyarl\u0131lar adl\u0131 tayfalardan biri olan z\u0259ngi tayfas\u0131n\u0131n XVI-XVII \u0259srl\u0259rd\u0259 Az\u0259rbaycan\u0131n \u015fimal\u0131nda m\u0259skunla\u015fd\u0131qlar\u0131 d\u00f6vrl\u0259rd\u0259 g\u0259lib bu \u0259razid\u0259 q\u0259rarla\u015fd\u0131qlar\u0131 qeyd olunur. Tayfan\u0131n ad\u0131na \u0259lav\u0259 olunan \u201clan\u201d s\u00f6z\u00fcn\u00fcn is\u0259 m\u0259skunla\u015fma il\u0259 \u0259laq\u0259dar oldu\u011fu g\u00fcman edilir. \u00dcmumilikd\u0259, t\u0259xmin\u0259n 20-d\u0259n art\u0131q kitabda dig\u0259r iki ehtimal is\u0259 ilan s\u00f6z\u00fc il\u0259 ba\u011fl\u0131d\u0131r. Onlardan birind\u0259 Z\u0259ngilan s\u00f6z\u00fcn\u00fcn &#8220;ilanla z\u0259ngin yer\u201d m\u0259nas\u0131 verdiyi, dig\u0259rind\u0259 is\u0259 guya \u0259razid\u0259 olan ilanlar z\u0259ng cingiltisin\u0259 ox\u015far s\u0259s \u00e7\u0131xard\u0131qlar\u0131 \u00fc\u00e7\u00fcn bu yerin&hellip;<\/p>\n","protected":false},"author":2,"featured_media":393252,"comment_status":"closed","ping_status":"closed","sticky":false,"template":"","format":"standard","meta":{"om_disable_all_campaigns":false,"_monsterinsights_skip_tracking":false,"_monsterinsights_sitenote_active":false,"_monsterinsights_sitenote_note":"","_monsterinsights_sitenote_category":0},"categories":[1],"tags":[],"aioseo_notices":[],"gutentor_comment":0,"rttpg_featured_image_url":{"full":["https:\/\/arantv.az\/wp-content\/uploads\/2021\/10\/46e2516e163465512545991358010909401.jpg",975,540,false],"landscape":["https:\/\/arantv.az\/wp-content\/uploads\/2021\/10\/46e2516e163465512545991358010909401.jpg",975,540,false],"portraits":["https:\/\/arantv.az\/wp-content\/uploads\/2021\/10\/46e2516e163465512545991358010909401.jpg",975,540,false],"thumbnail":["https:\/\/arantv.az\/wp-content\/uploads\/2021\/10\/46e2516e163465512545991358010909401-500x280.jpg",500,280,true],"medium":["https:\/\/arantv.az\/wp-content\/uploads\/2021\/10\/46e2516e163465512545991358010909401-660x365.jpg",660,365,true],"large":["https:\/\/arantv.az\/wp-content\/uploads\/2021\/10\/46e2516e163465512545991358010909401-840x465.jpg",640,354,true],"1536x1536":["https:\/\/arantv.az\/wp-content\/uploads\/2021\/10\/46e2516e163465512545991358010909401.jpg",975,540,false],"2048x2048":["https:\/\/arantv.az\/wp-content\/uploads\/2021\/10\/46e2516e163465512545991358010909401.jpg",975,540,false],"post-thumbnail":["https:\/\/arantv.az\/wp-content\/uploads\/2021\/10\/46e2516e163465512545991358010909401-240x172.jpg",240,172,true],"advps-thumb-one":["https:\/\/arantv.az\/wp-content\/uploads\/2021\/10\/46e2516e163465512545991358010909401.jpg",975,540,false]},"rttpg_author":{"display_name":"V\u00fcsal Rafiqo\u011flu","author_link":"https:\/\/arantv.az\/?author=2"},"rttpg_comment":0,"rttpg_category":"<a href=\"https:\/\/arantv.az\/?cat=1\" rel=\"category\">C\u0259miyy\u0259t<\/a>","rttpg_excerpt":"Az\u0259rbaycan\u0131n \u0259n q\u0259dim insan m\u0259sk\u0259nl\u0259rind\u0259n biri d\u0259 Z\u0259ngiland\u0131r. Z\u0259ngilan toponimi il\u0259 ba\u011fl\u0131 ara\u015fd\u0131rma\u00e7\u0131lar\u0131n bir \u00e7ox fikirl\u0259ri vard\u0131r. B\u0259zi m\u0259nb\u0259l\u0259rd\u0259 vaxtil\u0259 \u0130ran \u0259razisind\u0259 B\u0259xtiyarl\u0131lar adl\u0131 tayfalardan biri olan z\u0259ngi tayfas\u0131n\u0131n XVI-XVII \u0259srl\u0259rd\u0259 Az\u0259rbaycan\u0131n \u015fimal\u0131nda m\u0259skunla\u015fd\u0131qlar\u0131 d\u00f6vrl\u0259rd\u0259 g\u0259lib bu \u0259razid\u0259 q\u0259rarla\u015fd\u0131qlar\u0131 qeyd olunur. Tayfan\u0131n ad\u0131na \u0259lav\u0259 olunan \u201clan\u201d s\u00f6z\u00fcn\u00fcn is\u0259 m\u0259skunla\u015fma il\u0259 \u0259laq\u0259dar oldu\u011fu g\u00fcman edilir. \u00dcmumilikd\u0259,&hellip;","_links":{"self":[{"href":"https:\/\/arantv.az\/index.php?rest_route=\/wp\/v2\/posts\/393251"}],"collection":[{"href":"https:\/\/arantv.az\/index.php?rest_route=\/wp\/v2\/posts"}],"about":[{"href":"https:\/\/arantv.az\/index.php?rest_route=\/wp\/v2\/types\/post"}],"author":[{"embeddable":true,"href":"https:\/\/arantv.az\/index.php?rest_route=\/wp\/v2\/users\/2"}],"replies":[{"embeddable":true,"href":"https:\/\/arantv.az\/index.php?rest_route=%2Fwp%2Fv2%2Fcomments&post=393251"}],"version-history":[{"count":0,"href":"https:\/\/arantv.az\/index.php?rest_route=\/wp\/v2\/posts\/393251\/revisions"}],"wp:featuredmedia":[{"embeddable":true,"href":"https:\/\/arantv.az\/index.php?rest_route=\/wp\/v2\/media\/393252"}],"wp:attachment":[{"href":"https:\/\/arantv.az\/index.php?rest_route=%2Fwp%2Fv2%2Fmedia&parent=393251"}],"wp:term":[{"taxonomy":"category","embeddable":true,"href":"https:\/\/arantv.az\/index.php?rest_route=%2Fwp%2Fv2%2Fcategories&post=393251"},{"taxonomy":"post_tag","embeddable":true,"href":"https:\/\/arantv.az\/index.php?rest_route=%2Fwp%2Fv2%2Ftags&post=393251"}],"curies":[{"name":"wp","href":"https:\/\/api.w.org\/{rel}","templated":true}]}}