{"id":393257,"date":"2021-10-20T11:36:38","date_gmt":"2021-10-20T08:36:38","guid":{"rendered":"http:\/\/arantv.az\/?p=393257"},"modified":"2021-10-20T11:36:38","modified_gmt":"2021-10-20T08:36:38","slug":"nazir-muavini-%c9%99m%c9%99khaqlari-v%c9%99-pensiyalarin-artirilmasindan-danisdi","status":"publish","type":"post","link":"https:\/\/arantv.az\/?p=393257","title":{"rendered":"Nazir m\u00fcavini \u0259m\u0259khaqlar\u0131 v\u0259 pensiyalar\u0131n art\u0131r\u0131lmas\u0131ndan DANI\u015eDI"},"content":{"rendered":"<p>\u201cPrezident \u0130lham \u018fliyevin imzalad\u0131\u011f\u0131 \u201c\u018fhalinin sosial rifah\u0131n\u0131n qorunmas\u0131 sah\u0259sind\u0259 \u0259lav\u0259 t\u0259dbirl\u0259r haqq\u0131nda\u201d s\u0259r\u0259ncamdan ir\u0259li g\u0259l\u0259r\u0259k sosial art\u0131mlarla ba\u011fl\u0131 n\u00f6vb\u0259ti iki ay \u0259rzind\u0259 t\u0259klifl\u0259r haz\u0131rlanmal\u0131d\u0131r. Bu art\u0131mlar\u00a0\u0259sas\u0259n \u0259m\u0259khaqlar\u0131n\u0131, \u0259m\u0259k pensiyalar\u0131n\u0131 v\u0259 sosial m\u00fcavin\u0259tl\u0259ri, el\u0259c\u0259 d\u0259 t\u0259qa\u00fcdl\u0259ri v\u0259 dig\u0259r sosial \u00f6d\u0259ni\u015fl\u0259ri \u0259hat\u0259 edir\u201d.<\/p>\n<p>Bunu\u00a0\u201cReport\u201da a\u00e7\u0131qlamas\u0131nda \u0259m\u0259k v\u0259 \u0259halinin sosial m\u00fcdafi\u0259si nazirinin m\u00fcavini Anar K\u0259rimov deyib.<\/p>\n<p>Onun s\u00f6zl\u0259rin\u0259 g\u00f6r\u0259, art\u0131mlar geni\u015fmiqyasl\u0131 olacaq:<\/p>\n<div id=\"AdviadNativeVideo0\" class=\"AdviadNativeVideo\"><\/div>\n<p>\u201cT\u0259xmin\u0259n 1 milyon 800 min n\u0259f\u0259r\u0259d\u0259k v\u0259t\u0259nda\u015f\u0131m\u0131z bu art\u0131mdan yararlana bil\u0259c\u0259k. Haz\u0131rda n\u00f6vb\u0259ti ilin d\u00f6vl\u0259t b\u00fcdc\u0259sinin m\u00fczakir\u0259si gedir. D\u00fc\u015f\u00fcn\u00fcr\u00fck ki, prosesl\u0259r paralel apar\u0131lacaq. G\u0259l\u0259n ild\u0259n yeni art\u0131mlar\u0131n \u015fahidi olaca\u011f\u0131q\u201d.<\/p>\n<p>Nazir m\u00fcavini xat\u0131rlad\u0131b ki, sosial art\u0131mlar 2019 v\u0259 2020-ci ill\u0259rd\u0259 d\u0259 olub:<\/p>\n<p>\u201cBu art\u0131mlar h\u0259min sosial islahatlar\u0131n m\u0259ntiqi davam\u0131 olacaq\u201d.<\/p>\n","protected":false},"excerpt":{"rendered":"<p>\u201cPrezident \u0130lham \u018fliyevin imzalad\u0131\u011f\u0131 \u201c\u018fhalinin sosial rifah\u0131n\u0131n qorunmas\u0131 sah\u0259sind\u0259 \u0259lav\u0259 t\u0259dbirl\u0259r haqq\u0131nda\u201d s\u0259r\u0259ncamdan ir\u0259li g\u0259l\u0259r\u0259k sosial art\u0131mlarla ba\u011fl\u0131 n\u00f6vb\u0259ti iki ay \u0259rzind\u0259 t\u0259klifl\u0259r haz\u0131rlanmal\u0131d\u0131r. Bu art\u0131mlar\u00a0\u0259sas\u0259n \u0259m\u0259khaqlar\u0131n\u0131, \u0259m\u0259k pensiyalar\u0131n\u0131 v\u0259 sosial m\u00fcavin\u0259tl\u0259ri, el\u0259c\u0259 d\u0259 t\u0259qa\u00fcdl\u0259ri v\u0259 dig\u0259r sosial \u00f6d\u0259ni\u015fl\u0259ri \u0259hat\u0259 edir\u201d. Bunu\u00a0\u201cReport\u201da a\u00e7\u0131qlamas\u0131nda \u0259m\u0259k v\u0259 \u0259halinin sosial m\u00fcdafi\u0259si nazirinin m\u00fcavini Anar K\u0259rimov deyib. Onun s\u00f6zl\u0259rin\u0259 g\u00f6r\u0259, art\u0131mlar geni\u015fmiqyasl\u0131 olacaq: \u201cT\u0259xmin\u0259n 1 milyon 800 min n\u0259f\u0259r\u0259d\u0259k v\u0259t\u0259nda\u015f\u0131m\u0131z bu art\u0131mdan yararlana bil\u0259c\u0259k. Haz\u0131rda n\u00f6vb\u0259ti ilin d\u00f6vl\u0259t b\u00fcdc\u0259sinin m\u00fczakir\u0259si gedir. D\u00fc\u015f\u00fcn\u00fcr\u00fck ki, prosesl\u0259r paralel apar\u0131lacaq. G\u0259l\u0259n ild\u0259n yeni art\u0131mlar\u0131n \u015fahidi olaca\u011f\u0131q\u201d. Nazir m\u00fcavini&hellip;<\/p>\n","protected":false},"author":2,"featured_media":383911,"comment_status":"closed","ping_status":"closed","sticky":false,"template":"","format":"standard","meta":{"om_disable_all_campaigns":false,"_monsterinsights_skip_tracking":false,"_monsterinsights_sitenote_active":false,"_monsterinsights_sitenote_note":"","_monsterinsights_sitenote_category":0},"categories":[26],"tags":[],"aioseo_notices":[],"gutentor_comment":0,"rttpg_featured_image_url":{"full":["https:\/\/arantv.az\/wp-content\/uploads\/2021\/09\/0000bankkart.jpg",600,400,false],"landscape":["https:\/\/arantv.az\/wp-content\/uploads\/2021\/09\/0000bankkart.jpg",600,400,false],"portraits":["https:\/\/arantv.az\/wp-content\/uploads\/2021\/09\/0000bankkart.jpg",600,400,false],"thumbnail":["https:\/\/arantv.az\/wp-content\/uploads\/2021\/09\/0000bankkart-500x280.jpg",500,280,true],"medium":["https:\/\/arantv.az\/wp-content\/uploads\/2021\/09\/0000bankkart-548x365.jpg",548,365,true],"large":["https:\/\/arantv.az\/wp-content\/uploads\/2021\/09\/0000bankkart.jpg",600,400,false],"1536x1536":["https:\/\/arantv.az\/wp-content\/uploads\/2021\/09\/0000bankkart.jpg",600,400,false],"2048x2048":["https:\/\/arantv.az\/wp-content\/uploads\/2021\/09\/0000bankkart.jpg",600,400,false],"post-thumbnail":["https:\/\/arantv.az\/wp-content\/uploads\/2021\/09\/0000bankkart-240x172.jpg",240,172,true],"advps-thumb-one":["https:\/\/arantv.az\/wp-content\/uploads\/2021\/09\/0000bankkart.jpg",600,400,false]},"rttpg_author":{"display_name":"V\u00fcsal Rafiqo\u011flu","author_link":"https:\/\/arantv.az\/?author=2"},"rttpg_comment":0,"rttpg_category":"<a href=\"https:\/\/arantv.az\/?cat=26\" rel=\"category\">Sosial<\/a>","rttpg_excerpt":"\u201cPrezident \u0130lham \u018fliyevin imzalad\u0131\u011f\u0131 \u201c\u018fhalinin sosial rifah\u0131n\u0131n qorunmas\u0131 sah\u0259sind\u0259 \u0259lav\u0259 t\u0259dbirl\u0259r haqq\u0131nda\u201d s\u0259r\u0259ncamdan ir\u0259li g\u0259l\u0259r\u0259k sosial art\u0131mlarla ba\u011fl\u0131 n\u00f6vb\u0259ti iki ay \u0259rzind\u0259 t\u0259klifl\u0259r haz\u0131rlanmal\u0131d\u0131r. Bu art\u0131mlar\u00a0\u0259sas\u0259n \u0259m\u0259khaqlar\u0131n\u0131, \u0259m\u0259k pensiyalar\u0131n\u0131 v\u0259 sosial m\u00fcavin\u0259tl\u0259ri, el\u0259c\u0259 d\u0259 t\u0259qa\u00fcdl\u0259ri v\u0259 dig\u0259r sosial \u00f6d\u0259ni\u015fl\u0259ri \u0259hat\u0259 edir\u201d. Bunu\u00a0\u201cReport\u201da a\u00e7\u0131qlamas\u0131nda \u0259m\u0259k v\u0259 \u0259halinin sosial m\u00fcdafi\u0259si nazirinin m\u00fcavini Anar K\u0259rimov deyib. Onun s\u00f6zl\u0259rin\u0259&hellip;","_links":{"self":[{"href":"https:\/\/arantv.az\/index.php?rest_route=\/wp\/v2\/posts\/393257"}],"collection":[{"href":"https:\/\/arantv.az\/index.php?rest_route=\/wp\/v2\/posts"}],"about":[{"href":"https:\/\/arantv.az\/index.php?rest_route=\/wp\/v2\/types\/post"}],"author":[{"embeddable":true,"href":"https:\/\/arantv.az\/index.php?rest_route=\/wp\/v2\/users\/2"}],"replies":[{"embeddable":true,"href":"https:\/\/arantv.az\/index.php?rest_route=%2Fwp%2Fv2%2Fcomments&post=393257"}],"version-history":[{"count":0,"href":"https:\/\/arantv.az\/index.php?rest_route=\/wp\/v2\/posts\/393257\/revisions"}],"wp:featuredmedia":[{"embeddable":true,"href":"https:\/\/arantv.az\/index.php?rest_route=\/wp\/v2\/media\/383911"}],"wp:attachment":[{"href":"https:\/\/arantv.az\/index.php?rest_route=%2Fwp%2Fv2%2Fmedia&parent=393257"}],"wp:term":[{"taxonomy":"category","embeddable":true,"href":"https:\/\/arantv.az\/index.php?rest_route=%2Fwp%2Fv2%2Fcategories&post=393257"},{"taxonomy":"post_tag","embeddable":true,"href":"https:\/\/arantv.az\/index.php?rest_route=%2Fwp%2Fv2%2Ftags&post=393257"}],"curies":[{"name":"wp","href":"https:\/\/api.w.org\/{rel}","templated":true}]}}