{"id":393260,"date":"2021-10-20T11:38:00","date_gmt":"2021-10-20T08:38:00","guid":{"rendered":"http:\/\/arantv.az\/?p=393260"},"modified":"2021-10-20T11:38:00","modified_gmt":"2021-10-20T08:38:00","slug":"general-mayora-agir-itki-uz-verdi","status":"publish","type":"post","link":"https:\/\/arantv.az\/?p=393260","title":{"rendered":"General-mayora a\u011f\u0131r itki \u00fcz verdi"},"content":{"rendered":"<p>M\u00fcdafi\u0259 nazirinin katibliyinin r\u0259isi general-mayor Namiq Poladovun ail\u0259sin\u0259 a\u011f\u0131r itki \u00fcz verib.<\/p>\n<div id=\"AdviadNativeVideo0\" class=\"AdviadNativeVideo\"><\/div>\n<p><strong>ARANTV.AZ<\/strong>-\u0131n m\u0259lumat\u0131na g\u00f6r\u0259, onun qarda\u015f\u0131 R\u00f6v\u015f\u0259n Poladov d\u00fcnyas\u0131n\u0131 d\u0259yi\u015fib.<\/p>\n<p>Qeyd ed\u0259k ki, Namiq Poladov bu ilin iyun ay\u0131nda \u201cH\u0259rbi xidm\u0259tl\u0259r\u0259 g\u00f6r\u0259\u201d medal\u0131 il\u0259 t\u0259ltif edilib.<\/p>\n","protected":false},"excerpt":{"rendered":"<p>M\u00fcdafi\u0259 nazirinin katibliyinin r\u0259isi general-mayor Namiq Poladovun ail\u0259sin\u0259 a\u011f\u0131r itki \u00fcz verib. ARANTV.AZ-\u0131n m\u0259lumat\u0131na g\u00f6r\u0259, onun qarda\u015f\u0131 R\u00f6v\u015f\u0259n Poladov d\u00fcnyas\u0131n\u0131 d\u0259yi\u015fib. Qeyd ed\u0259k ki, Namiq Poladov bu ilin iyun ay\u0131nda \u201cH\u0259rbi xidm\u0259tl\u0259r\u0259 g\u00f6r\u0259\u201d medal\u0131 il\u0259 t\u0259ltif edilib.<\/p>\n","protected":false},"author":2,"featured_media":393261,"comment_status":"closed","ping_status":"closed","sticky":false,"template":"","format":"standard","meta":{"om_disable_all_campaigns":false,"_monsterinsights_skip_tracking":false,"_monsterinsights_sitenote_active":false,"_monsterinsights_sitenote_note":"","_monsterinsights_sitenote_category":0},"categories":[5],"tags":[],"aioseo_notices":[],"gutentor_comment":0,"rttpg_featured_image_url":{"full":["https:\/\/arantv.az\/wp-content\/uploads\/2021\/10\/W1siZiIsIjIwMjEvMTAvMjAvMTEvNTkvNTgvMjYzMzU4ZDQtYmViZC00NjZlLWIzNWEtOWJmMTA4MmJhZmY5L3bJmWZhdCBldGRpLmpwZyJdLFsicCIsImVuY29kZSIsImpwZyIsIi1xdWFsaXR5IDgwIl0sWyJwIiwidGh1bWIiLCI2MjB4NDY1XHUwMDNlIl1d.jpg",620,413,false],"landscape":["https:\/\/arantv.az\/wp-content\/uploads\/2021\/10\/W1siZiIsIjIwMjEvMTAvMjAvMTEvNTkvNTgvMjYzMzU4ZDQtYmViZC00NjZlLWIzNWEtOWJmMTA4MmJhZmY5L3bJmWZhdCBldGRpLmpwZyJdLFsicCIsImVuY29kZSIsImpwZyIsIi1xdWFsaXR5IDgwIl0sWyJwIiwidGh1bWIiLCI2MjB4NDY1XHUwMDNlIl1d.jpg",620,413,false],"portraits":["https:\/\/arantv.az\/wp-content\/uploads\/2021\/10\/W1siZiIsIjIwMjEvMTAvMjAvMTEvNTkvNTgvMjYzMzU4ZDQtYmViZC00NjZlLWIzNWEtOWJmMTA4MmJhZmY5L3bJmWZhdCBldGRpLmpwZyJdLFsicCIsImVuY29kZSIsImpwZyIsIi1xdWFsaXR5IDgwIl0sWyJwIiwidGh1bWIiLCI2MjB4NDY1XHUwMDNlIl1d.jpg",620,413,false],"thumbnail":["https:\/\/arantv.az\/wp-content\/uploads\/2021\/10\/W1siZiIsIjIwMjEvMTAvMjAvMTEvNTkvNTgvMjYzMzU4ZDQtYmViZC00NjZlLWIzNWEtOWJmMTA4MmJhZmY5L3bJmWZhdCBldGRpLmpwZyJdLFsicCIsImVuY29kZSIsImpwZyIsIi1xdWFsaXR5IDgwIl0sWyJwIiwidGh1bWIiLCI2MjB4NDY1XHUwMDNlIl1d-500x280.jpg",500,280,true],"medium":["https:\/\/arantv.az\/wp-content\/uploads\/2021\/10\/W1siZiIsIjIwMjEvMTAvMjAvMTEvNTkvNTgvMjYzMzU4ZDQtYmViZC00NjZlLWIzNWEtOWJmMTA4MmJhZmY5L3bJmWZhdCBldGRpLmpwZyJdLFsicCIsImVuY29kZSIsImpwZyIsIi1xdWFsaXR5IDgwIl0sWyJwIiwidGh1bWIiLCI2MjB4NDY1XHUwMDNlIl1d-548x365.jpg",548,365,true],"large":["https:\/\/arantv.az\/wp-content\/uploads\/2021\/10\/W1siZiIsIjIwMjEvMTAvMjAvMTEvNTkvNTgvMjYzMzU4ZDQtYmViZC00NjZlLWIzNWEtOWJmMTA4MmJhZmY5L3bJmWZhdCBldGRpLmpwZyJdLFsicCIsImVuY29kZSIsImpwZyIsIi1xdWFsaXR5IDgwIl0sWyJwIiwidGh1bWIiLCI2MjB4NDY1XHUwMDNlIl1d.jpg",620,413,false],"1536x1536":["https:\/\/arantv.az\/wp-content\/uploads\/2021\/10\/W1siZiIsIjIwMjEvMTAvMjAvMTEvNTkvNTgvMjYzMzU4ZDQtYmViZC00NjZlLWIzNWEtOWJmMTA4MmJhZmY5L3bJmWZhdCBldGRpLmpwZyJdLFsicCIsImVuY29kZSIsImpwZyIsIi1xdWFsaXR5IDgwIl0sWyJwIiwidGh1bWIiLCI2MjB4NDY1XHUwMDNlIl1d.jpg",620,413,false],"2048x2048":["https:\/\/arantv.az\/wp-content\/uploads\/2021\/10\/W1siZiIsIjIwMjEvMTAvMjAvMTEvNTkvNTgvMjYzMzU4ZDQtYmViZC00NjZlLWIzNWEtOWJmMTA4MmJhZmY5L3bJmWZhdCBldGRpLmpwZyJdLFsicCIsImVuY29kZSIsImpwZyIsIi1xdWFsaXR5IDgwIl0sWyJwIiwidGh1bWIiLCI2MjB4NDY1XHUwMDNlIl1d.jpg",620,413,false],"post-thumbnail":["https:\/\/arantv.az\/wp-content\/uploads\/2021\/10\/W1siZiIsIjIwMjEvMTAvMjAvMTEvNTkvNTgvMjYzMzU4ZDQtYmViZC00NjZlLWIzNWEtOWJmMTA4MmJhZmY5L3bJmWZhdCBldGRpLmpwZyJdLFsicCIsImVuY29kZSIsImpwZyIsIi1xdWFsaXR5IDgwIl0sWyJwIiwidGh1bWIiLCI2MjB4NDY1XHUwMDNlIl1d-240x172.jpg",240,172,true],"advps-thumb-one":["https:\/\/arantv.az\/wp-content\/uploads\/2021\/10\/W1siZiIsIjIwMjEvMTAvMjAvMTEvNTkvNTgvMjYzMzU4ZDQtYmViZC00NjZlLWIzNWEtOWJmMTA4MmJhZmY5L3bJmWZhdCBldGRpLmpwZyJdLFsicCIsImVuY29kZSIsImpwZyIsIi1xdWFsaXR5IDgwIl0sWyJwIiwidGh1bWIiLCI2MjB4NDY1XHUwMDNlIl1d.jpg",620,413,false]},"rttpg_author":{"display_name":"V\u00fcsal Rafiqo\u011flu","author_link":"https:\/\/arantv.az\/?author=2"},"rttpg_comment":0,"rttpg_category":"<a href=\"https:\/\/arantv.az\/?cat=5\" rel=\"category\">Hadis\u0259<\/a>","rttpg_excerpt":"M\u00fcdafi\u0259 nazirinin katibliyinin r\u0259isi general-mayor Namiq Poladovun ail\u0259sin\u0259 a\u011f\u0131r itki \u00fcz verib. ARANTV.AZ-\u0131n m\u0259lumat\u0131na g\u00f6r\u0259, onun qarda\u015f\u0131 R\u00f6v\u015f\u0259n Poladov d\u00fcnyas\u0131n\u0131 d\u0259yi\u015fib. Qeyd ed\u0259k ki, Namiq Poladov bu ilin iyun ay\u0131nda \u201cH\u0259rbi xidm\u0259tl\u0259r\u0259 g\u00f6r\u0259\u201d medal\u0131 il\u0259 t\u0259ltif edilib.","_links":{"self":[{"href":"https:\/\/arantv.az\/index.php?rest_route=\/wp\/v2\/posts\/393260"}],"collection":[{"href":"https:\/\/arantv.az\/index.php?rest_route=\/wp\/v2\/posts"}],"about":[{"href":"https:\/\/arantv.az\/index.php?rest_route=\/wp\/v2\/types\/post"}],"author":[{"embeddable":true,"href":"https:\/\/arantv.az\/index.php?rest_route=\/wp\/v2\/users\/2"}],"replies":[{"embeddable":true,"href":"https:\/\/arantv.az\/index.php?rest_route=%2Fwp%2Fv2%2Fcomments&post=393260"}],"version-history":[{"count":0,"href":"https:\/\/arantv.az\/index.php?rest_route=\/wp\/v2\/posts\/393260\/revisions"}],"wp:featuredmedia":[{"embeddable":true,"href":"https:\/\/arantv.az\/index.php?rest_route=\/wp\/v2\/media\/393261"}],"wp:attachment":[{"href":"https:\/\/arantv.az\/index.php?rest_route=%2Fwp%2Fv2%2Fmedia&parent=393260"}],"wp:term":[{"taxonomy":"category","embeddable":true,"href":"https:\/\/arantv.az\/index.php?rest_route=%2Fwp%2Fv2%2Fcategories&post=393260"},{"taxonomy":"post_tag","embeddable":true,"href":"https:\/\/arantv.az\/index.php?rest_route=%2Fwp%2Fv2%2Ftags&post=393260"}],"curies":[{"name":"wp","href":"https:\/\/api.w.org\/{rel}","templated":true}]}}