{"id":393265,"date":"2021-10-20T11:42:00","date_gmt":"2021-10-20T08:42:00","guid":{"rendered":"http:\/\/arantv.az\/?p=393265"},"modified":"2021-10-20T11:42:00","modified_gmt":"2021-10-20T08:42:00","slug":"agdamda-m%c9%99ktb%c9%99d%c9%99-kutl%c9%99vi-koronavirusa-yoluxma-qeyd%c9%99-alinsa-da-m%c9%99kt%c9%99b-baglanmir","status":"publish","type":"post","link":"https:\/\/arantv.az\/?p=393265","title":{"rendered":"A\u011fdamda m\u0259ktb\u0259d\u0259 k\u00fctl\u0259vi koronavirusa yoluxma qeyd\u0259 al\u0131nsa da, m\u0259kt\u0259b ba\u011flanm\u0131r"},"content":{"rendered":"<p>A\u011fdam rayonu Rahib M\u0259mm\u0259dov ad\u0131na Mahr\u0131zl\u0131 k\u0259nd tam orta m\u0259kt\u0259binin m\u00fc\u0259llim v\u0259 \u015fagird hey\u0259ti aras\u0131nda koronavirusa yoluxma hallar\u0131 art\u0131b.<\/p>\n<p>Oxu.Az-a daxil olan m\u0259lumatda iddia olunur ki, m\u0259kt\u0259bin m\u00fc\u0259llim v\u0259 \u015fagird hey\u0259ti aras\u0131nda k\u00fctl\u0259vi yoluxmalar qeyd\u0259 al\u0131nsa da, t\u0259drisin distant formas\u0131na ke\u00e7idl\u0259 ba\u011fl\u0131 he\u00e7 bir q\u0259rar verilm\u0259yib.<\/p>\n<p>Habel\u0259 iddia olunub ki, m\u0259s\u0259l\u0259 il\u0259 ba\u011fl\u0131 m\u0259kt\u0259b r\u0259hb\u0259rliyi A\u011fdam Rayon T\u0259hsil \u015e\u00f6b\u0259sin\u0259 m\u0259lumat vers\u0259 d\u0259, bununla ba\u011fl\u0131 m\u00fcvafiq q\u0259rar q\u0259bul olunmay\u0131b.<\/p>\n","protected":false},"excerpt":{"rendered":"<p>A\u011fdam rayonu Rahib M\u0259mm\u0259dov ad\u0131na Mahr\u0131zl\u0131 k\u0259nd tam orta m\u0259kt\u0259binin m\u00fc\u0259llim v\u0259 \u015fagird hey\u0259ti aras\u0131nda koronavirusa yoluxma hallar\u0131 art\u0131b. Oxu.Az-a daxil olan m\u0259lumatda iddia olunur ki, m\u0259kt\u0259bin m\u00fc\u0259llim v\u0259 \u015fagird hey\u0259ti aras\u0131nda k\u00fctl\u0259vi yoluxmalar qeyd\u0259 al\u0131nsa da, t\u0259drisin distant formas\u0131na ke\u00e7idl\u0259 ba\u011fl\u0131 he\u00e7 bir q\u0259rar verilm\u0259yib. Habel\u0259 iddia olunub ki, m\u0259s\u0259l\u0259 il\u0259 ba\u011fl\u0131 m\u0259kt\u0259b r\u0259hb\u0259rliyi A\u011fdam Rayon T\u0259hsil \u015e\u00f6b\u0259sin\u0259 m\u0259lumat vers\u0259 d\u0259, bununla ba\u011fl\u0131 m\u00fcvafiq q\u0259rar q\u0259bul olunmay\u0131b.<\/p>\n","protected":false},"author":2,"featured_media":319613,"comment_status":"closed","ping_status":"closed","sticky":false,"template":"","format":"standard","meta":{"om_disable_all_campaigns":false,"_monsterinsights_skip_tracking":false,"_monsterinsights_sitenote_active":false,"_monsterinsights_sitenote_note":"","_monsterinsights_sitenote_category":0},"categories":[26],"tags":[],"aioseo_notices":[],"gutentor_comment":0,"rttpg_featured_image_url":{"full":["https:\/\/arantv.az\/wp-content\/uploads\/2021\/03\/azedu.az_mektebb_730.jpg",620,419,false],"landscape":["https:\/\/arantv.az\/wp-content\/uploads\/2021\/03\/azedu.az_mektebb_730.jpg",620,419,false],"portraits":["https:\/\/arantv.az\/wp-content\/uploads\/2021\/03\/azedu.az_mektebb_730.jpg",620,419,false],"thumbnail":["https:\/\/arantv.az\/wp-content\/uploads\/2021\/03\/azedu.az_mektebb_730-150x150.jpg",150,150,true],"medium":["https:\/\/arantv.az\/wp-content\/uploads\/2021\/03\/azedu.az_mektebb_730-300x203.jpg",300,203,true],"large":["https:\/\/arantv.az\/wp-content\/uploads\/2021\/03\/azedu.az_mektebb_730.jpg",620,419,false],"1536x1536":["https:\/\/arantv.az\/wp-content\/uploads\/2021\/03\/azedu.az_mektebb_730.jpg",620,419,false],"2048x2048":["https:\/\/arantv.az\/wp-content\/uploads\/2021\/03\/azedu.az_mektebb_730.jpg",620,419,false],"post-thumbnail":["https:\/\/arantv.az\/wp-content\/uploads\/2021\/03\/azedu.az_mektebb_730-240x172.jpg",240,172,true],"advps-thumb-one":["https:\/\/arantv.az\/wp-content\/uploads\/2021\/03\/azedu.az_mektebb_730.jpg",620,419,false]},"rttpg_author":{"display_name":"V\u00fcsal Rafiqo\u011flu","author_link":"https:\/\/arantv.az\/?author=2"},"rttpg_comment":0,"rttpg_category":"<a href=\"https:\/\/arantv.az\/?cat=26\" rel=\"category\">Sosial<\/a>","rttpg_excerpt":"A\u011fdam rayonu Rahib M\u0259mm\u0259dov ad\u0131na Mahr\u0131zl\u0131 k\u0259nd tam orta m\u0259kt\u0259binin m\u00fc\u0259llim v\u0259 \u015fagird hey\u0259ti aras\u0131nda koronavirusa yoluxma hallar\u0131 art\u0131b. Oxu.Az-a daxil olan m\u0259lumatda iddia olunur ki, m\u0259kt\u0259bin m\u00fc\u0259llim v\u0259 \u015fagird hey\u0259ti aras\u0131nda k\u00fctl\u0259vi yoluxmalar qeyd\u0259 al\u0131nsa da, t\u0259drisin distant formas\u0131na ke\u00e7idl\u0259 ba\u011fl\u0131 he\u00e7 bir q\u0259rar verilm\u0259yib. Habel\u0259 iddia olunub ki, m\u0259s\u0259l\u0259 il\u0259 ba\u011fl\u0131 m\u0259kt\u0259b r\u0259hb\u0259rliyi&hellip;","_links":{"self":[{"href":"https:\/\/arantv.az\/index.php?rest_route=\/wp\/v2\/posts\/393265"}],"collection":[{"href":"https:\/\/arantv.az\/index.php?rest_route=\/wp\/v2\/posts"}],"about":[{"href":"https:\/\/arantv.az\/index.php?rest_route=\/wp\/v2\/types\/post"}],"author":[{"embeddable":true,"href":"https:\/\/arantv.az\/index.php?rest_route=\/wp\/v2\/users\/2"}],"replies":[{"embeddable":true,"href":"https:\/\/arantv.az\/index.php?rest_route=%2Fwp%2Fv2%2Fcomments&post=393265"}],"version-history":[{"count":0,"href":"https:\/\/arantv.az\/index.php?rest_route=\/wp\/v2\/posts\/393265\/revisions"}],"wp:featuredmedia":[{"embeddable":true,"href":"https:\/\/arantv.az\/index.php?rest_route=\/wp\/v2\/media\/319613"}],"wp:attachment":[{"href":"https:\/\/arantv.az\/index.php?rest_route=%2Fwp%2Fv2%2Fmedia&parent=393265"}],"wp:term":[{"taxonomy":"category","embeddable":true,"href":"https:\/\/arantv.az\/index.php?rest_route=%2Fwp%2Fv2%2Fcategories&post=393265"},{"taxonomy":"post_tag","embeddable":true,"href":"https:\/\/arantv.az\/index.php?rest_route=%2Fwp%2Fv2%2Ftags&post=393265"}],"curies":[{"name":"wp","href":"https:\/\/api.w.org\/{rel}","templated":true}]}}