{"id":393270,"date":"2021-10-20T11:47:13","date_gmt":"2021-10-20T08:47:13","guid":{"rendered":"http:\/\/arantv.az\/?p=393270"},"modified":"2021-10-20T11:47:13","modified_gmt":"2021-10-20T08:47:13","slug":"kisi-ev-isl%c9%99rin%c9%99-gor%c9%99-qadina-pul-od%c9%99sin-musa-quliyev","status":"publish","type":"post","link":"https:\/\/arantv.az\/?p=393270","title":{"rendered":"&#8220;Ki\u015fi ev i\u015fl\u0259rin\u0259 g\u00f6r\u0259 qad\u0131na pul \u00f6d\u0259sin&#8221; &#8211; Musa Quliyev"},"content":{"rendered":"<p>&#8220;H\u0259yat\u0131m\u0131z\u0131n m\u00fcxt\u0259lif sah\u0259l\u0259rind\u0259 qad\u0131nlara qar\u015f\u0131 zorak\u0131l\u0131qlar qalmaqdad\u0131r&#8221;.<\/p>\n<p><strong>ARANTV.AZ<\/strong> APA-ya istinad\u0259n bildirir ki, bunu Milli M\u0259clisin \u018fm\u0259k v\u0259 sosial siyas\u0259t komit\u0259sinin s\u0259dri Musa Quliyev &#8220;Gender b\u0259rab\u0259rliyinin v\u0259 qad\u0131n h\u00fcquqlar\u0131n\u0131n t\u0259\u015fviqind\u0259 v\u0259t\u0259nda\u015f c\u0259miyy\u0259tinin rolu&#8221; m\u00f6vzusunda ke\u00e7iril\u0259n konfransda deyilib.<\/p>\n<p>Komit\u0259 s\u0259dri bildirib ki, \u00dcST-\u00fcn m\u0259lumat\u0131na g\u00f6r\u0259, d\u00fcnyada h\u0259r \u00fc\u00e7 qad\u0131ndan 1-i ya evd\u0259, ya i\u015fd\u0259 zorak\u0131l\u0131\u011fa m\u0259ruz qal\u0131r: &#8220;Bu g\u00fcn i\u015fsiz qad\u0131nlar 57,5 % t\u0259\u015fkil edir. Baxmayaraq ki, \u0259m\u0259k qabiliyy\u0259tli qad\u0131nlar\u0131n say\u0131 ki\u015fil\u0259rin say\u0131ndan \u00e7oxdur. \u018fsas diskriminasiya burada qad\u0131n \u0259m\u0259yinin ki\u015fi \u0259m\u0259yin\u0259 nisb\u0259t\u0259n az qiym\u0259tl\u0259ndirilm\u0259sidir. Bu, b\u00fct\u00fcn d\u00fcnyada bel\u0259dir. Az\u0259rbaycanda qad\u0131nlar\u0131n \u0259m\u0259yi ki\u015fi \u0259m\u0259yind\u0259n daha az qiym\u0259tl\u0259ndirilir. Bunun b\u00fcn\u00f6vr\u0259si iqtisadi azadl\u0131qdad\u0131r. \u018fg\u0259r iqtisadi azadl\u0131q olmayacaqsa, biz sosial azadl\u0131\u011f\u0131 da t\u0259min ed\u0259 bilm\u0259y\u0259c\u0259yik. Ev i\u015fl\u0259rinin, ail\u0259 \u00fczvl\u0259rin\u0259 qulluqla ba\u011fl\u0131 haqq\u0131 \u00f6d\u0259nilm\u0259y\u0259n i\u015f saatlar\u0131n\u0131n 77%-i qad\u0131nlar\u0131n pay\u0131na d\u00fc\u015f\u00fcr. Bu haqq\u0131 z\u0259hm\u0259t \u00e7\u0259kib ki\u015fi \u00f6d\u0259m\u0259lidir. \u00c7\u00fcnki \u0259g\u0259r evd\u0259 qad\u0131n olmasa, ki\u015fi bu i\u015fi g\u00f6rm\u0259k \u00fc\u00e7\u00fcn kimis\u0259 tutmal\u0131d\u0131r. Elmi-texniki f\u0259aliyy\u0259t sah\u0259sind\u0259 qad\u0131nlar\u0131n \u0259m\u0259khaqq\u0131s\u0131 ki\u015fil\u0259rin \u0259m\u0259khaqq\u0131s\u0131n\u0131n yaln\u0131z 47%-ni t\u0259\u015fkil edir. S\u0259hiyy\u0259 v\u0259 sosial xidm\u0259tl\u0259r sah\u0259sind\u0259 bu r\u0259q\u0259m 63%-dir. Baxmayaraq ki, bu sah\u0259d\u0259 qad\u0131nlar ki\u015fil\u0259rd\u0259n daha \u00e7oxdur. Qad\u0131n sahibkarlar say\u0131nda da r\u0259q\u0259m a\u015fa\u011f\u0131d\u0131r. Sahibkar qad\u0131nlar\u0131n say\u0131 sahibkar ki\u015fil\u0259rin say\u0131ndan 3,7 d\u0259f\u0259 azd\u0131r&#8221;.<\/p>\n<p>YAP s\u0259drinin m\u00fcavini- M\u0259rk\u0259zi Aparat\u0131n r\u0259hb\u0259ri Tahir Budaqov is\u0259 Musa Quliyevin ev i\u015fi g\u00f6r\u0259n qad\u0131nlara pul \u00f6d\u0259nm\u0259si fikri il\u0259 raz\u0131la\u015fmay\u0131b. T. Budaqov bildirib ki, Az\u0259rbaycan qad\u0131nlara ail\u0259y\u0259 ba\u011fl\u0131d\u0131r: &#8220;Burada beyn\u0259lxalq t\u0259cr\u00fcb\u0259 il\u0259 yana\u015f\u0131, c\u0259miyy\u0259tin fikri d\u0259 n\u0259z\u0259r\u0259 al\u0131nmal\u0131d\u0131r&#8221;.<\/p>\n<div>\n<div id=\"AdviadNativeVideo0\" class=\"AdviadNativeVideo\"><\/div>\n<\/div>\n<p>Musa Quliyev is\u0259 bir daha t\u0259krar edib ki, qad\u0131n\u0131n evd\u0259ki z\u0259hm\u0259ti ki\u015fil\u0259r t\u0259r\u0259find\u0259n qiym\u0259tl\u0259ndirilm\u0259lidir: &#8220;Bu t\u0259klifi qad\u0131n\u0131n evd\u0259 g\u00f6rd\u00fcy\u00fc i\u015fin qiym\u0259tl\u0259ndirilm\u0259si \u00fc\u00e7\u00fcn verdim&#8221;.<\/p>\n","protected":false},"excerpt":{"rendered":"<p>&#8220;H\u0259yat\u0131m\u0131z\u0131n m\u00fcxt\u0259lif sah\u0259l\u0259rind\u0259 qad\u0131nlara qar\u015f\u0131 zorak\u0131l\u0131qlar qalmaqdad\u0131r&#8221;. ARANTV.AZ APA-ya istinad\u0259n bildirir ki, bunu Milli M\u0259clisin \u018fm\u0259k v\u0259 sosial siyas\u0259t komit\u0259sinin s\u0259dri Musa Quliyev &#8220;Gender b\u0259rab\u0259rliyinin v\u0259 qad\u0131n h\u00fcquqlar\u0131n\u0131n t\u0259\u015fviqind\u0259 v\u0259t\u0259nda\u015f c\u0259miyy\u0259tinin rolu&#8221; m\u00f6vzusunda ke\u00e7iril\u0259n konfransda deyilib. Komit\u0259 s\u0259dri bildirib ki, \u00dcST-\u00fcn m\u0259lumat\u0131na g\u00f6r\u0259, d\u00fcnyada h\u0259r \u00fc\u00e7 qad\u0131ndan 1-i ya evd\u0259, ya i\u015fd\u0259 zorak\u0131l\u0131\u011fa m\u0259ruz qal\u0131r: &#8220;Bu g\u00fcn i\u015fsiz qad\u0131nlar 57,5 % t\u0259\u015fkil edir. Baxmayaraq ki, \u0259m\u0259k qabiliyy\u0259tli qad\u0131nlar\u0131n say\u0131 ki\u015fil\u0259rin say\u0131ndan \u00e7oxdur. \u018fsas diskriminasiya burada qad\u0131n \u0259m\u0259yinin ki\u015fi \u0259m\u0259yin\u0259 nisb\u0259t\u0259n az qiym\u0259tl\u0259ndirilm\u0259sidir. Bu, b\u00fct\u00fcn d\u00fcnyada bel\u0259dir. Az\u0259rbaycanda qad\u0131nlar\u0131n \u0259m\u0259yi ki\u015fi&hellip;<\/p>\n","protected":false},"author":2,"featured_media":393271,"comment_status":"closed","ping_status":"closed","sticky":false,"template":"","format":"standard","meta":{"om_disable_all_campaigns":false,"_monsterinsights_skip_tracking":false,"_monsterinsights_sitenote_active":false,"_monsterinsights_sitenote_note":"","_monsterinsights_sitenote_category":0},"categories":[26],"tags":[],"aioseo_notices":[],"gutentor_comment":0,"rttpg_featured_image_url":{"full":["https:\/\/arantv.az\/wp-content\/uploads\/2021\/10\/temizlik_qadin_yorgun.jpg",800,600,false],"landscape":["https:\/\/arantv.az\/wp-content\/uploads\/2021\/10\/temizlik_qadin_yorgun.jpg",800,600,false],"portraits":["https:\/\/arantv.az\/wp-content\/uploads\/2021\/10\/temizlik_qadin_yorgun.jpg",800,600,false],"thumbnail":["https:\/\/arantv.az\/wp-content\/uploads\/2021\/10\/temizlik_qadin_yorgun-500x280.jpg",500,280,true],"medium":["https:\/\/arantv.az\/wp-content\/uploads\/2021\/10\/temizlik_qadin_yorgun-487x365.jpg",487,365,true],"large":["https:\/\/arantv.az\/wp-content\/uploads\/2021\/10\/temizlik_qadin_yorgun.jpg",640,480,false],"1536x1536":["https:\/\/arantv.az\/wp-content\/uploads\/2021\/10\/temizlik_qadin_yorgun.jpg",800,600,false],"2048x2048":["https:\/\/arantv.az\/wp-content\/uploads\/2021\/10\/temizlik_qadin_yorgun.jpg",800,600,false],"post-thumbnail":["https:\/\/arantv.az\/wp-content\/uploads\/2021\/10\/temizlik_qadin_yorgun-240x172.jpg",240,172,true],"advps-thumb-one":["https:\/\/arantv.az\/wp-content\/uploads\/2021\/10\/temizlik_qadin_yorgun.jpg",800,600,false]},"rttpg_author":{"display_name":"V\u00fcsal Rafiqo\u011flu","author_link":"https:\/\/arantv.az\/?author=2"},"rttpg_comment":0,"rttpg_category":"<a href=\"https:\/\/arantv.az\/?cat=26\" rel=\"category\">Sosial<\/a>","rttpg_excerpt":"&#8220;H\u0259yat\u0131m\u0131z\u0131n m\u00fcxt\u0259lif sah\u0259l\u0259rind\u0259 qad\u0131nlara qar\u015f\u0131 zorak\u0131l\u0131qlar qalmaqdad\u0131r&#8221;. ARANTV.AZ APA-ya istinad\u0259n bildirir ki, bunu Milli M\u0259clisin \u018fm\u0259k v\u0259 sosial siyas\u0259t komit\u0259sinin s\u0259dri Musa Quliyev &#8220;Gender b\u0259rab\u0259rliyinin v\u0259 qad\u0131n h\u00fcquqlar\u0131n\u0131n t\u0259\u015fviqind\u0259 v\u0259t\u0259nda\u015f c\u0259miyy\u0259tinin rolu&#8221; m\u00f6vzusunda ke\u00e7iril\u0259n konfransda deyilib. Komit\u0259 s\u0259dri bildirib ki, \u00dcST-\u00fcn m\u0259lumat\u0131na g\u00f6r\u0259, d\u00fcnyada h\u0259r \u00fc\u00e7 qad\u0131ndan 1-i ya evd\u0259, ya i\u015fd\u0259 zorak\u0131l\u0131\u011fa m\u0259ruz qal\u0131r:&hellip;","_links":{"self":[{"href":"https:\/\/arantv.az\/index.php?rest_route=\/wp\/v2\/posts\/393270"}],"collection":[{"href":"https:\/\/arantv.az\/index.php?rest_route=\/wp\/v2\/posts"}],"about":[{"href":"https:\/\/arantv.az\/index.php?rest_route=\/wp\/v2\/types\/post"}],"author":[{"embeddable":true,"href":"https:\/\/arantv.az\/index.php?rest_route=\/wp\/v2\/users\/2"}],"replies":[{"embeddable":true,"href":"https:\/\/arantv.az\/index.php?rest_route=%2Fwp%2Fv2%2Fcomments&post=393270"}],"version-history":[{"count":0,"href":"https:\/\/arantv.az\/index.php?rest_route=\/wp\/v2\/posts\/393270\/revisions"}],"wp:featuredmedia":[{"embeddable":true,"href":"https:\/\/arantv.az\/index.php?rest_route=\/wp\/v2\/media\/393271"}],"wp:attachment":[{"href":"https:\/\/arantv.az\/index.php?rest_route=%2Fwp%2Fv2%2Fmedia&parent=393270"}],"wp:term":[{"taxonomy":"category","embeddable":true,"href":"https:\/\/arantv.az\/index.php?rest_route=%2Fwp%2Fv2%2Fcategories&post=393270"},{"taxonomy":"post_tag","embeddable":true,"href":"https:\/\/arantv.az\/index.php?rest_route=%2Fwp%2Fv2%2Ftags&post=393270"}],"curies":[{"name":"wp","href":"https:\/\/api.w.org\/{rel}","templated":true}]}}