{"id":393276,"date":"2021-10-20T11:54:24","date_gmt":"2021-10-20T08:54:24","guid":{"rendered":"http:\/\/arantv.az\/?p=393276"},"modified":"2021-10-20T11:54:24","modified_gmt":"2021-10-20T08:54:24","slug":"s%c9%99hid-mayor-natiq-ismayilov-s%c9%99had%c9%99t%c9%99-yuks%c9%99lm%c9%99sinin-ildonumund%c9%99-yad-edildi-video","status":"publish","type":"post","link":"https:\/\/arantv.az\/?p=393276","title":{"rendered":"\u015e\u0259hid mayor Natiq \u0130smay\u0131lov \u015f\u0259had\u0259t\u0259 y\u00fcks\u0259lm\u0259sinin ild\u00f6n\u00fcm\u00fcnd\u0259 yad edildi &#8211; V\u0130DEO"},"content":{"rendered":"<div class=\"article_text\">\n<p>12 il \u0259vv\u0259l h\u0259yat yolda\u015f\u0131n\u0131n h\u0259diyy\u0259 ald\u0131\u011f\u0131 telefon indi onun \u00fc\u00e7\u00fcn daha d\u0259y\u0259rlidir. \u00c7\u00fcnki bu telefonu ona alan Natiq \u0130smay\u0131lov \u015f\u0259hiddir&#8230;<\/p>\n<p>\u015e\u0259hid Natiq \u0130smay\u0131lovun h\u0259yat yolda\u015f\u0131 Nigar \u0130smay\u0131lova deyir ki, telefonda Natiqin n\u00f6mr\u0259si h\u0259l\u0259 d\u0259 qal\u0131b. \u0130ndi d\u0259 o n\u00f6mr\u0259y\u0259 z\u0259ng edir, h\u0259y\u0259canla g\u00f6zl\u0259yir.<\/p>\n<p>1980-ci ild\u0259, mart ay\u0131n\u0131n 5-d\u0259 Q\u0259b\u0259l\u0259nin Bunud k\u0259ndind\u0259 do\u011fulan \u015f\u0259hid mayor Natiq \u0130smay\u0131lov ham\u0131n\u0131n f\u0259xr yeridir. O, \u015f\u0259had\u0259t\u0259 y\u00fcks\u0259lm\u0259sinin ild\u00f6n\u00fcm\u00fcnd\u0259 yad edilib. Rayon r\u0259hb\u0259rliyi v\u0259 ictimaiyy\u0259t n\u00fcmay\u0259nd\u0259l\u0259ri \u015f\u0259hidin m\u0259zar\u0131n\u0131 ziyar\u0259t edib, ruhuna dualar oxuyublar.<\/p>\n<p>Sonra Bunud k\u0259ndind\u0259 \u015f\u0259hid Natiq \u0130smay\u0131lovun xatir\u0259sin\u0259 tikilmi\u015f bula\u011f\u0131n a\u00e7\u0131l\u0131\u015f\u0131 olub. Natiq \u0130smay\u0131lov 18 oktyabrda F\u00fczuli istiqam\u0259tind\u0259 ged\u0259n d\u00f6y\u00fc\u015fl\u0259rd\u0259 q\u0259hr\u0259mancas\u0131na \u015f\u0259hid olub. O, \u015f\u0259had\u0259tind\u0259n sonra &#8221;V\u0259t\u0259n u\u011frunda&#8221;, &#8220;Suqovu\u015fan\u0131n azad olunmas\u0131na g\u00f6r\u0259&#8221; v\u0259 &#8220;F\u00fczulinin azad olunmas\u0131na g\u00f6r\u0259&#8221; medallar\u0131 il\u0259 t\u0259ltif olunub. Onun 4 \u00f6vlad\u0131 biz\u0259 \u0259man\u0259t qal\u0131b&#8230;<\/p>\n<div>\n<div id=\"AdviadNativeVideo0\" class=\"AdviadNativeVideo\"><\/div>\n<\/div>\n<p><strong>ARANTV.AZ<\/strong>\u00a0 xezerxeber.az-a istinadla m\u00f6vzu il\u0259 ba\u011fl\u0131 daha \u0259trafl\u0131 videomaterial\u0131 t\u0259qdim edir:<\/p>\n<p>&nbsp;<\/p>\n<p><iframe loading=\"lazy\" src=\"https:\/\/daytube.az\/az\/embed\/116892\" width=\"670\" height=\"400\" frameborder=\"0\" allowfullscreen=\"allowfullscreen\" data-mce-fragment=\"1\"><\/iframe><\/div>\n<div class=\"social-banner\"><\/div>\n","protected":false},"excerpt":{"rendered":"<p>12 il \u0259vv\u0259l h\u0259yat yolda\u015f\u0131n\u0131n h\u0259diyy\u0259 ald\u0131\u011f\u0131 telefon indi onun \u00fc\u00e7\u00fcn daha d\u0259y\u0259rlidir. \u00c7\u00fcnki bu telefonu ona alan Natiq \u0130smay\u0131lov \u015f\u0259hiddir&#8230; \u015e\u0259hid Natiq \u0130smay\u0131lovun h\u0259yat yolda\u015f\u0131 Nigar \u0130smay\u0131lova deyir ki, telefonda Natiqin n\u00f6mr\u0259si h\u0259l\u0259 d\u0259 qal\u0131b. \u0130ndi d\u0259 o n\u00f6mr\u0259y\u0259 z\u0259ng edir, h\u0259y\u0259canla g\u00f6zl\u0259yir. 1980-ci ild\u0259, mart ay\u0131n\u0131n 5-d\u0259 Q\u0259b\u0259l\u0259nin Bunud k\u0259ndind\u0259 do\u011fulan \u015f\u0259hid mayor Natiq \u0130smay\u0131lov ham\u0131n\u0131n f\u0259xr yeridir. O, \u015f\u0259had\u0259t\u0259 y\u00fcks\u0259lm\u0259sinin ild\u00f6n\u00fcm\u00fcnd\u0259 yad edilib. Rayon r\u0259hb\u0259rliyi v\u0259 ictimaiyy\u0259t n\u00fcmay\u0259nd\u0259l\u0259ri \u015f\u0259hidin m\u0259zar\u0131n\u0131 ziyar\u0259t edib, ruhuna dualar oxuyublar. Sonra Bunud k\u0259ndind\u0259 \u015f\u0259hid Natiq \u0130smay\u0131lovun xatir\u0259sin\u0259 tikilmi\u015f bula\u011f\u0131n a\u00e7\u0131l\u0131\u015f\u0131 olub. Natiq&hellip;<\/p>\n","protected":false},"author":2,"featured_media":393277,"comment_status":"closed","ping_status":"closed","sticky":false,"template":"","format":"standard","meta":{"om_disable_all_campaigns":false,"_monsterinsights_skip_tracking":false,"_monsterinsights_sitenote_active":false,"_monsterinsights_sitenote_note":"","_monsterinsights_sitenote_category":0},"categories":[26],"tags":[],"aioseo_notices":[],"gutentor_comment":0,"rttpg_featured_image_url":{"full":["https:\/\/arantv.az\/wp-content\/uploads\/2021\/10\/988983.jpg",800,600,false],"landscape":["https:\/\/arantv.az\/wp-content\/uploads\/2021\/10\/988983.jpg",800,600,false],"portraits":["https:\/\/arantv.az\/wp-content\/uploads\/2021\/10\/988983.jpg",800,600,false],"thumbnail":["https:\/\/arantv.az\/wp-content\/uploads\/2021\/10\/988983-500x280.jpg",500,280,true],"medium":["https:\/\/arantv.az\/wp-content\/uploads\/2021\/10\/988983-487x365.jpg",487,365,true],"large":["https:\/\/arantv.az\/wp-content\/uploads\/2021\/10\/988983.jpg",640,480,false],"1536x1536":["https:\/\/arantv.az\/wp-content\/uploads\/2021\/10\/988983.jpg",800,600,false],"2048x2048":["https:\/\/arantv.az\/wp-content\/uploads\/2021\/10\/988983.jpg",800,600,false],"post-thumbnail":["https:\/\/arantv.az\/wp-content\/uploads\/2021\/10\/988983-240x172.jpg",240,172,true],"advps-thumb-one":["https:\/\/arantv.az\/wp-content\/uploads\/2021\/10\/988983.jpg",800,600,false]},"rttpg_author":{"display_name":"V\u00fcsal Rafiqo\u011flu","author_link":"https:\/\/arantv.az\/?author=2"},"rttpg_comment":0,"rttpg_category":"<a href=\"https:\/\/arantv.az\/?cat=26\" rel=\"category\">Sosial<\/a>","rttpg_excerpt":"12 il \u0259vv\u0259l h\u0259yat yolda\u015f\u0131n\u0131n h\u0259diyy\u0259 ald\u0131\u011f\u0131 telefon indi onun \u00fc\u00e7\u00fcn daha d\u0259y\u0259rlidir. \u00c7\u00fcnki bu telefonu ona alan Natiq \u0130smay\u0131lov \u015f\u0259hiddir&#8230; \u015e\u0259hid Natiq \u0130smay\u0131lovun h\u0259yat yolda\u015f\u0131 Nigar \u0130smay\u0131lova deyir ki, telefonda Natiqin n\u00f6mr\u0259si h\u0259l\u0259 d\u0259 qal\u0131b. \u0130ndi d\u0259 o n\u00f6mr\u0259y\u0259 z\u0259ng edir, h\u0259y\u0259canla g\u00f6zl\u0259yir. 1980-ci ild\u0259, mart ay\u0131n\u0131n 5-d\u0259 Q\u0259b\u0259l\u0259nin Bunud k\u0259ndind\u0259 do\u011fulan \u015f\u0259hid mayor&hellip;","_links":{"self":[{"href":"https:\/\/arantv.az\/index.php?rest_route=\/wp\/v2\/posts\/393276"}],"collection":[{"href":"https:\/\/arantv.az\/index.php?rest_route=\/wp\/v2\/posts"}],"about":[{"href":"https:\/\/arantv.az\/index.php?rest_route=\/wp\/v2\/types\/post"}],"author":[{"embeddable":true,"href":"https:\/\/arantv.az\/index.php?rest_route=\/wp\/v2\/users\/2"}],"replies":[{"embeddable":true,"href":"https:\/\/arantv.az\/index.php?rest_route=%2Fwp%2Fv2%2Fcomments&post=393276"}],"version-history":[{"count":0,"href":"https:\/\/arantv.az\/index.php?rest_route=\/wp\/v2\/posts\/393276\/revisions"}],"wp:featuredmedia":[{"embeddable":true,"href":"https:\/\/arantv.az\/index.php?rest_route=\/wp\/v2\/media\/393277"}],"wp:attachment":[{"href":"https:\/\/arantv.az\/index.php?rest_route=%2Fwp%2Fv2%2Fmedia&parent=393276"}],"wp:term":[{"taxonomy":"category","embeddable":true,"href":"https:\/\/arantv.az\/index.php?rest_route=%2Fwp%2Fv2%2Fcategories&post=393276"},{"taxonomy":"post_tag","embeddable":true,"href":"https:\/\/arantv.az\/index.php?rest_route=%2Fwp%2Fv2%2Ftags&post=393276"}],"curies":[{"name":"wp","href":"https:\/\/api.w.org\/{rel}","templated":true}]}}