{"id":393279,"date":"2021-10-20T12:01:19","date_gmt":"2021-10-20T09:01:19","guid":{"rendered":"http:\/\/arantv.az\/?p=393279"},"modified":"2021-10-20T12:01:19","modified_gmt":"2021-10-20T09:01:19","slug":"xudaf%c9%99rin-v%c9%99-qiz-qalasi-ses-in-insasinin-2024-cu-il%c9%99d%c9%99k-tamamlanmasi-planlasdirilir-nazir","status":"publish","type":"post","link":"https:\/\/arantv.az\/?p=393279","title":{"rendered":"\u201cXudaf\u0259rin\u201d v\u0259 \u201cQ\u0131z Qalas\u0131\u201d SES-in in\u015fas\u0131n\u0131n 2024-c\u00fc il\u0259d\u0259k tamamlanmas\u0131 planla\u015fd\u0131r\u0131l\u0131r &#8211; Nazir"},"content":{"rendered":"<p>&#8220;Xudaf\u0259rin&#8221; v\u0259 &#8220;Q\u0131z Qalas\u0131&#8221; SES-in in\u015fas\u0131n\u0131n 2024-c\u00fc il\u0259d\u0259k tamamlanmas\u0131 planla\u015fd\u0131r\u0131l\u0131r.<\/p>\n<p><strong>ARANTV.AZ\u00a0<\/strong> <a href=\"https:\/\/az.trend.az\/\" target=\"_blank\" rel=\"noopener\">Trend<\/a>-\u0259 istinad\u0259n x\u0259b\u0259r verir ki,\u00a0bunu energetika naziri P\u0259rviz \u015eahbazov &#8220;Respublika&#8221; q\u0259zetind\u0259 &#8220;20 oktyabr Energetikl\u0259r G\u00fcn\u00fc&#8221;n\u0259 h\u0259sr edilmi\u015f &#8220;Az\u0259rbaycan energetikas\u0131n\u0131n yeni d\u00f6vr\u00fc Qaraba\u011f v\u0259 \u015e\u0259rqi Z\u0259ng\u0259zurdan ba\u015flay\u0131r&#8221; adl\u0131 m\u0259qal\u0259sind\u0259 deyib.<\/p>\n<p>Nazir qeyd edib ki, dayan\u0131ql\u0131 enerji t\u0259minat\u0131 \u00fc\u00e7\u00fcn b\u00f6y\u00fck potensiala malik &#8220;Xudaf\u0259rin&#8221;, &#8220;Q\u0131z Qalas\u0131&#8221; hidroqov\u015faqlar\u0131 v\u0259 su elektrik stansiyalar\u0131 layih\u0259l\u0259rinin icras\u0131 davam edir:<\/p>\n<p>&#8220;&#8221;Xudaf\u0259rin&#8221; v\u0259 &#8220;Q\u0131z Qalas\u0131&#8221; hidroqov\u015faqlar\u0131na aid b\u0259ndl\u0259rin tikintisi tamamlan\u0131b. Haz\u0131rda h\u0259r iki su elektrik stansiyan\u0131n qur\u011fu v\u0259 avadanl\u0131qlar\u0131n\u0131n al\u0131n\u0131b qura\u015fd\u0131r\u0131lmas\u0131, h\u0259m\u00e7inin tikintiy\u0259 \u00e7\u0259kilmi\u015f x\u0259rcl\u0259rin, d\u0259ymi\u015f ziyan\u0131n h\u0259cminin hesablanmas\u0131 il\u0259 ba\u011fl\u0131 m\u00fczakir\u0259l\u0259r davam etdirilir. \u00dcmumi qoyulu\u015f g\u00fcc\u00fc 200 MVt olan &#8220;Xudaf\u0259rin&#8221; v\u0259 80 MVt g\u00fcc\u00fcnd\u0259 &#8220;Q\u0131z Qalas\u0131&#8221; su elektrik stansiyalar\u0131n\u0131n in\u015fas\u0131n\u0131n 2024-c\u00fc il\u0259d\u0259k tamamlanmas\u0131 planla\u015fd\u0131r\u0131l\u0131r. H\u0259l\u0259 V\u0259t\u0259n m\u00fcharib\u0259si \u0259r\u0259f\u0259sind\u0259 \u0259razil\u0259rimizin i\u015f\u011faldan azad olunaca\u011f\u0131na b\u00f6y\u00fck \u00fcmumxalq inam\u0131n\u0131n r\u0259mzin\u0259 \u00e7evrilmi\u015f bu layih\u0259l\u0259rin realla\u015fmas\u0131 t\u0259kc\u0259 Az\u0259rbaycana illik 358 mln. kVt\u00b7st elektrik enerjisi istehsal\u0131, m\u00f6vcud 252 min hektar torpaq sah\u0259si \u00fczr\u0259 suvarman\u0131n yax\u015f\u0131la\u015fd\u0131r\u0131lmas\u0131 v\u0259 12 min hektar yeni \u0259kin sah\u0259l\u0259rinin suvar\u0131lmas\u0131 imkan\u0131 yaradacaqd\u0131r&#8221;.<\/p>\n","protected":false},"excerpt":{"rendered":"<p>&#8220;Xudaf\u0259rin&#8221; v\u0259 &#8220;Q\u0131z Qalas\u0131&#8221; SES-in in\u015fas\u0131n\u0131n 2024-c\u00fc il\u0259d\u0259k tamamlanmas\u0131 planla\u015fd\u0131r\u0131l\u0131r. ARANTV.AZ\u00a0 Trend-\u0259 istinad\u0259n x\u0259b\u0259r verir ki,\u00a0bunu energetika naziri P\u0259rviz \u015eahbazov &#8220;Respublika&#8221; q\u0259zetind\u0259 &#8220;20 oktyabr Energetikl\u0259r G\u00fcn\u00fc&#8221;n\u0259 h\u0259sr edilmi\u015f &#8220;Az\u0259rbaycan energetikas\u0131n\u0131n yeni d\u00f6vr\u00fc Qaraba\u011f v\u0259 \u015e\u0259rqi Z\u0259ng\u0259zurdan ba\u015flay\u0131r&#8221; adl\u0131 m\u0259qal\u0259sind\u0259 deyib. Nazir qeyd edib ki, dayan\u0131ql\u0131 enerji t\u0259minat\u0131 \u00fc\u00e7\u00fcn b\u00f6y\u00fck potensiala malik &#8220;Xudaf\u0259rin&#8221;, &#8220;Q\u0131z Qalas\u0131&#8221; hidroqov\u015faqlar\u0131 v\u0259 su elektrik stansiyalar\u0131 layih\u0259l\u0259rinin icras\u0131 davam edir: &#8220;&#8221;Xudaf\u0259rin&#8221; v\u0259 &#8220;Q\u0131z Qalas\u0131&#8221; hidroqov\u015faqlar\u0131na aid b\u0259ndl\u0259rin tikintisi tamamlan\u0131b. Haz\u0131rda h\u0259r iki su elektrik stansiyan\u0131n qur\u011fu v\u0259 avadanl\u0131qlar\u0131n\u0131n al\u0131n\u0131b qura\u015fd\u0131r\u0131lmas\u0131, h\u0259m\u00e7inin tikintiy\u0259 \u00e7\u0259kilmi\u015f x\u0259rcl\u0259rin, d\u0259ymi\u015f ziyan\u0131n h\u0259cminin&hellip;<\/p>\n","protected":false},"author":2,"featured_media":393280,"comment_status":"closed","ping_status":"closed","sticky":false,"template":"","format":"standard","meta":{"om_disable_all_campaigns":false,"_monsterinsights_skip_tracking":false,"_monsterinsights_sitenote_active":false,"_monsterinsights_sitenote_note":"","_monsterinsights_sitenote_category":0},"categories":[19],"tags":[],"aioseo_notices":[],"gutentor_comment":0,"rttpg_featured_image_url":{"full":["https:\/\/arantv.az\/wp-content\/uploads\/2021\/10\/989050.jpg",800,600,false],"landscape":["https:\/\/arantv.az\/wp-content\/uploads\/2021\/10\/989050.jpg",800,600,false],"portraits":["https:\/\/arantv.az\/wp-content\/uploads\/2021\/10\/989050.jpg",800,600,false],"thumbnail":["https:\/\/arantv.az\/wp-content\/uploads\/2021\/10\/989050-500x280.jpg",500,280,true],"medium":["https:\/\/arantv.az\/wp-content\/uploads\/2021\/10\/989050-487x365.jpg",487,365,true],"large":["https:\/\/arantv.az\/wp-content\/uploads\/2021\/10\/989050.jpg",640,480,false],"1536x1536":["https:\/\/arantv.az\/wp-content\/uploads\/2021\/10\/989050.jpg",800,600,false],"2048x2048":["https:\/\/arantv.az\/wp-content\/uploads\/2021\/10\/989050.jpg",800,600,false],"post-thumbnail":["https:\/\/arantv.az\/wp-content\/uploads\/2021\/10\/989050-240x172.jpg",240,172,true],"advps-thumb-one":["https:\/\/arantv.az\/wp-content\/uploads\/2021\/10\/989050.jpg",800,600,false]},"rttpg_author":{"display_name":"V\u00fcsal Rafiqo\u011flu","author_link":"https:\/\/arantv.az\/?author=2"},"rttpg_comment":0,"rttpg_category":"<a href=\"https:\/\/arantv.az\/?cat=19\" rel=\"category\">G\u00fcnd\u0259m<\/a>","rttpg_excerpt":"&#8220;Xudaf\u0259rin&#8221; v\u0259 &#8220;Q\u0131z Qalas\u0131&#8221; SES-in in\u015fas\u0131n\u0131n 2024-c\u00fc il\u0259d\u0259k tamamlanmas\u0131 planla\u015fd\u0131r\u0131l\u0131r. ARANTV.AZ\u00a0 Trend-\u0259 istinad\u0259n x\u0259b\u0259r verir ki,\u00a0bunu energetika naziri P\u0259rviz \u015eahbazov &#8220;Respublika&#8221; q\u0259zetind\u0259 &#8220;20 oktyabr Energetikl\u0259r G\u00fcn\u00fc&#8221;n\u0259 h\u0259sr edilmi\u015f &#8220;Az\u0259rbaycan energetikas\u0131n\u0131n yeni d\u00f6vr\u00fc Qaraba\u011f v\u0259 \u015e\u0259rqi Z\u0259ng\u0259zurdan ba\u015flay\u0131r&#8221; adl\u0131 m\u0259qal\u0259sind\u0259 deyib. Nazir qeyd edib ki, dayan\u0131ql\u0131 enerji t\u0259minat\u0131 \u00fc\u00e7\u00fcn b\u00f6y\u00fck potensiala malik &#8220;Xudaf\u0259rin&#8221;, &#8220;Q\u0131z Qalas\u0131&#8221; hidroqov\u015faqlar\u0131&hellip;","_links":{"self":[{"href":"https:\/\/arantv.az\/index.php?rest_route=\/wp\/v2\/posts\/393279"}],"collection":[{"href":"https:\/\/arantv.az\/index.php?rest_route=\/wp\/v2\/posts"}],"about":[{"href":"https:\/\/arantv.az\/index.php?rest_route=\/wp\/v2\/types\/post"}],"author":[{"embeddable":true,"href":"https:\/\/arantv.az\/index.php?rest_route=\/wp\/v2\/users\/2"}],"replies":[{"embeddable":true,"href":"https:\/\/arantv.az\/index.php?rest_route=%2Fwp%2Fv2%2Fcomments&post=393279"}],"version-history":[{"count":0,"href":"https:\/\/arantv.az\/index.php?rest_route=\/wp\/v2\/posts\/393279\/revisions"}],"wp:featuredmedia":[{"embeddable":true,"href":"https:\/\/arantv.az\/index.php?rest_route=\/wp\/v2\/media\/393280"}],"wp:attachment":[{"href":"https:\/\/arantv.az\/index.php?rest_route=%2Fwp%2Fv2%2Fmedia&parent=393279"}],"wp:term":[{"taxonomy":"category","embeddable":true,"href":"https:\/\/arantv.az\/index.php?rest_route=%2Fwp%2Fv2%2Fcategories&post=393279"},{"taxonomy":"post_tag","embeddable":true,"href":"https:\/\/arantv.az\/index.php?rest_route=%2Fwp%2Fv2%2Ftags&post=393279"}],"curies":[{"name":"wp","href":"https:\/\/api.w.org\/{rel}","templated":true}]}}