{"id":393289,"date":"2021-10-20T15:14:59","date_gmt":"2021-10-20T12:14:59","guid":{"rendered":"http:\/\/arantv.az\/?p=393289"},"modified":"2021-10-20T15:14:59","modified_gmt":"2021-10-20T12:14:59","slug":"tallind%c9%99-az%c9%99rbaycanin-milli-bayrami-qeyd-edildi-foto","status":"publish","type":"post","link":"https:\/\/arantv.az\/?p=393289","title":{"rendered":"Tallind\u0259 Az\u0259rbaycan\u0131n milli bayram\u0131 qeyd edildi &#8211; FOTO"},"content":{"rendered":"<p>Estoniyada f\u0259aliyy\u0259t g\u00f6st\u0259r\u0259n \u201c\u0130rs\u201d Estoniya-Az\u0259rbaycan g\u0259ncl\u0259r t\u0259\u015fkilat\u0131n\u0131n t\u0259\u015f\u0259bb\u00fcs\u00fc v\u0259 t\u0259\u015fkilat\u00e7\u0131l\u0131\u011f\u0131 il\u0259 Tallin \u015f\u0259h\u0259rind\u0259 18 oktyabr \u2013 Az\u0259rbaycan\u0131n M\u00fcst\u0259qilliyinin B\u0259rpas\u0131 G\u00fcn\u00fcn\u0259 h\u0259sr olunmu\u015f t\u0259nt\u0259n\u0259li konsert ke\u00e7irilib.<\/p>\n<p>Bu bar\u0259d\u0259 Diasporla \u0130\u015f \u00fczr\u0259 D\u00f6vl\u0259t Komit\u0259si m\u0259lumat yay\u0131b.<\/p>\n<div id=\"AdviadNativeVideo0\" class=\"AdviadNativeVideo\"><\/div>\n<p>Bildirilib ki, \u00f6lk\u0259nin tarixi-m\u0259d\u0259ni memarl\u0131q abid\u0259si olan Tallin Ratu\u015funda ba\u015f tutan t\u0259dbird\u0259 Az\u0259rbaycan\u0131n Estoniyadak\u0131 f\u00f6vq\u0259lad\u0259 v\u0259 s\u0259lahiyy\u0259tli s\u0259firi Anar M\u0259h\u0259rr\u0259mov, Estoniyan\u0131n r\u0259smi \u015f\u0259xsl\u0259ri v\u0259 Az\u0259rbaycan diasporunun n\u00fcmay\u0259nd\u0259l\u0259ri i\u015ftirak edibl\u0259r.<\/p>\n<p>Konsertd\u0259 g\u0259nc az\u0259rbaycanl\u0131 musiqi\u00e7il\u0259r N\u0259riman \u018fmiraslanov, Nigar S\u00fcleyman, Tokay Oqtayo\u011flu, Humay Hac\u0131zad\u0259, Leyla R\u0259himova v\u0259 eston musiqi\u00e7isi Mari Liis Uibon \u00e7\u0131x\u0131\u015f edibl\u0259r. Yerli \u201cGraatsia\u201d r\u0259qs qrupu Az\u0259rbaycan r\u0259qsl\u0259rini t\u0259qdim edib.<\/p>\n<p>&nbsp;<\/p>\n<div class=\"gallery\">\n<div class=\"gallery-i\"><img src=\"https:\/\/cdn.oxu.az\/uploads\/W1siZiIsIjIwMjEvMTAvMjAvMTQvMDkvMDMvYmUyNDU3YTQtYWM5NS00Nzg4LWE3NDgtM2MxNzJhMzZjZTdmLzI0MzIwMDgwMl80ODgxNDA0ODY1MjM3MzIxXzc0MTE5MTg1MzM2MDY0MzQ5NTNfbi5qcGciXSxbInAiLCJlbmNvZGUiLCJqcGciLCItcXVhbGl0eSA4MCJdLFsicCIsInRodW1iIiwiNTkweDU5MFx1MDAzZSJdXQ?sha=f67791dbc8ac5174\" alt=\"\" \/><\/p>\n<div class=\"gallery-i-caption\"><\/div>\n<\/div>\n<div class=\"gallery-i\"><img src=\"https:\/\/cdn.oxu.az\/uploads\/W1siZiIsIjIwMjEvMTAvMjAvMTQvMDkvMDMvODI4ZWY0NTItYTM5NS00N2JlLWI2MzQtOGM5YmRkM2NhNTU4LzI0NjQ4MTIzMF8xMDgwMzA1NDMyNTA3ODEzXzcxODE2ODYwMzA1Mjk1NDIyMThfbi5qcGciXSxbInAiLCJlbmNvZGUiLCJqcGciLCItcXVhbGl0eSA4MCJdLFsicCIsInRodW1iIiwiNTkweDU5MFx1MDAzZSJdXQ?sha=71dd39d9bd7b16a5\" alt=\"\" \/><\/p>\n<div class=\"gallery-i-caption\"><\/div>\n<\/div>\n<div class=\"gallery-i\"><img src=\"https:\/\/cdn.oxu.az\/uploads\/W1siZiIsIjIwMjEvMTAvMjAvMTQvMDkvMDMvZTYwOTgxYjAtZDczYy00YWE1LWE3ZTMtZjVkNmNjN2Q4MDc3LzI0NjUyOTYxM181NzM3Mjg5NjcyODU3MzRfOTM3MzQ4MzUxODM0MDA3NTkyX24uanBnIl0sWyJwIiwiZW5jb2RlIiwianBnIiwiLXF1YWxpdHkgODAiXSxbInAiLCJ0aHVtYiIsIjU5MHg1OTBcdTAwM2UiXV0?sha=307e7f34c3af7b40\" alt=\"\" \/><\/p>\n<div class=\"gallery-i-caption\"><\/div>\n<\/div>\n<div class=\"gallery-i\"><img src=\"https:\/\/cdn.oxu.az\/uploads\/W1siZiIsIjIwMjEvMTAvMjAvMTQvMDkvMDMvM2FkY2QzMmYtODM3ZC00MzdjLWEyYmQtMWIzMzk5ZmUyYzA1LzI0NjY0ODIwOV8xNTc5MzA3MDgyNDEwNjAwXzU4MjY2ODcxNTA5NDEwODg2Mjlfbi5qcGciXSxbInAiLCJlbmNvZGUiLCJqcGciLCItcXVhbGl0eSA4MCJdLFsicCIsInRodW1iIiwiNTkweDU5MFx1MDAzZSJdXQ?sha=0a3b2f8df03a9f07\" alt=\"\" \/><\/p>\n<div class=\"gallery-i-caption\"><\/div>\n<\/div>\n<div class=\"gallery-i\"><img src=\"https:\/\/cdn.oxu.az\/uploads\/W1siZiIsIjIwMjEvMTAvMjAvMTQvMDkvMDQvY2YxYzQ1ZjAtYWFkOS00MDc5LWE2ZGMtMWNhNTQwZmJkNDVlLzI0NjQ0Mzg3N18xMzI3NzQ4MjQ0MzUwNDk0Xzc3NjA1MzIxMDM4Njg2NjY5MzJfbi5qcGciXSxbInAiLCJlbmNvZGUiLCJqcGciLCItcXVhbGl0eSA4MCJdLFsicCIsInRodW1iIiwiNTkweDU5MFx1MDAzZSJdXQ?sha=34dc91af75cf63b6\" alt=\"\" \/><\/p>\n<div class=\"gallery-i-caption\"><\/div>\n<\/div>\n<div class=\"gallery-i\"><img src=\"https:\/\/cdn.oxu.az\/uploads\/W1siZiIsIjIwMjEvMTAvMjAvMTQvMDkvMDQvODIzNDg5ZjEtZDUxNS00NTA0LWJlZjMtMmIzYmQxMTQ0MmU5LzI0NjUyOTYzOF8yNDI4OTc1MTc4NjkxOTRfNTc2MTM4Njg5MjE4NTY0MTA5MF9uLmpwZyJdLFsicCIsImVuY29kZSIsImpwZyIsIi1xdWFsaXR5IDgwIl0sWyJwIiwidGh1bWIiLCI1OTB4NTkwXHUwMDNlIl1d?sha=73107d47cfe4d71a\" alt=\"\" \/><\/p>\n<div class=\"gallery-i-caption\"><\/div>\n<\/div>\n<div class=\"gallery-i\"><img src=\"https:\/\/cdn.oxu.az\/uploads\/W1siZiIsIjIwMjEvMTAvMjAvMTQvMDkvMDQvNzEwOTVlNTQtM2Q3NS00NTAxLTk4ZWMtYjY1YjhjMmViZDhjLzI0NzMxNzIzNl8zMTc5MDU5NzMyMzgxMDgwXzg1Nzk4ODg3MDE4Mzk4OTIxMTdfbi5qcGciXSxbInAiLCJlbmNvZGUiLCJqcGciLCItcXVhbGl0eSA4MCJdLFsicCIsInRodW1iIiwiNTkweDU5MFx1MDAzZSJdXQ?sha=b69b1b77352286db\" alt=\"\" \/><\/p>\n<div class=\"gallery-i-caption\"><\/div>\n<\/div>\n<div class=\"gallery-i\"><img src=\"https:\/\/cdn.oxu.az\/uploads\/W1siZiIsIjIwMjEvMTAvMjAvMTQvMDkvMDQvYzYwMjIzODItYzczNS00NzA4LTg5ZTEtYzJjZmFlZDQ2Y2RkLzI0NjQ2NTMzNl80NTQzMDU5MzU1NzYwMjAwXzU0Nzc5OTgyNDY0OTA1MDY1ODVfbi5qcGciXSxbInAiLCJlbmNvZGUiLCJqcGciLCItcXVhbGl0eSA4MCJdLFsicCIsInRodW1iIiwiNTkweDU5MFx1MDAzZSJdXQ?sha=8bf6282097b25091\" alt=\"\" \/><\/div>\n<\/div>\n","protected":false},"excerpt":{"rendered":"<p>Estoniyada f\u0259aliyy\u0259t g\u00f6st\u0259r\u0259n \u201c\u0130rs\u201d Estoniya-Az\u0259rbaycan g\u0259ncl\u0259r t\u0259\u015fkilat\u0131n\u0131n t\u0259\u015f\u0259bb\u00fcs\u00fc v\u0259 t\u0259\u015fkilat\u00e7\u0131l\u0131\u011f\u0131 il\u0259 Tallin \u015f\u0259h\u0259rind\u0259 18 oktyabr \u2013 Az\u0259rbaycan\u0131n M\u00fcst\u0259qilliyinin B\u0259rpas\u0131 G\u00fcn\u00fcn\u0259 h\u0259sr olunmu\u015f t\u0259nt\u0259n\u0259li konsert ke\u00e7irilib. Bu bar\u0259d\u0259 Diasporla \u0130\u015f \u00fczr\u0259 D\u00f6vl\u0259t Komit\u0259si m\u0259lumat yay\u0131b. Bildirilib ki, \u00f6lk\u0259nin tarixi-m\u0259d\u0259ni memarl\u0131q abid\u0259si olan Tallin Ratu\u015funda ba\u015f tutan t\u0259dbird\u0259 Az\u0259rbaycan\u0131n Estoniyadak\u0131 f\u00f6vq\u0259lad\u0259 v\u0259 s\u0259lahiyy\u0259tli s\u0259firi Anar M\u0259h\u0259rr\u0259mov, Estoniyan\u0131n r\u0259smi \u015f\u0259xsl\u0259ri v\u0259 Az\u0259rbaycan diasporunun n\u00fcmay\u0259nd\u0259l\u0259ri i\u015ftirak edibl\u0259r. Konsertd\u0259 g\u0259nc az\u0259rbaycanl\u0131 musiqi\u00e7il\u0259r N\u0259riman \u018fmiraslanov, Nigar S\u00fcleyman, Tokay Oqtayo\u011flu, Humay Hac\u0131zad\u0259, Leyla R\u0259himova v\u0259 eston musiqi\u00e7isi Mari Liis Uibon \u00e7\u0131x\u0131\u015f edibl\u0259r. Yerli \u201cGraatsia\u201d r\u0259qs qrupu Az\u0259rbaycan&hellip;<\/p>\n","protected":false},"author":2,"featured_media":393290,"comment_status":"closed","ping_status":"closed","sticky":false,"template":"","format":"standard","meta":{"om_disable_all_campaigns":false,"_monsterinsights_skip_tracking":false,"_monsterinsights_sitenote_active":false,"_monsterinsights_sitenote_note":"","_monsterinsights_sitenote_category":0},"categories":[26],"tags":[],"aioseo_notices":[],"gutentor_comment":0,"rttpg_featured_image_url":{"full":["https:\/\/arantv.az\/wp-content\/uploads\/2021\/10\/FotoJet-2021-10-20T140835.101.jpg",620,413,false],"landscape":["https:\/\/arantv.az\/wp-content\/uploads\/2021\/10\/FotoJet-2021-10-20T140835.101.jpg",620,413,false],"portraits":["https:\/\/arantv.az\/wp-content\/uploads\/2021\/10\/FotoJet-2021-10-20T140835.101.jpg",620,413,false],"thumbnail":["https:\/\/arantv.az\/wp-content\/uploads\/2021\/10\/FotoJet-2021-10-20T140835.101-500x280.jpg",500,280,true],"medium":["https:\/\/arantv.az\/wp-content\/uploads\/2021\/10\/FotoJet-2021-10-20T140835.101-548x365.jpg",548,365,true],"large":["https:\/\/arantv.az\/wp-content\/uploads\/2021\/10\/FotoJet-2021-10-20T140835.101.jpg",620,413,false],"1536x1536":["https:\/\/arantv.az\/wp-content\/uploads\/2021\/10\/FotoJet-2021-10-20T140835.101.jpg",620,413,false],"2048x2048":["https:\/\/arantv.az\/wp-content\/uploads\/2021\/10\/FotoJet-2021-10-20T140835.101.jpg",620,413,false],"post-thumbnail":["https:\/\/arantv.az\/wp-content\/uploads\/2021\/10\/FotoJet-2021-10-20T140835.101-240x172.jpg",240,172,true],"advps-thumb-one":["https:\/\/arantv.az\/wp-content\/uploads\/2021\/10\/FotoJet-2021-10-20T140835.101.jpg",620,413,false]},"rttpg_author":{"display_name":"V\u00fcsal Rafiqo\u011flu","author_link":"https:\/\/arantv.az\/?author=2"},"rttpg_comment":0,"rttpg_category":"<a href=\"https:\/\/arantv.az\/?cat=26\" rel=\"category\">Sosial<\/a>","rttpg_excerpt":"Estoniyada f\u0259aliyy\u0259t g\u00f6st\u0259r\u0259n \u201c\u0130rs\u201d Estoniya-Az\u0259rbaycan g\u0259ncl\u0259r t\u0259\u015fkilat\u0131n\u0131n t\u0259\u015f\u0259bb\u00fcs\u00fc v\u0259 t\u0259\u015fkilat\u00e7\u0131l\u0131\u011f\u0131 il\u0259 Tallin \u015f\u0259h\u0259rind\u0259 18 oktyabr \u2013 Az\u0259rbaycan\u0131n M\u00fcst\u0259qilliyinin B\u0259rpas\u0131 G\u00fcn\u00fcn\u0259 h\u0259sr olunmu\u015f t\u0259nt\u0259n\u0259li konsert ke\u00e7irilib. Bu bar\u0259d\u0259 Diasporla \u0130\u015f \u00fczr\u0259 D\u00f6vl\u0259t Komit\u0259si m\u0259lumat yay\u0131b. Bildirilib ki, \u00f6lk\u0259nin tarixi-m\u0259d\u0259ni memarl\u0131q abid\u0259si olan Tallin Ratu\u015funda ba\u015f tutan t\u0259dbird\u0259 Az\u0259rbaycan\u0131n Estoniyadak\u0131 f\u00f6vq\u0259lad\u0259 v\u0259 s\u0259lahiyy\u0259tli s\u0259firi Anar M\u0259h\u0259rr\u0259mov, Estoniyan\u0131n&hellip;","_links":{"self":[{"href":"https:\/\/arantv.az\/index.php?rest_route=\/wp\/v2\/posts\/393289"}],"collection":[{"href":"https:\/\/arantv.az\/index.php?rest_route=\/wp\/v2\/posts"}],"about":[{"href":"https:\/\/arantv.az\/index.php?rest_route=\/wp\/v2\/types\/post"}],"author":[{"embeddable":true,"href":"https:\/\/arantv.az\/index.php?rest_route=\/wp\/v2\/users\/2"}],"replies":[{"embeddable":true,"href":"https:\/\/arantv.az\/index.php?rest_route=%2Fwp%2Fv2%2Fcomments&post=393289"}],"version-history":[{"count":0,"href":"https:\/\/arantv.az\/index.php?rest_route=\/wp\/v2\/posts\/393289\/revisions"}],"wp:featuredmedia":[{"embeddable":true,"href":"https:\/\/arantv.az\/index.php?rest_route=\/wp\/v2\/media\/393290"}],"wp:attachment":[{"href":"https:\/\/arantv.az\/index.php?rest_route=%2Fwp%2Fv2%2Fmedia&parent=393289"}],"wp:term":[{"taxonomy":"category","embeddable":true,"href":"https:\/\/arantv.az\/index.php?rest_route=%2Fwp%2Fv2%2Fcategories&post=393289"},{"taxonomy":"post_tag","embeddable":true,"href":"https:\/\/arantv.az\/index.php?rest_route=%2Fwp%2Fv2%2Ftags&post=393289"}],"curies":[{"name":"wp","href":"https:\/\/api.w.org\/{rel}","templated":true}]}}