{"id":393298,"date":"2021-10-20T15:18:07","date_gmt":"2021-10-20T12:18:07","guid":{"rendered":"http:\/\/arantv.az\/?p=393298"},"modified":"2021-10-20T15:18:07","modified_gmt":"2021-10-20T12:18:07","slug":"haber-global-erm%c9%99ni-v%c9%99hsilikl%c9%99ri-il%c9%99-bagli-hesabat-beyn%c9%99lxalq-t%c9%99skilatlara-t%c9%99qdim-olunacaq-video","status":"publish","type":"post","link":"https:\/\/arantv.az\/?p=393298","title":{"rendered":"Haber Global: \u201cErm\u0259ni v\u0259h\u015filikl\u0259ri il\u0259 ba\u011fl\u0131 hesabat beyn\u0259lxalq t\u0259\u015fkilatlara t\u0259qdim olunacaq\u201d &#8211; V\u0130DEO"},"content":{"rendered":"<article class=\"news\">\n<div class=\"news-inner\">\n<p>T\u00fcrkiy\u0259nin \u0130nsan H\u00fcquqlar\u0131 v\u0259 B\u0259rab\u0259rlik \u0130dar\u0259si n\u0259zdind\u0259 yarad\u0131lm\u0131\u015f Qaraba\u011f \u0130nsan H\u00fcquqlar\u0131 M\u00fc\u015fahid\u0259 Qrupu t\u0259r\u0259find\u0259n \u201cErm\u0259nistan\u0131n Qaraba\u011fdak\u0131 \u0259m\u0259ll\u0259ri: \u0130nsan h\u00fcquqlar\u0131 pozuntular\u0131 v\u0259 pozuntular\u0131n izl\u0259nilm\u0259si hesabat\u0131\u201dn\u0131 haz\u0131rlan\u0131b.<\/p>\n<div id=\"AdviadNativeVideo0\" class=\"AdviadNativeVideo\"><\/div>\n<p>\u201cHaber Global\u201d\u0131n m\u0259lumat\u0131na g\u00f6r\u0259, hesabatda Erm\u0259nistan\u0131n ill\u0259rl\u0259 t\u00f6r\u0259tdiyi insan h\u00fcquqlar\u0131 pozuntular\u0131 foto v\u0259 s\u0259n\u0259dl\u0259rl\u0259 birg\u0259 ortaya qoyulub. Hesabat h\u0259m\u00e7inin ingilis dilin\u0259 d\u0259 t\u0259rc\u00fcm\u0259 edilib. S\u00f6z\u00fcged\u0259n s\u0259n\u0259din BMT v\u0259 Avropa \u015euras\u0131na t\u0259qdim edil\u0259c\u0259yi qeyd olunur.<\/p>\n<div>\n<div><iframe loading=\"lazy\" src=\"https:\/\/www.dailymotion.com\/embed\/video\/x84z13d?autoplay=1\" width=\"100%\" height=\"100%\" frameborder=\"0\" allowfullscreen=\"allowfullscreen\" data-mce-fragment=\"1\"><\/iframe><\/div>\n<\/div>\n<\/div>\n<\/article>\n<h2 class=\"news-share-title\"><\/h2>\n","protected":false},"excerpt":{"rendered":"<p>T\u00fcrkiy\u0259nin \u0130nsan H\u00fcquqlar\u0131 v\u0259 B\u0259rab\u0259rlik \u0130dar\u0259si n\u0259zdind\u0259 yarad\u0131lm\u0131\u015f Qaraba\u011f \u0130nsan H\u00fcquqlar\u0131 M\u00fc\u015fahid\u0259 Qrupu t\u0259r\u0259find\u0259n \u201cErm\u0259nistan\u0131n Qaraba\u011fdak\u0131 \u0259m\u0259ll\u0259ri: \u0130nsan h\u00fcquqlar\u0131 pozuntular\u0131 v\u0259 pozuntular\u0131n izl\u0259nilm\u0259si hesabat\u0131\u201dn\u0131 haz\u0131rlan\u0131b. \u201cHaber Global\u201d\u0131n m\u0259lumat\u0131na g\u00f6r\u0259, hesabatda Erm\u0259nistan\u0131n ill\u0259rl\u0259 t\u00f6r\u0259tdiyi insan h\u00fcquqlar\u0131 pozuntular\u0131 foto v\u0259 s\u0259n\u0259dl\u0259rl\u0259 birg\u0259 ortaya qoyulub. Hesabat h\u0259m\u00e7inin ingilis dilin\u0259 d\u0259 t\u0259rc\u00fcm\u0259 edilib. S\u00f6z\u00fcged\u0259n s\u0259n\u0259din BMT v\u0259 Avropa \u015euras\u0131na t\u0259qdim edil\u0259c\u0259yi qeyd olunur.<\/p>\n","protected":false},"author":2,"featured_media":393299,"comment_status":"closed","ping_status":"closed","sticky":false,"template":"","format":"standard","meta":{"om_disable_all_campaigns":false,"_monsterinsights_skip_tracking":false,"_monsterinsights_sitenote_active":false,"_monsterinsights_sitenote_note":"","_monsterinsights_sitenote_category":0},"categories":[4],"tags":[],"aioseo_notices":[],"gutentor_comment":0,"rttpg_featured_image_url":{"full":["https:\/\/arantv.az\/wp-content\/uploads\/2021\/10\/FotoJet-2021-10-20T134118.408.jpg",620,413,false],"landscape":["https:\/\/arantv.az\/wp-content\/uploads\/2021\/10\/FotoJet-2021-10-20T134118.408.jpg",620,413,false],"portraits":["https:\/\/arantv.az\/wp-content\/uploads\/2021\/10\/FotoJet-2021-10-20T134118.408.jpg",620,413,false],"thumbnail":["https:\/\/arantv.az\/wp-content\/uploads\/2021\/10\/FotoJet-2021-10-20T134118.408-500x280.jpg",500,280,true],"medium":["https:\/\/arantv.az\/wp-content\/uploads\/2021\/10\/FotoJet-2021-10-20T134118.408-548x365.jpg",548,365,true],"large":["https:\/\/arantv.az\/wp-content\/uploads\/2021\/10\/FotoJet-2021-10-20T134118.408.jpg",620,413,false],"1536x1536":["https:\/\/arantv.az\/wp-content\/uploads\/2021\/10\/FotoJet-2021-10-20T134118.408.jpg",620,413,false],"2048x2048":["https:\/\/arantv.az\/wp-content\/uploads\/2021\/10\/FotoJet-2021-10-20T134118.408.jpg",620,413,false],"post-thumbnail":["https:\/\/arantv.az\/wp-content\/uploads\/2021\/10\/FotoJet-2021-10-20T134118.408-240x172.jpg",240,172,true],"advps-thumb-one":["https:\/\/arantv.az\/wp-content\/uploads\/2021\/10\/FotoJet-2021-10-20T134118.408.jpg",620,413,false]},"rttpg_author":{"display_name":"V\u00fcsal Rafiqo\u011flu","author_link":"https:\/\/arantv.az\/?author=2"},"rttpg_comment":0,"rttpg_category":"<a href=\"https:\/\/arantv.az\/?cat=4\" rel=\"category\">Siyas\u0259t<\/a>","rttpg_excerpt":"T\u00fcrkiy\u0259nin \u0130nsan H\u00fcquqlar\u0131 v\u0259 B\u0259rab\u0259rlik \u0130dar\u0259si n\u0259zdind\u0259 yarad\u0131lm\u0131\u015f Qaraba\u011f \u0130nsan H\u00fcquqlar\u0131 M\u00fc\u015fahid\u0259 Qrupu t\u0259r\u0259find\u0259n \u201cErm\u0259nistan\u0131n Qaraba\u011fdak\u0131 \u0259m\u0259ll\u0259ri: \u0130nsan h\u00fcquqlar\u0131 pozuntular\u0131 v\u0259 pozuntular\u0131n izl\u0259nilm\u0259si hesabat\u0131\u201dn\u0131 haz\u0131rlan\u0131b. \u201cHaber Global\u201d\u0131n m\u0259lumat\u0131na g\u00f6r\u0259, hesabatda Erm\u0259nistan\u0131n ill\u0259rl\u0259 t\u00f6r\u0259tdiyi insan h\u00fcquqlar\u0131 pozuntular\u0131 foto v\u0259 s\u0259n\u0259dl\u0259rl\u0259 birg\u0259 ortaya qoyulub. Hesabat h\u0259m\u00e7inin ingilis dilin\u0259 d\u0259 t\u0259rc\u00fcm\u0259 edilib. S\u00f6z\u00fcged\u0259n s\u0259n\u0259din BMT v\u0259 Avropa \u015euras\u0131na&hellip;","_links":{"self":[{"href":"https:\/\/arantv.az\/index.php?rest_route=\/wp\/v2\/posts\/393298"}],"collection":[{"href":"https:\/\/arantv.az\/index.php?rest_route=\/wp\/v2\/posts"}],"about":[{"href":"https:\/\/arantv.az\/index.php?rest_route=\/wp\/v2\/types\/post"}],"author":[{"embeddable":true,"href":"https:\/\/arantv.az\/index.php?rest_route=\/wp\/v2\/users\/2"}],"replies":[{"embeddable":true,"href":"https:\/\/arantv.az\/index.php?rest_route=%2Fwp%2Fv2%2Fcomments&post=393298"}],"version-history":[{"count":0,"href":"https:\/\/arantv.az\/index.php?rest_route=\/wp\/v2\/posts\/393298\/revisions"}],"wp:featuredmedia":[{"embeddable":true,"href":"https:\/\/arantv.az\/index.php?rest_route=\/wp\/v2\/media\/393299"}],"wp:attachment":[{"href":"https:\/\/arantv.az\/index.php?rest_route=%2Fwp%2Fv2%2Fmedia&parent=393298"}],"wp:term":[{"taxonomy":"category","embeddable":true,"href":"https:\/\/arantv.az\/index.php?rest_route=%2Fwp%2Fv2%2Fcategories&post=393298"},{"taxonomy":"post_tag","embeddable":true,"href":"https:\/\/arantv.az\/index.php?rest_route=%2Fwp%2Fv2%2Ftags&post=393298"}],"curies":[{"name":"wp","href":"https:\/\/api.w.org\/{rel}","templated":true}]}}