{"id":393314,"date":"2021-10-20T15:23:57","date_gmt":"2021-10-20T12:23:57","guid":{"rendered":"http:\/\/arantv.az\/?p=393314"},"modified":"2021-10-20T15:23:57","modified_gmt":"2021-10-20T12:23:57","slug":"c%c9%99sur-doyuscu-taleh-isg%c9%99nd%c9%99rli-on-gun-komada-qaldi-bes-medalla-t%c9%99ltif-olundu-reportaj-foto-video","status":"publish","type":"post","link":"https:\/\/arantv.az\/?p=393314","title":{"rendered":"C\u0259sur d\u00f6y\u00fc\u015f\u00e7\u00fc Taleh \u0130sg\u0259nd\u0259rli: On g\u00fcn komada qald\u0131, be\u015f medalla t\u0259ltif olundu &#8211; REPORTAJ + FOTO\/V\u0130DEO"},"content":{"rendered":"<article class=\"news\">\n<div class=\"news-inner\">\n<p>O, m\u00fcharib\u0259y\u0259 k\u00f6n\u00fcll\u00fc gedib, torpaqlar\u0131m\u0131z\u0131n azadl\u0131\u011f\u0131 u\u011frunda \u015fidd\u0259tli d\u00f6y\u00fc\u015fl\u0259rd\u0259 i\u015ftirak edib, a\u011f\u0131r yaralan\u0131b, on g\u00fcn komada qal\u0131b v\u0259 be\u015f medalla t\u0259ltif olunub. S\u00f6hb\u0259t V\u0259t\u0259n m\u00fcharib\u0259si qazisi, c\u0259sur d\u00f6y\u00fc\u015f\u00e7\u00fc Taleh \u0130sg\u0259nd\u0259rlid\u0259n gedir.<\/p>\n<p><strong>ARANTV.AZ<\/strong>\u00a0 x\u0259b\u0259r verir ki, T.\u0130sg\u0259nd\u0259rli \u0259sl\u0259n La\u00e7\u0131n rayonunun O\u011fuld\u0259r\u0259 k\u0259ndind\u0259ndir, haz\u0131rda ail\u0259si il\u0259 birlikd\u0259 Bak\u0131n\u0131n Bin\u0259 q\u0259s\u0259b\u0259sind\u0259 m\u0259skunla\u015f\u0131b.<\/p>\n<p>Qazi il\u0259 m\u00fcsahib\u0259 \u00fc\u00e7\u00fcn evl\u0259rin\u0259 yollan\u0131r\u0131q. Bizi Talehin atas\u0131 Asif \u0130sg\u0259nd\u0259rov qar\u015f\u0131lay\u0131r. \u00dcz\u00fcnd\u0259 La\u00e7\u0131n boyda sevincl\u0259 \u201cxo\u015f g\u0259lmisiniz\u201d\u00a0dey\u0259 bizi ev\u0259 d\u0259v\u0259t edir. Bu g\u00fcn o, h\u0259m o\u011flunun q\u0259hr\u0259manl\u0131\u011f\u0131na, m\u00fcharib\u0259d\u0259n sa\u011f qay\u0131td\u0131\u011f\u0131na, h\u0259m d\u0259 i\u015f\u011fal alt\u0131nda olan do\u011fma yurdu La\u00e7\u0131n\u0131n azadl\u0131\u011f\u0131na g\u00f6r\u0259 xo\u015fb\u0259xtdir.<\/p>\n<div id=\"AdviadNativeVideo0\" class=\"AdviadNativeVideo\"><\/div>\n<p>\u0130\u00e7\u0259ri daxil oluruq v\u0259 bu zaman q\u00fcrurlan\u0131ram, \u00e7\u00fcnki bu ev t\u0259kc\u0259 da\u015f divarlardan ibar\u0259t deyil, Qaraba\u011f\u0131 biz\u0259 qaytaran o\u011fullardan birinin b\u00f6y\u00fcy\u00fcb boya-ba\u015fa \u00e7atd\u0131\u011f\u0131 ocaqd\u0131r. Otaqlara daxil olanda g\u00f6z\u00fcm\u00fcz Talehi axtar\u0131r, ancaq atas\u0131 deyir ki, qazimiz h\u0259l\u0259 yoldad\u0131r. Biz d\u0259 o g\u0259l\u0259n\u0259 q\u0259d\u0259r atas\u0131 il\u0259 h\u0259ms\u00f6hb\u0259t oluruq. G\u00f6z ya\u015flar\u0131n\u0131 saxlaya bilm\u0259y\u0259n A.\u0130sg\u0259nd\u0259rov deyir ki, o\u011flu La\u00e7\u0131n\u0131 g\u00f6rm\u0259d\u0259n b\u00f6y\u00fcs\u0259 d\u0259, fikrind\u0259 ancaq ata-baba yurduna, o yerl\u0259r\u0259 qay\u0131tmaq olub:<\/p>\n<p>\u201cM\u00fcharib\u0259 d\u00f6vr\u00fcnd\u0259 bizd\u0259n x\u0259b\u0259rsiz yerli s\u0259f\u0259rb\u0259rlik \u015f\u00f6b\u0259sin\u0259 ged\u0259r\u0259k qeydiyyata yaz\u0131l\u0131b. \u00d6yr\u0259n\u0259nd\u0259 onu t\u0259mt\u0259raqla d\u00f6y\u00fc\u015f\u0259 yola sald\u0131q. Biz narahat olmayaq dey\u0259, d\u00f6y\u00fc\u015fd\u00fcy\u00fc yeri gizl\u0259dirdi. Ax\u0131r\u0131nc\u0131 d\u0259f\u0259 biz\u0259 z\u0259ng ed\u0259nd\u0259 F\u00fczulid\u0259 idi. Qubadl\u0131ya ged\u0259nd\u0259n sonra ondan he\u00e7 bir x\u0259b\u0259r ala bilm\u0259dik. Yaralan\u0131b A\u011fcab\u0259did\u0259 x\u0259st\u0259xanaya g\u0259l\u0259nd\u0259n sonra biz\u0259 z\u0259ng g\u0259ldi. Dedil\u0259r ki, ya\u015fay\u0131r, amma inanm\u0131rd\u0131q, d\u00fc\u015f\u00fcn\u00fcrd\u00fck ki, \u015f\u0259hid olub. \u00c7\u00fcnki \u00f6z\u00fc komada oldu\u011funa g\u00f6r\u0259, biziml\u0259 dan\u0131\u015fa bilmirdi\u201d.<\/p>\n<p><img src=\"https:\/\/cdn.oxu.az\/uploads\/W1siZiIsIjIwMjEvMTAvMjAvMTAvMzcvMzUvZDQwZDQ4NTgtY2NlZi00NGE1LWJmOTQtYjE5MGYwNjRjM2NiL2VhMzYzODJlLWRhNjUtM2ZmZi1iMzFlLTY2MWRiNGM0YjhjNC5qcGciXSxbInAiLCJlbmNvZGUiLCJqcGciLCItcXVhbGl0eSA4MCJdLFsicCIsInRodW1iIiwiNTkweDU5MFx1MDAzZSJdXQ?sha=5252fc168bad5954\" alt=\"\" \/><\/p>\n<p>Asif day\u0131 k\u00f6vr\u0259l\u0259-k\u00f6vr\u0259l\u0259 fikirl\u0259rini \u00e7atd\u0131rma\u011fa \u00e7al\u0131\u015f\u0131r. El\u0259 s\u00f6hb\u0259timizin bu yerind\u0259 qap\u0131 d\u00f6y\u00fcl\u00fcr. S\u00f6hb\u0259timiz\u0259 Talehin qap\u0131n\u0131 d\u00f6ym\u0259si il\u0259 ara veririk. \u00dcz\u00fcnd\u0259 m\u00fcharib\u0259nin b\u00fct\u00fcn izl\u0259rini da\u015f\u0131yan Talehin m\u0259\u011frur bax\u0131\u015flar\u0131 m\u0259ni d\u00fcz bir il \u0259vv\u0259l\u0259 apar\u0131r. Sevinc v\u0259 k\u0259d\u0259r dolu g\u00f6z ya\u015flar\u0131n\u0131n bir-birin\u0259 qar\u0131\u015fd\u0131\u011f\u0131 o g\u00fcnl\u0259ri xat\u0131rlay\u0131ram. M\u00fcsahib\u0259y\u0259 ba\u015flamaq \u00fc\u00e7\u00fcn \u0259yl\u0259\u015fm\u0259k ist\u0259y\u0259nd\u0259 q\u0259fil yad\u0131na n\u0259s\u0259 d\u00fc\u015f\u00fcr v\u0259 bir kitab g\u0259tir\u0259c\u0259yini dey\u0259r\u0259k otaqdan \u00e7\u0131x\u0131r. Kitab\u0131 g\u00f6r\u0259nd\u0259 bayaqdan m\u0259n\u0259 tan\u0131\u015f g\u0259l\u0259n bu o\u011flan\u0131n kim oldu\u011funu xat\u0131rlay\u0131ram. Onu m\u00fc\u0259llifi \u015f\u0259hid \u015eahg\u00fcnd\u00fcz Cabbarov olan kitab\u0131n t\u0259qdimat\u0131nda g\u00f6rm\u00fc\u015fd\u00fcm. \u015e\u0259hidin d\u00f6y\u00fc\u015f yolda\u015flar\u0131 il\u0259 bir s\u0131rada \u0259yl\u0259\u015fmi\u015fdi.<\/p>\n<p>T.\u0130sg\u0259nd\u0259rli 1996-c\u0131 ild\u0259 Bak\u0131da anadan olub v\u0259 orta t\u0259hslini d\u0259 burada al\u0131b. 2014-c\u00fc ild\u0259 h\u0259qiqi h\u0259rbi xidm\u0259td\u0259 olub. 2020-ci il oktyabr\u0131n 1-d\u0259 La\u00e7\u0131n h\u0259rbi komissarl\u0131\u011f\u0131na m\u00fcraci\u0259t ed\u0259r\u0259k k\u00f6n\u00fcll\u00fc \u015f\u0259kild\u0259 V\u0259t\u0259n m\u00fcharib\u0259sin\u0259 yollan\u0131b. D\u00f6y\u00fc\u015fl\u0259rin ilk g\u00fcn\u00fcnd\u0259n c\u0259bh\u0259nin F\u00fczuli, Xocav\u0259nd, C\u0259bray\u0131l v\u0259 Qubadl\u0131 istiqam\u0259tind\u0259 ged\u0259n d\u00f6y\u00fc\u015fl\u0259rd\u0259 i\u015ftirak edib. Oktyabr\u0131n 20-si Qubadl\u0131 rayonu u\u011frunda ged\u0259n d\u00f6y\u00fc\u015fl\u0259rd\u0259 a\u00e7\u0131q k\u0259ll\u0259-beyin travmas\u0131 al\u0131b. 10 g\u00fcn komada olan Talehin boyun nahiy\u0259sind\u0259ki q\u0259lp\u0259l\u0259rd\u0259n biri \u00e7\u0131xar\u0131lsa da, dig\u0259ri m\u00fcharib\u0259nin ac\u0131 xatir\u0259si olaraq onunla qal\u0131b.<\/p>\n<p>Az\u0259rbaycan Prezidenti, Ali Ba\u015f Komandan \u0130lham \u018fliyevin m\u00fcvafiq s\u0259r\u0259ncamlar\u0131 il\u0259, T.\u0130sg\u0259nd\u0259rli \u201cF\u00fczulinin azad olunmas\u0131na g\u00f6r\u0259\u201d, \u201cC\u0259bray\u0131l\u0131n azad olunmas\u0131na g\u00f6r\u0259\u201d, \u201cXocav\u0259ndin azad olunmas\u0131na g\u00f6r\u0259\u201d, \u201cQubadl\u0131n\u0131n azad olunmas\u0131na g\u00f6r\u0259\u201d\u00a0v\u0259 \u201cC\u0259sur d\u00f6y\u00fc\u015f\u00e7\u00fc\u201d\u00a0medallar\u0131 il\u0259 t\u0259ltif olunub. O, torpaqlar\u0131m\u0131z\u0131n i\u015f\u011faldan azad edilm\u0259si u\u011frunda apar\u0131lan d\u00f6y\u00fc\u015f \u0259m\u0259liyyatlar\u0131nda i\u015ftirak ed\u0259r\u0259k \u015f\u0259xsi igidlik v\u0259 \u015f\u00fcca\u0259t n\u00fcmayi\u015f etdirdiyin\u0259 g\u00f6r\u0259 t\u0259ltif edilib.<\/p>\n<p>Taleh deyir ki, m\u00fcharib\u0259 zaman\u0131 h\u0259r k\u0259s xalq\u0131m\u0131z\u0131n birliyini g\u00f6rd\u00fc:<\/p>\n<p>\u201cD\u00f6y\u00fc\u015fd\u0259 d\u0259 r\u00fctb\u0259 f\u0259rqi yox idi. Ham\u0131 bir-biri il\u0259 qarda\u015f idi. M\u0259nim day\u0131m da 54 g\u00fcn La\u00e7\u0131nda m\u00fchasir\u0259d\u0259 qal\u0131b v\u0259 sa\u011f-salamat geri qay\u0131d\u0131b. M\u0259n d\u0259 onun yolunu getdim. \u015e\u0259hidlik uca zirv\u0259dir, ancaq he\u00e7 vaxt \u015f\u0259hid olmaq v\u0259 ya yaralanmaq bar\u0259d\u0259 d\u00fc\u015f\u00fcnm\u00fcrd\u00fcm. \u00c7\u00fcnki m\u0259n yaralansam v\u0259 ya \u015f\u0259hid olsam, m\u0259n\u0259 g\u00f6r\u0259 bir ne\u00e7\u0259 n\u0259f\u0259r d\u00f6y\u00fc\u015f meydan\u0131ndan k\u0259narla\u015fmal\u0131 olacaqd\u0131. Ancaq Qubadl\u0131da ged\u0259n q\u0131z\u011f\u0131n d\u00f6y\u00fc\u015fl\u0259rd\u0259 yaraland\u0131m. M\u0259ni d\u00f6y\u00fc\u015f meydan\u0131ndan \u00e7\u0131xaran yolda\u015flara minn\u0259tdaram. Bu g\u00fcn burada oturmu\u015famsa, bu, onlar\u0131n say\u0259sind\u0259dir. Birg\u0259 d\u00f6y\u00fc\u015fd\u00fcy\u00fcm yolda\u015flar\u0131mdan \u00e7oxu \u015f\u0259hid oldu, bu da m\u0259ni xeyli sars\u0131td\u0131. \u0130ndi burada ya\u015fasam da, \u00f6z\u00fcm\u00fc he\u00e7 vaxt buraya aid hiss etm\u0259mi\u015f\u0259m. Ya\u015fad\u0131\u011f\u0131m ev Bak\u0131da olsa da, m\u0259nim evim o da\u011flar\u0131n qoynunda, La\u00e7\u0131ndad\u0131r\u201d.<\/p>\n<p><img src=\"https:\/\/cdn.oxu.az\/uploads\/W1siZiIsIjIwMjEvMTAvMjAvMTAvMzcvMzUvY2Q0ZThmY2EtNWJiOS00MTQyLTg1Y2EtNmZlNjg4OTQ0MzBkLzA3OTc3OTk1LWJkZWQtM2JmNi1hMDFjLTBjYjI2NGQwZDI2YS5qcGciXSxbInAiLCJlbmNvZGUiLCJqcGciLCItcXVhbGl0eSA4MCJdLFsicCIsInRodW1iIiwiNTkweDU5MFx1MDAzZSJdXQ?sha=8d718cd7eb7e9aab\" alt=\"\" \/><\/p>\n<p>Qazimizin anas\u0131 G\u00fclay\u0259 \u0130sg\u0259nd\u0259rova bildirir ki, m\u00fcharib\u0259nin ba\u015flamas\u0131 v\u0259 orada \u015f\u0259hid olanlar\u0131n x\u0259b\u0259rind\u0259n sonra Talehi he\u00e7 bir q\u00fcvv\u0259 burada saxlaya bilm\u0259zdi:<\/p>\n<p>\u201cDedi ki, m\u0259n orada olmal\u0131yam, d\u00f6y\u00fc\u015f\u0259 gedir\u0259m. D\u00f6y\u00fc\u015fd\u0259 oldu\u011fu m\u00fcdd\u0259td\u0259 he\u00e7 vaxt onun \u015f\u0259hid olaca\u011f\u0131n\u0131 d\u00fc\u015f\u00fcnm\u00fcrd\u00fcm. Bilirdim ki, o\u011flum sa\u011f-salamat qay\u0131dacaq. \u00c7\u00fcnki tez-tez m\u0259n\u0259 deyirdil\u0259r ki, Talehi \u00f6n c\u0259bh\u0259y\u0259 g\u00f6nd\u0259rm\u0259yibl\u0259r, o, arxa c\u0259bh\u0259d\u0259 k\u00f6m\u0259k edir. M\u0259n d\u0259 inan\u0131rd\u0131m. Haradan bil\u0259rdim ki, Taleh el\u0259 \u0259n \u00f6nd\u0259 ged\u0259nl\u0259rd\u0259ndir. Taleh ki\u00e7ik ya\u015flar\u0131ndan v\u0259t\u0259np\u0259rv\u0259r olub. H\u0259l\u0259 3-4 ya\u015f\u0131ndan d\u00f6y\u00fc\u015f h\u0259v\u0259sind\u0259 idi. Bu h\u0259v\u0259sin\u0259 g\u00f6r\u0259, xalas\u0131 onun \u00fc\u00e7\u00fcn h\u0259rbi paltar tikmi\u015fdi\u201d.<\/p>\n<p>Sonra \u00e7ay s\u00fcfr\u0259si arxas\u0131nda \u0259yl\u0259\u015fib s\u00f6hb\u0259t edirik. Haqq\u0131nda dan\u0131\u015f\u0131lan m\u00f6vzular o q\u0259d\u0259r \u0259ziz v\u0259 do\u011fmad\u0131r ki, diqq\u0259tl\u0259 qulaq as\u0131r, maraql\u0131 bildiyim suallar\u0131ma cavab \u00f6yr\u0259nir\u0259m. H\u0259k\u0259ri \u00e7ay\u0131ndan, La\u00e7\u0131n d\u0259hlizind\u0259n dan\u0131\u015f\u0131r\u0131q. Asif b\u0259y o yerl\u0259rd\u0259n dan\u0131\u015fd\u0131qca h\u0259r d\u0259f\u0259 k\u00f6vr\u0259lir. S\u00f6hb\u0259t zaman\u0131 operatorumuz Talehd\u0259n soru\u015fur:<\/p>\n<p>\u201cQarda\u015f, siz A\u011fdamda d\u00f6y\u00fc\u015fm\u0259misiniz ki?\u201d\u00a0Qazinin \u201cyox\u201d\u00a0cavab\u0131ndan sonra, g\u00fcl\u00fcms\u0259y\u0259r\u0259k, \u201cbizim m\u00fcxbir xan\u0131m da a\u011fdaml\u0131d\u0131r, ona g\u00f6r\u0259 soru\u015fdum\u201d\u00a0deyir. Bunu e\u015fid\u0259n Asif b\u0259y sevinc dolu bax\u0131\u015flarla m\u0259n\u0259 t\u0259r\u0259f bax\u0131r, \u201cg\u0259l, ellim, burada \u0259yl\u0259\u015f\u201d\u00a0dey\u0259 yan\u0131na \u00e7a\u011f\u0131r\u0131r. Bu do\u011fma xitab m\u0259ni yenid\u0259n d\u00fc\u015f\u00fcnm\u0259y\u0259 vadar edir. Fikirl\u0259\u015fir\u0259m, b\u0259lk\u0259, Qaraba\u011f he\u00e7 i\u015f\u011fal olunmasa idi, indi biz \u00f6z torpaqlar\u0131m\u0131zda m\u0259clisl\u0259rd\u0259 y\u0131\u011f\u0131\u015fard\u0131q. Haradasa el-oba s\u00f6zl\u0259rini e\u015fid\u0259nd\u0259 bu q\u0259d\u0259r k\u00f6vr\u0259lm\u0259zdik.<\/p>\n<p>T.\u0130sg\u0259nd\u0259rlinin s\u00f6yl\u0259diyi kimi, biz ill\u0259rdir o da\u011flara qay\u0131tma\u011f\u0131n h\u0259sr\u0259tind\u0259 idik. Torpaqlar\u0131m\u0131z\u0131 da Qaraba\u011fa \u0259b\u0259di qay\u0131tmaq, orada ya\u015famaq, b\u00fct\u00fcn xo\u015f g\u00fcnl\u0259rimizi orada qeyd etm\u0259k \u00fc\u00e7\u00fcn azad etmi\u015fik. Sa\u011folla\u015fanda Asif b\u0259y bizi \u201cQaraba\u011fda s\u00fcfr\u0259 ba\u015f\u0131nda g\u00f6r\u00fc\u015f\u0259n\u0259d\u0259k\u201d, &#8211; dey\u0259 yola sal\u0131r. Bir il \u0259vv\u0259l e\u015fits\u0259k, k\u0259d\u0259rl\u0259n\u0259c\u0259yimiz bu c\u00fcml\u0259l\u0259r\u0259 inamla, bir a\u011f\u0131zdan \u201cAmin\u201d\u00a0deyirik v\u0259 da\u011flarda g\u00f6r\u00fc\u015f\u0259n\u0259 q\u0259d\u0259r onlarla sa\u011folla\u015f\u0131r\u0131q.<\/p>\n<div><iframe loading=\"lazy\" title=\"YouTube video player\" src=\"https:\/\/www.youtube.com\/embed\/ZZM7Z2SB8Oc\" width=\"560\" height=\"315\" frameborder=\"0\" allowfullscreen=\"allowfullscreen\" data-mce-fragment=\"1\"><\/iframe><\/div>\n<\/div>\n<\/article>\n<h2 class=\"news-share-title\"><\/h2>\n","protected":false},"excerpt":{"rendered":"<p>O, m\u00fcharib\u0259y\u0259 k\u00f6n\u00fcll\u00fc gedib, torpaqlar\u0131m\u0131z\u0131n azadl\u0131\u011f\u0131 u\u011frunda \u015fidd\u0259tli d\u00f6y\u00fc\u015fl\u0259rd\u0259 i\u015ftirak edib, a\u011f\u0131r yaralan\u0131b, on g\u00fcn komada qal\u0131b v\u0259 be\u015f medalla t\u0259ltif olunub. S\u00f6hb\u0259t V\u0259t\u0259n m\u00fcharib\u0259si qazisi, c\u0259sur d\u00f6y\u00fc\u015f\u00e7\u00fc Taleh \u0130sg\u0259nd\u0259rlid\u0259n gedir. ARANTV.AZ\u00a0 x\u0259b\u0259r verir ki, T.\u0130sg\u0259nd\u0259rli \u0259sl\u0259n La\u00e7\u0131n rayonunun O\u011fuld\u0259r\u0259 k\u0259ndind\u0259ndir, haz\u0131rda ail\u0259si il\u0259 birlikd\u0259 Bak\u0131n\u0131n Bin\u0259 q\u0259s\u0259b\u0259sind\u0259 m\u0259skunla\u015f\u0131b. Qazi il\u0259 m\u00fcsahib\u0259 \u00fc\u00e7\u00fcn evl\u0259rin\u0259 yollan\u0131r\u0131q. Bizi Talehin atas\u0131 Asif \u0130sg\u0259nd\u0259rov qar\u015f\u0131lay\u0131r. \u00dcz\u00fcnd\u0259 La\u00e7\u0131n boyda sevincl\u0259 \u201cxo\u015f g\u0259lmisiniz\u201d\u00a0dey\u0259 bizi ev\u0259 d\u0259v\u0259t edir. Bu g\u00fcn o, h\u0259m o\u011flunun q\u0259hr\u0259manl\u0131\u011f\u0131na, m\u00fcharib\u0259d\u0259n sa\u011f qay\u0131td\u0131\u011f\u0131na, h\u0259m d\u0259 i\u015f\u011fal alt\u0131nda olan do\u011fma yurdu La\u00e7\u0131n\u0131n azadl\u0131\u011f\u0131na g\u00f6r\u0259&hellip;<\/p>\n","protected":false},"author":2,"featured_media":393315,"comment_status":"closed","ping_status":"closed","sticky":false,"template":"","format":"standard","meta":{"om_disable_all_campaigns":false,"_monsterinsights_skip_tracking":false,"_monsterinsights_sitenote_active":false,"_monsterinsights_sitenote_note":"","_monsterinsights_sitenote_category":0},"categories":[26],"tags":[],"aioseo_notices":[],"gutentor_comment":0,"rttpg_featured_image_url":{"full":["https:\/\/arantv.az\/wp-content\/uploads\/2021\/10\/FotoJet-2021-10-20T104221.498.jpg",620,413,false],"landscape":["https:\/\/arantv.az\/wp-content\/uploads\/2021\/10\/FotoJet-2021-10-20T104221.498.jpg",620,413,false],"portraits":["https:\/\/arantv.az\/wp-content\/uploads\/2021\/10\/FotoJet-2021-10-20T104221.498.jpg",620,413,false],"thumbnail":["https:\/\/arantv.az\/wp-content\/uploads\/2021\/10\/FotoJet-2021-10-20T104221.498-500x280.jpg",500,280,true],"medium":["https:\/\/arantv.az\/wp-content\/uploads\/2021\/10\/FotoJet-2021-10-20T104221.498-548x365.jpg",548,365,true],"large":["https:\/\/arantv.az\/wp-content\/uploads\/2021\/10\/FotoJet-2021-10-20T104221.498.jpg",620,413,false],"1536x1536":["https:\/\/arantv.az\/wp-content\/uploads\/2021\/10\/FotoJet-2021-10-20T104221.498.jpg",620,413,false],"2048x2048":["https:\/\/arantv.az\/wp-content\/uploads\/2021\/10\/FotoJet-2021-10-20T104221.498.jpg",620,413,false],"post-thumbnail":["https:\/\/arantv.az\/wp-content\/uploads\/2021\/10\/FotoJet-2021-10-20T104221.498-240x172.jpg",240,172,true],"advps-thumb-one":["https:\/\/arantv.az\/wp-content\/uploads\/2021\/10\/FotoJet-2021-10-20T104221.498.jpg",620,413,false]},"rttpg_author":{"display_name":"V\u00fcsal Rafiqo\u011flu","author_link":"https:\/\/arantv.az\/?author=2"},"rttpg_comment":0,"rttpg_category":"<a href=\"https:\/\/arantv.az\/?cat=26\" rel=\"category\">Sosial<\/a>","rttpg_excerpt":"O, m\u00fcharib\u0259y\u0259 k\u00f6n\u00fcll\u00fc gedib, torpaqlar\u0131m\u0131z\u0131n azadl\u0131\u011f\u0131 u\u011frunda \u015fidd\u0259tli d\u00f6y\u00fc\u015fl\u0259rd\u0259 i\u015ftirak edib, a\u011f\u0131r yaralan\u0131b, on g\u00fcn komada qal\u0131b v\u0259 be\u015f medalla t\u0259ltif olunub. S\u00f6hb\u0259t V\u0259t\u0259n m\u00fcharib\u0259si qazisi, c\u0259sur d\u00f6y\u00fc\u015f\u00e7\u00fc Taleh \u0130sg\u0259nd\u0259rlid\u0259n gedir. ARANTV.AZ\u00a0 x\u0259b\u0259r verir ki, T.\u0130sg\u0259nd\u0259rli \u0259sl\u0259n La\u00e7\u0131n rayonunun O\u011fuld\u0259r\u0259 k\u0259ndind\u0259ndir, haz\u0131rda ail\u0259si il\u0259 birlikd\u0259 Bak\u0131n\u0131n Bin\u0259 q\u0259s\u0259b\u0259sind\u0259 m\u0259skunla\u015f\u0131b. Qazi il\u0259 m\u00fcsahib\u0259 \u00fc\u00e7\u00fcn evl\u0259rin\u0259 yollan\u0131r\u0131q.&hellip;","_links":{"self":[{"href":"https:\/\/arantv.az\/index.php?rest_route=\/wp\/v2\/posts\/393314"}],"collection":[{"href":"https:\/\/arantv.az\/index.php?rest_route=\/wp\/v2\/posts"}],"about":[{"href":"https:\/\/arantv.az\/index.php?rest_route=\/wp\/v2\/types\/post"}],"author":[{"embeddable":true,"href":"https:\/\/arantv.az\/index.php?rest_route=\/wp\/v2\/users\/2"}],"replies":[{"embeddable":true,"href":"https:\/\/arantv.az\/index.php?rest_route=%2Fwp%2Fv2%2Fcomments&post=393314"}],"version-history":[{"count":0,"href":"https:\/\/arantv.az\/index.php?rest_route=\/wp\/v2\/posts\/393314\/revisions"}],"wp:featuredmedia":[{"embeddable":true,"href":"https:\/\/arantv.az\/index.php?rest_route=\/wp\/v2\/media\/393315"}],"wp:attachment":[{"href":"https:\/\/arantv.az\/index.php?rest_route=%2Fwp%2Fv2%2Fmedia&parent=393314"}],"wp:term":[{"taxonomy":"category","embeddable":true,"href":"https:\/\/arantv.az\/index.php?rest_route=%2Fwp%2Fv2%2Fcategories&post=393314"},{"taxonomy":"post_tag","embeddable":true,"href":"https:\/\/arantv.az\/index.php?rest_route=%2Fwp%2Fv2%2Ftags&post=393314"}],"curies":[{"name":"wp","href":"https:\/\/api.w.org\/{rel}","templated":true}]}}