{"id":393317,"date":"2021-10-20T15:25:26","date_gmt":"2021-10-20T12:25:26","guid":{"rendered":"http:\/\/arantv.az\/?p=393317"},"modified":"2021-10-20T15:25:26","modified_gmt":"2021-10-20T12:25:26","slug":"az%c9%99rbaycan-xorvatiyadan-minat%c9%99mizl%c9%99m%c9%99-avadanliqlari-alib","status":"publish","type":"post","link":"https:\/\/arantv.az\/?p=393317","title":{"rendered":"Az\u0259rbaycan Xorvatiyadan minat\u0259mizl\u0259m\u0259 avadanl\u0131qlar\u0131 al\u0131b"},"content":{"rendered":"<p>\u201cM\u0259mnunluq hissi il\u0259 onu qeyd etm\u0259k ist\u0259y\u0259rdim ki, art\u0131q Xorvatiya Respublikas\u0131 il\u0259 minat\u0259mizl\u0259m\u0259 sah\u0259sind\u0259 \u0259m\u0259li i\u015fl\u0259r h\u0259yata ke\u00e7irilir\u201d.<\/p>\n<div id=\"AdviadNativeVideo0\" class=\"AdviadNativeVideo\"><\/div>\n<p><strong>ARANTV.AZ\u00a0<\/strong> x\u0259b\u0259r verir ki, bunu xarici i\u015fl\u0259r naziri Ceyhun Bayramov Az\u0259rbaycanda s\u0259f\u0259rd\u0259 olan Xorvatiyan\u0131n xarici v\u0259 Avropa i\u015fl\u0259ri \u00fczr\u0259 naziri Qordan Grli\u00e7 Radmanla birg\u0259 ke\u00e7irdiyi m\u0259tbuat konfrans\u0131nda deyib.<\/p>\n<p>\u201cXorvatiyadan m\u00fcvafiq avadanl\u0131qlar sifari\u015f edilir v\u0259 onlar Az\u0259rbaycana \u00e7atd\u0131r\u0131l\u0131r. Bu sah\u0259d\u0259 m\u00f6vcud t\u0259cr\u00fcb\u0259l\u0259rd\u0259n faydalanmaq m\u0259s\u0259l\u0259l\u0259ri il\u0259 ba\u011fl\u0131 fikir m\u00fcbadil\u0259si h\u0259yata ke\u00e7irdik\u201d, &#8211; o bildirib.<\/p>\n","protected":false},"excerpt":{"rendered":"<p>\u201cM\u0259mnunluq hissi il\u0259 onu qeyd etm\u0259k ist\u0259y\u0259rdim ki, art\u0131q Xorvatiya Respublikas\u0131 il\u0259 minat\u0259mizl\u0259m\u0259 sah\u0259sind\u0259 \u0259m\u0259li i\u015fl\u0259r h\u0259yata ke\u00e7irilir\u201d. ARANTV.AZ\u00a0 x\u0259b\u0259r verir ki, bunu xarici i\u015fl\u0259r naziri Ceyhun Bayramov Az\u0259rbaycanda s\u0259f\u0259rd\u0259 olan Xorvatiyan\u0131n xarici v\u0259 Avropa i\u015fl\u0259ri \u00fczr\u0259 naziri Qordan Grli\u00e7 Radmanla birg\u0259 ke\u00e7irdiyi m\u0259tbuat konfrans\u0131nda deyib. \u201cXorvatiyadan m\u00fcvafiq avadanl\u0131qlar sifari\u015f edilir v\u0259 onlar Az\u0259rbaycana \u00e7atd\u0131r\u0131l\u0131r. Bu sah\u0259d\u0259 m\u00f6vcud t\u0259cr\u00fcb\u0259l\u0259rd\u0259n faydalanmaq m\u0259s\u0259l\u0259l\u0259ri il\u0259 ba\u011fl\u0131 fikir m\u00fcbadil\u0259si h\u0259yata ke\u00e7irdik\u201d, &#8211; o bildirib.<\/p>\n","protected":false},"author":2,"featured_media":374923,"comment_status":"closed","ping_status":"closed","sticky":false,"template":"","format":"standard","meta":{"om_disable_all_campaigns":false,"_monsterinsights_skip_tracking":false,"_monsterinsights_sitenote_active":false,"_monsterinsights_sitenote_note":"","_monsterinsights_sitenote_category":0},"categories":[26],"tags":[],"aioseo_notices":[],"gutentor_comment":0,"rttpg_featured_image_url":{"full":["https:\/\/arantv.az\/wp-content\/uploads\/2021\/09\/mina_27476.jpg",750,499,false],"landscape":["https:\/\/arantv.az\/wp-content\/uploads\/2021\/09\/mina_27476.jpg",750,499,false],"portraits":["https:\/\/arantv.az\/wp-content\/uploads\/2021\/09\/mina_27476.jpg",750,499,false],"thumbnail":["https:\/\/arantv.az\/wp-content\/uploads\/2021\/09\/mina_27476-500x280.jpg",500,280,true],"medium":["https:\/\/arantv.az\/wp-content\/uploads\/2021\/09\/mina_27476-549x365.jpg",549,365,true],"large":["https:\/\/arantv.az\/wp-content\/uploads\/2021\/09\/mina_27476.jpg",640,426,false],"1536x1536":["https:\/\/arantv.az\/wp-content\/uploads\/2021\/09\/mina_27476.jpg",750,499,false],"2048x2048":["https:\/\/arantv.az\/wp-content\/uploads\/2021\/09\/mina_27476.jpg",750,499,false],"post-thumbnail":["https:\/\/arantv.az\/wp-content\/uploads\/2021\/09\/mina_27476-240x172.jpg",240,172,true],"advps-thumb-one":["https:\/\/arantv.az\/wp-content\/uploads\/2021\/09\/mina_27476.jpg",750,499,false]},"rttpg_author":{"display_name":"V\u00fcsal Rafiqo\u011flu","author_link":"https:\/\/arantv.az\/?author=2"},"rttpg_comment":0,"rttpg_category":"<a href=\"https:\/\/arantv.az\/?cat=26\" rel=\"category\">Sosial<\/a>","rttpg_excerpt":"\u201cM\u0259mnunluq hissi il\u0259 onu qeyd etm\u0259k ist\u0259y\u0259rdim ki, art\u0131q Xorvatiya Respublikas\u0131 il\u0259 minat\u0259mizl\u0259m\u0259 sah\u0259sind\u0259 \u0259m\u0259li i\u015fl\u0259r h\u0259yata ke\u00e7irilir\u201d. ARANTV.AZ\u00a0 x\u0259b\u0259r verir ki, bunu xarici i\u015fl\u0259r naziri Ceyhun Bayramov Az\u0259rbaycanda s\u0259f\u0259rd\u0259 olan Xorvatiyan\u0131n xarici v\u0259 Avropa i\u015fl\u0259ri \u00fczr\u0259 naziri Qordan Grli\u00e7 Radmanla birg\u0259 ke\u00e7irdiyi m\u0259tbuat konfrans\u0131nda deyib. \u201cXorvatiyadan m\u00fcvafiq avadanl\u0131qlar sifari\u015f edilir v\u0259 onlar Az\u0259rbaycana \u00e7atd\u0131r\u0131l\u0131r.&hellip;","_links":{"self":[{"href":"https:\/\/arantv.az\/index.php?rest_route=\/wp\/v2\/posts\/393317"}],"collection":[{"href":"https:\/\/arantv.az\/index.php?rest_route=\/wp\/v2\/posts"}],"about":[{"href":"https:\/\/arantv.az\/index.php?rest_route=\/wp\/v2\/types\/post"}],"author":[{"embeddable":true,"href":"https:\/\/arantv.az\/index.php?rest_route=\/wp\/v2\/users\/2"}],"replies":[{"embeddable":true,"href":"https:\/\/arantv.az\/index.php?rest_route=%2Fwp%2Fv2%2Fcomments&post=393317"}],"version-history":[{"count":0,"href":"https:\/\/arantv.az\/index.php?rest_route=\/wp\/v2\/posts\/393317\/revisions"}],"wp:featuredmedia":[{"embeddable":true,"href":"https:\/\/arantv.az\/index.php?rest_route=\/wp\/v2\/media\/374923"}],"wp:attachment":[{"href":"https:\/\/arantv.az\/index.php?rest_route=%2Fwp%2Fv2%2Fmedia&parent=393317"}],"wp:term":[{"taxonomy":"category","embeddable":true,"href":"https:\/\/arantv.az\/index.php?rest_route=%2Fwp%2Fv2%2Fcategories&post=393317"},{"taxonomy":"post_tag","embeddable":true,"href":"https:\/\/arantv.az\/index.php?rest_route=%2Fwp%2Fv2%2Ftags&post=393317"}],"curies":[{"name":"wp","href":"https:\/\/api.w.org\/{rel}","templated":true}]}}