{"id":393319,"date":"2021-10-20T15:26:33","date_gmt":"2021-10-20T12:26:33","guid":{"rendered":"http:\/\/arantv.az\/?p=393319"},"modified":"2021-10-20T15:26:33","modified_gmt":"2021-10-20T12:26:33","slug":"din-d%c9%99-yuks%c9%99k-v%c9%99zif%c9%99y%c9%99-t%c9%99yinat","status":"publish","type":"post","link":"https:\/\/arantv.az\/?p=393319","title":{"rendered":"D\u0130N-d\u0259 y\u00fcks\u0259k v\u0259zif\u0259y\u0259 T\u018fY\u0130NAT"},"content":{"rendered":"<p>Daxili i\u015fl\u0259r orqanlar\u0131nda kadr d\u0259yi\u015fikliyi olub.<\/p>\n<p><strong>ARANTV.AZ <\/strong>-\u0131n m\u0259lumat\u0131na g\u00f6r\u0259, bu bar\u0259d\u0259 daxili i\u015fl\u0259r naziri, general-polkovnik Vilay\u0259t Eyvazov m\u00fcvafiq \u0259mr imzalay\u0131b.<\/p>\n<p>\u018fmr\u0259 \u0259sas\u0259n, polis kapitan\u0131\u00a0S\u0259ttar \u018fliyev Daxili \u0130\u015fl\u0259r Nazirliyinin Ba\u015f Narkotikl\u0259rl\u0259 M\u00fcbariz\u0259 \u0130dar\u0259sin\u0259 \u015f\u00f6b\u0259 r\u0259isi t\u0259yin edilib.<\/p>\n<div id=\"AdviadNativeVideo0\" class=\"AdviadNativeVideo\"><\/div>\n<p>O, bu t\u0259yinata q\u0259d\u0259r h\u0259min idar\u0259d\u0259 ba\u015f \u0259m\u0259liyyat m\u00fcv\u0259kkili kimi \u00e7al\u0131\u015f\u0131b.<\/p>\n<p>Qeyd ed\u0259k ki, bir m\u00fcdd\u0259t \u0259vv\u0259l Ba\u015f Narkotikl\u0259rl\u0259 M\u00fcbariz\u0259 \u0130dar\u0259sinin \u015f\u00f6b\u0259 r\u0259isi, polis polkovniki Mahir M\u0259mm\u0259dov v\u0259zif\u0259sind\u0259n azad edil\u0259r\u0259k,\u00a0h\u0259min idar\u0259nin r\u0259is m\u00fcavini t\u0259yin edilib.<\/p>\n","protected":false},"excerpt":{"rendered":"<p>Daxili i\u015fl\u0259r orqanlar\u0131nda kadr d\u0259yi\u015fikliyi olub. ARANTV.AZ -\u0131n m\u0259lumat\u0131na g\u00f6r\u0259, bu bar\u0259d\u0259 daxili i\u015fl\u0259r naziri, general-polkovnik Vilay\u0259t Eyvazov m\u00fcvafiq \u0259mr imzalay\u0131b. \u018fmr\u0259 \u0259sas\u0259n, polis kapitan\u0131\u00a0S\u0259ttar \u018fliyev Daxili \u0130\u015fl\u0259r Nazirliyinin Ba\u015f Narkotikl\u0259rl\u0259 M\u00fcbariz\u0259 \u0130dar\u0259sin\u0259 \u015f\u00f6b\u0259 r\u0259isi t\u0259yin edilib. O, bu t\u0259yinata q\u0259d\u0259r h\u0259min idar\u0259d\u0259 ba\u015f \u0259m\u0259liyyat m\u00fcv\u0259kkili kimi \u00e7al\u0131\u015f\u0131b. Qeyd ed\u0259k ki, bir m\u00fcdd\u0259t \u0259vv\u0259l Ba\u015f Narkotikl\u0259rl\u0259 M\u00fcbariz\u0259 \u0130dar\u0259sinin \u015f\u00f6b\u0259 r\u0259isi, polis polkovniki Mahir M\u0259mm\u0259dov v\u0259zif\u0259sind\u0259n azad edil\u0259r\u0259k,\u00a0h\u0259min idar\u0259nin r\u0259is m\u00fcavini t\u0259yin edilib.<\/p>\n","protected":false},"author":2,"featured_media":379846,"comment_status":"closed","ping_status":"closed","sticky":false,"template":"","format":"standard","meta":{"om_disable_all_campaigns":false,"_monsterinsights_skip_tracking":false,"_monsterinsights_sitenote_active":false,"_monsterinsights_sitenote_note":"","_monsterinsights_sitenote_category":0},"categories":[26],"tags":[],"aioseo_notices":[],"gutentor_comment":0,"rttpg_featured_image_url":{"full":["https:\/\/arantv.az\/wp-content\/uploads\/2021\/09\/1631967853polis-1.jpg",550,320,false],"landscape":["https:\/\/arantv.az\/wp-content\/uploads\/2021\/09\/1631967853polis-1.jpg",550,320,false],"portraits":["https:\/\/arantv.az\/wp-content\/uploads\/2021\/09\/1631967853polis-1.jpg",550,320,false],"thumbnail":["https:\/\/arantv.az\/wp-content\/uploads\/2021\/09\/1631967853polis-1-500x280.jpg",500,280,true],"medium":["https:\/\/arantv.az\/wp-content\/uploads\/2021\/09\/1631967853polis-1.jpg",550,320,false],"large":["https:\/\/arantv.az\/wp-content\/uploads\/2021\/09\/1631967853polis-1.jpg",550,320,false],"1536x1536":["https:\/\/arantv.az\/wp-content\/uploads\/2021\/09\/1631967853polis-1.jpg",550,320,false],"2048x2048":["https:\/\/arantv.az\/wp-content\/uploads\/2021\/09\/1631967853polis-1.jpg",550,320,false],"post-thumbnail":["https:\/\/arantv.az\/wp-content\/uploads\/2021\/09\/1631967853polis-1-240x172.jpg",240,172,true],"advps-thumb-one":["https:\/\/arantv.az\/wp-content\/uploads\/2021\/09\/1631967853polis-1.jpg",550,320,false]},"rttpg_author":{"display_name":"V\u00fcsal Rafiqo\u011flu","author_link":"https:\/\/arantv.az\/?author=2"},"rttpg_comment":0,"rttpg_category":"<a href=\"https:\/\/arantv.az\/?cat=26\" rel=\"category\">Sosial<\/a>","rttpg_excerpt":"Daxili i\u015fl\u0259r orqanlar\u0131nda kadr d\u0259yi\u015fikliyi olub. ARANTV.AZ -\u0131n m\u0259lumat\u0131na g\u00f6r\u0259, bu bar\u0259d\u0259 daxili i\u015fl\u0259r naziri, general-polkovnik Vilay\u0259t Eyvazov m\u00fcvafiq \u0259mr imzalay\u0131b. \u018fmr\u0259 \u0259sas\u0259n, polis kapitan\u0131\u00a0S\u0259ttar \u018fliyev Daxili \u0130\u015fl\u0259r Nazirliyinin Ba\u015f Narkotikl\u0259rl\u0259 M\u00fcbariz\u0259 \u0130dar\u0259sin\u0259 \u015f\u00f6b\u0259 r\u0259isi t\u0259yin edilib. O, bu t\u0259yinata q\u0259d\u0259r h\u0259min idar\u0259d\u0259 ba\u015f \u0259m\u0259liyyat m\u00fcv\u0259kkili kimi \u00e7al\u0131\u015f\u0131b. Qeyd ed\u0259k ki, bir m\u00fcdd\u0259t \u0259vv\u0259l Ba\u015f&hellip;","_links":{"self":[{"href":"https:\/\/arantv.az\/index.php?rest_route=\/wp\/v2\/posts\/393319"}],"collection":[{"href":"https:\/\/arantv.az\/index.php?rest_route=\/wp\/v2\/posts"}],"about":[{"href":"https:\/\/arantv.az\/index.php?rest_route=\/wp\/v2\/types\/post"}],"author":[{"embeddable":true,"href":"https:\/\/arantv.az\/index.php?rest_route=\/wp\/v2\/users\/2"}],"replies":[{"embeddable":true,"href":"https:\/\/arantv.az\/index.php?rest_route=%2Fwp%2Fv2%2Fcomments&post=393319"}],"version-history":[{"count":0,"href":"https:\/\/arantv.az\/index.php?rest_route=\/wp\/v2\/posts\/393319\/revisions"}],"wp:featuredmedia":[{"embeddable":true,"href":"https:\/\/arantv.az\/index.php?rest_route=\/wp\/v2\/media\/379846"}],"wp:attachment":[{"href":"https:\/\/arantv.az\/index.php?rest_route=%2Fwp%2Fv2%2Fmedia&parent=393319"}],"wp:term":[{"taxonomy":"category","embeddable":true,"href":"https:\/\/arantv.az\/index.php?rest_route=%2Fwp%2Fv2%2Fcategories&post=393319"},{"taxonomy":"post_tag","embeddable":true,"href":"https:\/\/arantv.az\/index.php?rest_route=%2Fwp%2Fv2%2Ftags&post=393319"}],"curies":[{"name":"wp","href":"https:\/\/api.w.org\/{rel}","templated":true}]}}