{"id":393354,"date":"2021-10-20T15:42:03","date_gmt":"2021-10-20T12:42:03","guid":{"rendered":"http:\/\/arantv.az\/?p=393354"},"modified":"2021-10-20T15:42:03","modified_gmt":"2021-10-20T12:42:03","slug":"s%c9%99hid-m%c9%99zari-basinda-anildi-video","status":"publish","type":"post","link":"https:\/\/arantv.az\/?p=393354","title":{"rendered":"\u015e\u0259hid m\u0259zar\u0131 ba\u015f\u0131nda an\u0131ld\u0131 &#8211; V\u0130DEO"},"content":{"rendered":"<p>44 g\u00fcnl\u00fck V\u0259t\u0259n m\u00fcharib\u0259sind\u0259 tarix yazan,\u00f6l\u00fcm\u00fc il\u0259 \u00f6l\u00fcms\u00fczl\u00fcy\u0259 qovu\u015fan \u015f\u0259hid S\u0259ddam Bayramov haqq\u0131nda dan\u0131\u015faca\u011f\u0131q.<\/p>\n<p>\u015e\u0259hidimizin an\u0131m g\u00fcn\u00fc il\u0259 ba\u011fl\u0131 ail\u0259 \u00fczvl\u0259ri,rayon icra hakimiyy\u0259ti n\u00fcmay\u0259nd\u0259l\u0259ri, d\u00f6y\u00fc\u015f yolda\u015flar\u0131 onun m\u0259zar\u0131n\u0131 ziyar\u0259t edibl\u0259r. An\u0131m g\u00fcn\u00fc t\u0259dbirind\u0259 \u015f\u0259hidimizin g\u00f6st\u0259rdiyi \u015f\u00fcca\u0259t, v\u0259t\u0259n qar\u015f\u0131s\u0131nda xidm\u0259tl\u0259ri haqq\u0131nda m\u0259lumat verilib, ruhuna dualar oxunub.<\/p>\n<p>O,2019-cu ild\u0259 \u018fliheyd\u0259r M\u0259mm\u0259dov ad\u0131na tam orta m\u0259kt\u0259bi bitirib. S\u0259ddam haqq\u0131nda dan\u0131\u015fan h\u0259mk\u0259ndlil\u0259ri deyir ki, o, h\u0259l\u0259 u\u015faq ya\u015flar\u0131ndan h\u0259mya\u015f\u0131dlar\u0131ndan bir \u00e7ox x\u00fcsusiyy\u0259tl\u0259ri il\u0259 f\u0259rql\u0259nib. S\u0259ddam h\u0259rbi xidm\u0259t\u0259 getm\u0259yid\u0259 s\u0259brsizlikl\u0259 g\u00f6zl\u0259yirdi. O,2020-ci ilin yanvar\u0131n 29-da 18 ya\u015f\u0131 tamam olan g\u00fcn h\u0259rbi xidm\u0259t\u0259 yollan\u0131b. S\u0259ddam c\u0259bh\u0259 b\u00f6lg\u0259sind\u0259 b\u00f6y\u00fcy\u0259n dig\u0259r u\u015faqlar kimi i\u015f\u011fal alt\u0131nda olan torpaqlar\u0131m\u0131za daim maraq g\u00f6st\u0259rib. B\u0259lk\u0259d\u0259 el\u0259 bu maraq S\u0259ddam\u0131n q\u0131sa \u00f6mr\u00fcnd\u0259 onu daim izl\u0259yib.<\/p>\n<p>Atas\u0131 il\u0259 s\u00f6hb\u0259timiz zaman\u0131 o qeyd etdi ki, S\u0259ddam \u00f6n x\u0259td\u0259 qulluq etm\u0259k ist\u0259yirdi. T\u0259rt\u0259rd\u0259 xidm\u0259t etdiyi&#8221;N&#8221;sayl\u0131 h\u0259rbi hiss\u0259d\u0259 d\u00fc\u015fm\u0259n postunun 49 metrliyind\u0259 qulluq edib. 2020-ci ilin sentyabr\u0131nda m\u0259nfur d\u00fc\u015fm\u0259nl\u0259rimizin h\u00fccumu zaman\u0131 \u0259ks-h\u00fccum \u0259m\u0259liyyat\u0131na ba\u015flayan ordumuzun \u0259sg\u0259ri olan Bayramov S\u0259ddam el\u0259 ilk g\u00fcnd\u0259n d\u00f6y\u00fc\u015fd\u0259 g\u00f6st\u0259rdiyi \u0130gidlikl\u0259rl\u0259 komandirinin v\u0259 d\u00f6y\u00fc\u015f yolda\u015flar\u0131n\u0131n diqq\u0259tin c\u0259lb edib. 27 sentyabrdan 15 oktyabrad\u0259k T\u0259rt\u0259r rayonunun Suqovu\u015fan q\u0259s\u0259b\u0259si istiqam\u0259tind\u0259 ged\u0259n d\u00f6y\u00fc\u015fl\u0259rd\u0259 i\u015ftirak edib v\u0259 Suqovu\u015fan\u0131n d\u00fc\u015fm\u0259n tapda\u011f\u0131ndan azad ed\u0259n q\u0259hr\u0259manlar\u0131m\u0131zdan biri kimi ad\u0131n\u0131 tarix\u0259 yaz\u0131b.<\/p>\n<p>\u015e\u0259hidimizin d\u00f6y\u00fc\u015f yolda\u015flar\u0131 onu qorxmaz, \u00f6l\u00fcm\u00fcn g\u00f6z\u00fcn\u0259 dik baxan igid kimi xarakteriz\u0259 edirl\u0259r. D\u00f6y\u00fc\u015fl\u0259rd\u0259 \u00f6nd\u0259 ged\u0259nl\u0259rd\u0259n olub, atas\u0131n\u0131n dediyin\u0259 g\u00f6r\u0259 S\u0259ddam\u0131n son s\u00f6z\u00fc &#8220;komandir, t\u00fclk\u00fcl\u0259r yuvadad\u0131r&#8221;olub.<\/p>\n<p>Oktyabr\u0131n 15-d\u0259n 16-na ke\u00e7\u0259n gec\u0259 d\u00f6y\u00fc\u015fl\u0259rd\u0259 onlarla erm\u0259nini m\u0259hv ed\u0259n S\u0259ddam yaral\u0131 \u0259sg\u0259r yolda\u015flar\u0131n\u0131 v\u0259 komandirni d\u00f6y\u00fc\u015f b\u00f6lg\u0259sind\u0259n \u00e7\u0131xarark\u0259n snayperl\u0259 vurularaq \u015f\u0259hidlik zirv\u0259sin\u0259 ucal\u0131b.<\/p>\n<div class=\"article_text\">\n<p>\u0130gidliyi v\u0259 c\u0259surlu\u011fu il\u0259 ad\u0131n\u0131 V\u0259t\u0259n tariximizin \u015fanl\u0131 s\u0259hif\u0259sin\u0259 yazan Bayramov S\u0259ddam \u018fl\u0259ddin o\u011flu \u00f6l\u00fcm\u00fcnd\u0259n sonra-i\u015ftirak etdiyi d\u00f6y\u00fc\u015f \u0259m\u0259liyyatlar\u0131nda v\u0259 h\u0259rbi hiss\u0259 qar\u015f\u0131s\u0131nda qoyulmu\u015f tap\u015f\u0131r\u0131qlar\u0131n icras\u0131 zaman\u0131 v\u0259zif\u0259 borcunu \u015f\u0259r\u0259fl\u0259 yerin\u0259 yetirdiyin\u0259 g\u00f6r\u0259 &#8211; Az\u0259rbaycan Respublikas\u0131n\u0131n Prezidenti, Silahl\u0131 Q\u00fcvv\u0259l\u0259rin Ali Ba\u015f Komandan\u0131 c\u0259nab \u0130lham \u018fliyevin s\u0259r\u0259ncam\u0131 il\u0259&#8221;V\u0259t\u0259n u\u011frunda&#8221;medal\u0131 il\u0259 t\u0259ltif edilmi\u015fdir.<\/p>\n<p><strong>ARANTV.AZ<\/strong> Real TV-y\u0259 istinadla videomaterial\u0131 t\u0259qdim edir:<\/p>\n<p>&nbsp;<\/p>\n<p><iframe loading=\"lazy\" src=\"https:\/\/daytube.az\/az\/embed\/116900\" width=\"670\" height=\"400\" frameborder=\"0\" allowfullscreen=\"allowfullscreen\" data-mce-fragment=\"1\"><\/iframe><\/div>\n<div class=\"social-banner\"><\/div>\n","protected":false},"excerpt":{"rendered":"<p>44 g\u00fcnl\u00fck V\u0259t\u0259n m\u00fcharib\u0259sind\u0259 tarix yazan,\u00f6l\u00fcm\u00fc il\u0259 \u00f6l\u00fcms\u00fczl\u00fcy\u0259 qovu\u015fan \u015f\u0259hid S\u0259ddam Bayramov haqq\u0131nda dan\u0131\u015faca\u011f\u0131q. \u015e\u0259hidimizin an\u0131m g\u00fcn\u00fc il\u0259 ba\u011fl\u0131 ail\u0259 \u00fczvl\u0259ri,rayon icra hakimiyy\u0259ti n\u00fcmay\u0259nd\u0259l\u0259ri, d\u00f6y\u00fc\u015f yolda\u015flar\u0131 onun m\u0259zar\u0131n\u0131 ziyar\u0259t edibl\u0259r. An\u0131m g\u00fcn\u00fc t\u0259dbirind\u0259 \u015f\u0259hidimizin g\u00f6st\u0259rdiyi \u015f\u00fcca\u0259t, v\u0259t\u0259n qar\u015f\u0131s\u0131nda xidm\u0259tl\u0259ri haqq\u0131nda m\u0259lumat verilib, ruhuna dualar oxunub. O,2019-cu ild\u0259 \u018fliheyd\u0259r M\u0259mm\u0259dov ad\u0131na tam orta m\u0259kt\u0259bi bitirib. S\u0259ddam haqq\u0131nda dan\u0131\u015fan h\u0259mk\u0259ndlil\u0259ri deyir ki, o, h\u0259l\u0259 u\u015faq ya\u015flar\u0131ndan h\u0259mya\u015f\u0131dlar\u0131ndan bir \u00e7ox x\u00fcsusiyy\u0259tl\u0259ri il\u0259 f\u0259rql\u0259nib. S\u0259ddam h\u0259rbi xidm\u0259t\u0259 getm\u0259yid\u0259 s\u0259brsizlikl\u0259 g\u00f6zl\u0259yirdi. O,2020-ci ilin yanvar\u0131n 29-da 18 ya\u015f\u0131 tamam olan g\u00fcn h\u0259rbi xidm\u0259t\u0259 yollan\u0131b. S\u0259ddam c\u0259bh\u0259&hellip;<\/p>\n","protected":false},"author":2,"featured_media":393355,"comment_status":"closed","ping_status":"closed","sticky":false,"template":"","format":"standard","meta":{"om_disable_all_campaigns":false,"_monsterinsights_skip_tracking":false,"_monsterinsights_sitenote_active":false,"_monsterinsights_sitenote_note":"","_monsterinsights_sitenote_category":0},"categories":[26],"tags":[],"aioseo_notices":[],"gutentor_comment":0,"rttpg_featured_image_url":{"full":["https:\/\/arantv.az\/wp-content\/uploads\/2021\/10\/988994.jpg",800,600,false],"landscape":["https:\/\/arantv.az\/wp-content\/uploads\/2021\/10\/988994.jpg",800,600,false],"portraits":["https:\/\/arantv.az\/wp-content\/uploads\/2021\/10\/988994.jpg",800,600,false],"thumbnail":["https:\/\/arantv.az\/wp-content\/uploads\/2021\/10\/988994-500x280.jpg",500,280,true],"medium":["https:\/\/arantv.az\/wp-content\/uploads\/2021\/10\/988994-487x365.jpg",487,365,true],"large":["https:\/\/arantv.az\/wp-content\/uploads\/2021\/10\/988994.jpg",640,480,false],"1536x1536":["https:\/\/arantv.az\/wp-content\/uploads\/2021\/10\/988994.jpg",800,600,false],"2048x2048":["https:\/\/arantv.az\/wp-content\/uploads\/2021\/10\/988994.jpg",800,600,false],"post-thumbnail":["https:\/\/arantv.az\/wp-content\/uploads\/2021\/10\/988994-240x172.jpg",240,172,true],"advps-thumb-one":["https:\/\/arantv.az\/wp-content\/uploads\/2021\/10\/988994.jpg",800,600,false]},"rttpg_author":{"display_name":"V\u00fcsal Rafiqo\u011flu","author_link":"https:\/\/arantv.az\/?author=2"},"rttpg_comment":0,"rttpg_category":"<a href=\"https:\/\/arantv.az\/?cat=26\" rel=\"category\">Sosial<\/a>","rttpg_excerpt":"44 g\u00fcnl\u00fck V\u0259t\u0259n m\u00fcharib\u0259sind\u0259 tarix yazan,\u00f6l\u00fcm\u00fc il\u0259 \u00f6l\u00fcms\u00fczl\u00fcy\u0259 qovu\u015fan \u015f\u0259hid S\u0259ddam Bayramov haqq\u0131nda dan\u0131\u015faca\u011f\u0131q. \u015e\u0259hidimizin an\u0131m g\u00fcn\u00fc il\u0259 ba\u011fl\u0131 ail\u0259 \u00fczvl\u0259ri,rayon icra hakimiyy\u0259ti n\u00fcmay\u0259nd\u0259l\u0259ri, d\u00f6y\u00fc\u015f yolda\u015flar\u0131 onun m\u0259zar\u0131n\u0131 ziyar\u0259t edibl\u0259r. An\u0131m g\u00fcn\u00fc t\u0259dbirind\u0259 \u015f\u0259hidimizin g\u00f6st\u0259rdiyi \u015f\u00fcca\u0259t, v\u0259t\u0259n qar\u015f\u0131s\u0131nda xidm\u0259tl\u0259ri haqq\u0131nda m\u0259lumat verilib, ruhuna dualar oxunub. O,2019-cu ild\u0259 \u018fliheyd\u0259r M\u0259mm\u0259dov ad\u0131na tam orta m\u0259kt\u0259bi bitirib. S\u0259ddam&hellip;","_links":{"self":[{"href":"https:\/\/arantv.az\/index.php?rest_route=\/wp\/v2\/posts\/393354"}],"collection":[{"href":"https:\/\/arantv.az\/index.php?rest_route=\/wp\/v2\/posts"}],"about":[{"href":"https:\/\/arantv.az\/index.php?rest_route=\/wp\/v2\/types\/post"}],"author":[{"embeddable":true,"href":"https:\/\/arantv.az\/index.php?rest_route=\/wp\/v2\/users\/2"}],"replies":[{"embeddable":true,"href":"https:\/\/arantv.az\/index.php?rest_route=%2Fwp%2Fv2%2Fcomments&post=393354"}],"version-history":[{"count":0,"href":"https:\/\/arantv.az\/index.php?rest_route=\/wp\/v2\/posts\/393354\/revisions"}],"wp:featuredmedia":[{"embeddable":true,"href":"https:\/\/arantv.az\/index.php?rest_route=\/wp\/v2\/media\/393355"}],"wp:attachment":[{"href":"https:\/\/arantv.az\/index.php?rest_route=%2Fwp%2Fv2%2Fmedia&parent=393354"}],"wp:term":[{"taxonomy":"category","embeddable":true,"href":"https:\/\/arantv.az\/index.php?rest_route=%2Fwp%2Fv2%2Fcategories&post=393354"},{"taxonomy":"post_tag","embeddable":true,"href":"https:\/\/arantv.az\/index.php?rest_route=%2Fwp%2Fv2%2Ftags&post=393354"}],"curies":[{"name":"wp","href":"https:\/\/api.w.org\/{rel}","templated":true}]}}