{"id":393368,"date":"2021-10-20T17:10:12","date_gmt":"2021-10-20T14:10:12","guid":{"rendered":"http:\/\/arantv.az\/?p=393368"},"modified":"2021-10-20T17:10:12","modified_gmt":"2021-10-20T14:10:12","slug":"ilham-%c9%99liyevd%c9%99n-s%c9%99rqi-z%c9%99ng%c9%99zurla-bagli-s%c9%99r%c9%99ncam","status":"publish","type":"post","link":"https:\/\/arantv.az\/?p=393368","title":{"rendered":"\u0130lham \u018fliyevd\u0259n \u015e\u0259rqi Z\u0259ng\u0259zurla ba\u011fl\u0131 S\u018fR\u018fNCAM"},"content":{"rendered":"<p>Prezident \u0130lham \u018fliyev \u015e\u0259rqi Z\u0259ng\u0259zur iqtisadi rayonunda yerl\u0259\u015f\u0259n Z\u0259ngilan \u015f\u0259h\u0259rinin Ba\u015f plan\u0131n\u0131n haz\u0131rlanmas\u0131 il\u0259 ba\u011fl\u0131 t\u0259dbirl\u0259r haqq\u0131nda s\u0259r\u0259ncam imzalay\u0131b.<\/p>\n<div id=\"AdviadNativeVideo0\" class=\"AdviadNativeVideo\"><\/div>\n<p>Bununla ba\u011fl\u0131 AZ\u018fRTAC\u00a0<a href=\"https:\/\/azertag.az\/xeber\/Serqi_Zengezur_iqtisadi_rayonunda_yerlesen_Zengilan_seherinin_Bas_planinin_hazirlanmasi_ile_bagli_tedbirler_haqqinda__Azerbaycan_Respublikasi_Prezidentinin_Serencami-1904408\" target=\"_blank\" rel=\"noopener\">m\u0259lumat<\/a>\u00a0yay\u0131b.<\/p>\n<p>S\u0259r\u0259ncama \u0259sas\u0259n, \u015e\u0259rqi Z\u0259ng\u0259zur iqtisadi rayonunda yerl\u0259\u015f\u0259n Z\u0259ngilan \u015f\u0259h\u0259rinin Ba\u015f plan\u0131n\u0131n haz\u0131rlanmas\u0131 \u00fc\u00e7\u00fcn Az\u0259rbaycan Respublikas\u0131n\u0131n 2021-ci il d\u00f6vl\u0259t b\u00fcdc\u0259sind\u0259 i\u015f\u011faldan azad olunmu\u015f \u0259razil\u0259rin yenid\u0259n qurulmas\u0131 v\u0259 b\u0259rpas\u0131 \u00fc\u00e7\u00fcn n\u0259z\u0259rd\u0259 tutulan v\u0259saitd\u0259n Az\u0259rbaycan Respublikas\u0131n\u0131n D\u00f6vl\u0259t \u015e\u0259h\u0259rsalma v\u0259 Arxitektura Komit\u0259sin\u0259 ilkin olaraq 500 min manat ayr\u0131l\u0131b.<\/p>\n","protected":false},"excerpt":{"rendered":"<p>Prezident \u0130lham \u018fliyev \u015e\u0259rqi Z\u0259ng\u0259zur iqtisadi rayonunda yerl\u0259\u015f\u0259n Z\u0259ngilan \u015f\u0259h\u0259rinin Ba\u015f plan\u0131n\u0131n haz\u0131rlanmas\u0131 il\u0259 ba\u011fl\u0131 t\u0259dbirl\u0259r haqq\u0131nda s\u0259r\u0259ncam imzalay\u0131b. Bununla ba\u011fl\u0131 AZ\u018fRTAC\u00a0m\u0259lumat\u00a0yay\u0131b. S\u0259r\u0259ncama \u0259sas\u0259n, \u015e\u0259rqi Z\u0259ng\u0259zur iqtisadi rayonunda yerl\u0259\u015f\u0259n Z\u0259ngilan \u015f\u0259h\u0259rinin Ba\u015f plan\u0131n\u0131n haz\u0131rlanmas\u0131 \u00fc\u00e7\u00fcn Az\u0259rbaycan Respublikas\u0131n\u0131n 2021-ci il d\u00f6vl\u0259t b\u00fcdc\u0259sind\u0259 i\u015f\u011faldan azad olunmu\u015f \u0259razil\u0259rin yenid\u0259n qurulmas\u0131 v\u0259 b\u0259rpas\u0131 \u00fc\u00e7\u00fcn n\u0259z\u0259rd\u0259 tutulan v\u0259saitd\u0259n Az\u0259rbaycan Respublikas\u0131n\u0131n D\u00f6vl\u0259t \u015e\u0259h\u0259rsalma v\u0259 Arxitektura Komit\u0259sin\u0259 ilkin olaraq 500 min manat ayr\u0131l\u0131b.<\/p>\n","protected":false},"author":2,"featured_media":393369,"comment_status":"closed","ping_status":"closed","sticky":false,"template":"","format":"standard","meta":{"om_disable_all_campaigns":false,"_monsterinsights_skip_tracking":false,"_monsterinsights_sitenote_active":false,"_monsterinsights_sitenote_note":"","_monsterinsights_sitenote_category":0},"categories":[4],"tags":[],"aioseo_notices":[],"gutentor_comment":0,"rttpg_featured_image_url":{"full":["https:\/\/arantv.az\/wp-content\/uploads\/2021\/10\/1594814467-11.jpg",620,413,false],"landscape":["https:\/\/arantv.az\/wp-content\/uploads\/2021\/10\/1594814467-11.jpg",620,413,false],"portraits":["https:\/\/arantv.az\/wp-content\/uploads\/2021\/10\/1594814467-11.jpg",620,413,false],"thumbnail":["https:\/\/arantv.az\/wp-content\/uploads\/2021\/10\/1594814467-11-500x280.jpg",500,280,true],"medium":["https:\/\/arantv.az\/wp-content\/uploads\/2021\/10\/1594814467-11-548x365.jpg",548,365,true],"large":["https:\/\/arantv.az\/wp-content\/uploads\/2021\/10\/1594814467-11.jpg",620,413,false],"1536x1536":["https:\/\/arantv.az\/wp-content\/uploads\/2021\/10\/1594814467-11.jpg",620,413,false],"2048x2048":["https:\/\/arantv.az\/wp-content\/uploads\/2021\/10\/1594814467-11.jpg",620,413,false],"post-thumbnail":["https:\/\/arantv.az\/wp-content\/uploads\/2021\/10\/1594814467-11-240x172.jpg",240,172,true],"advps-thumb-one":["https:\/\/arantv.az\/wp-content\/uploads\/2021\/10\/1594814467-11.jpg",620,413,false]},"rttpg_author":{"display_name":"V\u00fcsal Rafiqo\u011flu","author_link":"https:\/\/arantv.az\/?author=2"},"rttpg_comment":0,"rttpg_category":"<a href=\"https:\/\/arantv.az\/?cat=4\" rel=\"category\">Siyas\u0259t<\/a>","rttpg_excerpt":"Prezident \u0130lham \u018fliyev \u015e\u0259rqi Z\u0259ng\u0259zur iqtisadi rayonunda yerl\u0259\u015f\u0259n Z\u0259ngilan \u015f\u0259h\u0259rinin Ba\u015f plan\u0131n\u0131n haz\u0131rlanmas\u0131 il\u0259 ba\u011fl\u0131 t\u0259dbirl\u0259r haqq\u0131nda s\u0259r\u0259ncam imzalay\u0131b. Bununla ba\u011fl\u0131 AZ\u018fRTAC\u00a0m\u0259lumat\u00a0yay\u0131b. S\u0259r\u0259ncama \u0259sas\u0259n, \u015e\u0259rqi Z\u0259ng\u0259zur iqtisadi rayonunda yerl\u0259\u015f\u0259n Z\u0259ngilan \u015f\u0259h\u0259rinin Ba\u015f plan\u0131n\u0131n haz\u0131rlanmas\u0131 \u00fc\u00e7\u00fcn Az\u0259rbaycan Respublikas\u0131n\u0131n 2021-ci il d\u00f6vl\u0259t b\u00fcdc\u0259sind\u0259 i\u015f\u011faldan azad olunmu\u015f \u0259razil\u0259rin yenid\u0259n qurulmas\u0131 v\u0259 b\u0259rpas\u0131 \u00fc\u00e7\u00fcn n\u0259z\u0259rd\u0259 tutulan v\u0259saitd\u0259n Az\u0259rbaycan Respublikas\u0131n\u0131n&hellip;","_links":{"self":[{"href":"https:\/\/arantv.az\/index.php?rest_route=\/wp\/v2\/posts\/393368"}],"collection":[{"href":"https:\/\/arantv.az\/index.php?rest_route=\/wp\/v2\/posts"}],"about":[{"href":"https:\/\/arantv.az\/index.php?rest_route=\/wp\/v2\/types\/post"}],"author":[{"embeddable":true,"href":"https:\/\/arantv.az\/index.php?rest_route=\/wp\/v2\/users\/2"}],"replies":[{"embeddable":true,"href":"https:\/\/arantv.az\/index.php?rest_route=%2Fwp%2Fv2%2Fcomments&post=393368"}],"version-history":[{"count":0,"href":"https:\/\/arantv.az\/index.php?rest_route=\/wp\/v2\/posts\/393368\/revisions"}],"wp:featuredmedia":[{"embeddable":true,"href":"https:\/\/arantv.az\/index.php?rest_route=\/wp\/v2\/media\/393369"}],"wp:attachment":[{"href":"https:\/\/arantv.az\/index.php?rest_route=%2Fwp%2Fv2%2Fmedia&parent=393368"}],"wp:term":[{"taxonomy":"category","embeddable":true,"href":"https:\/\/arantv.az\/index.php?rest_route=%2Fwp%2Fv2%2Fcategories&post=393368"},{"taxonomy":"post_tag","embeddable":true,"href":"https:\/\/arantv.az\/index.php?rest_route=%2Fwp%2Fv2%2Ftags&post=393368"}],"curies":[{"name":"wp","href":"https:\/\/api.w.org\/{rel}","templated":true}]}}