{"id":393380,"date":"2021-10-20T17:15:44","date_gmt":"2021-10-20T14:15:44","guid":{"rendered":"http:\/\/arantv.az\/?p=393380"},"modified":"2021-10-20T17:15:44","modified_gmt":"2021-10-20T14:15:44","slug":"s%c9%99hid-anasi-ordeninin-t%c9%99sis-edilm%c9%99si-t%c9%99klif-olunur","status":"publish","type":"post","link":"https:\/\/arantv.az\/?p=393380","title":{"rendered":"&#8220;\u015e\u0259hid anas\u0131&#8221; ordeninin t\u0259sis edilm\u0259si t\u0259klif olunur"},"content":{"rendered":"<p>Az\u0259rbaycanda &#8220;\u015e\u0259hid anas\u0131&#8221; ordeninin t\u0259sis edilm\u0259si t\u0259klif edilib.<\/p>\n<p><strong>ARANTV.AZ\u00a0 x\u0259b\u0259r verir ki,<\/strong>\u00a0bu t\u0259klifl\u0259 Milli M\u0259clisin \u018fm\u0259k v\u0259 sosial siyas\u0259t komit\u0259sinin s\u0259dri\u00a0<strong>Musa Quliyev<\/strong>\u00a0\u00e7\u0131x\u0131\u015f edib.<\/p>\n<p>Komit\u0259 s\u0259dri h\u0259m\u00e7inin t\u0259klif edib ki, televiziyalarda u\u011furlu qad\u0131n obraz\u0131 se\u00e7il\u0259rk\u0259n \u015fou-biznes n\u00fcmay\u0259nd\u0259l\u0259ri deyil, alim, d\u00f6vl\u0259t\u00e7i, sahibkar qad\u0131nlar, \u015f\u0259hid analar\u0131 v\u0259 h\u0259yat yolda\u015flar\u0131 diqq\u0259t m\u0259rk\u0259zin\u0259 g\u0259tirilsin.<\/p>\n","protected":false},"excerpt":{"rendered":"<p>Az\u0259rbaycanda &#8220;\u015e\u0259hid anas\u0131&#8221; ordeninin t\u0259sis edilm\u0259si t\u0259klif edilib. ARANTV.AZ\u00a0 x\u0259b\u0259r verir ki,\u00a0bu t\u0259klifl\u0259 Milli M\u0259clisin \u018fm\u0259k v\u0259 sosial siyas\u0259t komit\u0259sinin s\u0259dri\u00a0Musa Quliyev\u00a0\u00e7\u0131x\u0131\u015f edib. Komit\u0259 s\u0259dri h\u0259m\u00e7inin t\u0259klif edib ki, televiziyalarda u\u011furlu qad\u0131n obraz\u0131 se\u00e7il\u0259rk\u0259n \u015fou-biznes n\u00fcmay\u0259nd\u0259l\u0259ri deyil, alim, d\u00f6vl\u0259t\u00e7i, sahibkar qad\u0131nlar, \u015f\u0259hid analar\u0131 v\u0259 h\u0259yat yolda\u015flar\u0131 diqq\u0259t m\u0259rk\u0259zin\u0259 g\u0259tirilsin.<\/p>\n","protected":false},"author":2,"featured_media":393381,"comment_status":"closed","ping_status":"closed","sticky":false,"template":"","format":"standard","meta":{"om_disable_all_campaigns":false,"_monsterinsights_skip_tracking":false,"_monsterinsights_sitenote_active":false,"_monsterinsights_sitenote_note":"","_monsterinsights_sitenote_category":0},"categories":[4],"tags":[],"aioseo_notices":[],"gutentor_comment":0,"rttpg_featured_image_url":{"full":["https:\/\/arantv.az\/wp-content\/uploads\/2021\/10\/eae15aab163473531384267383710272271.jpg",975,540,false],"landscape":["https:\/\/arantv.az\/wp-content\/uploads\/2021\/10\/eae15aab163473531384267383710272271.jpg",975,540,false],"portraits":["https:\/\/arantv.az\/wp-content\/uploads\/2021\/10\/eae15aab163473531384267383710272271.jpg",975,540,false],"thumbnail":["https:\/\/arantv.az\/wp-content\/uploads\/2021\/10\/eae15aab163473531384267383710272271-500x280.jpg",500,280,true],"medium":["https:\/\/arantv.az\/wp-content\/uploads\/2021\/10\/eae15aab163473531384267383710272271-660x365.jpg",660,365,true],"large":["https:\/\/arantv.az\/wp-content\/uploads\/2021\/10\/eae15aab163473531384267383710272271-840x465.jpg",640,354,true],"1536x1536":["https:\/\/arantv.az\/wp-content\/uploads\/2021\/10\/eae15aab163473531384267383710272271.jpg",975,540,false],"2048x2048":["https:\/\/arantv.az\/wp-content\/uploads\/2021\/10\/eae15aab163473531384267383710272271.jpg",975,540,false],"post-thumbnail":["https:\/\/arantv.az\/wp-content\/uploads\/2021\/10\/eae15aab163473531384267383710272271-240x172.jpg",240,172,true],"advps-thumb-one":["https:\/\/arantv.az\/wp-content\/uploads\/2021\/10\/eae15aab163473531384267383710272271.jpg",975,540,false]},"rttpg_author":{"display_name":"V\u00fcsal Rafiqo\u011flu","author_link":"https:\/\/arantv.az\/?author=2"},"rttpg_comment":0,"rttpg_category":"<a href=\"https:\/\/arantv.az\/?cat=4\" rel=\"category\">Siyas\u0259t<\/a>","rttpg_excerpt":"Az\u0259rbaycanda &#8220;\u015e\u0259hid anas\u0131&#8221; ordeninin t\u0259sis edilm\u0259si t\u0259klif edilib. ARANTV.AZ\u00a0 x\u0259b\u0259r verir ki,\u00a0bu t\u0259klifl\u0259 Milli M\u0259clisin \u018fm\u0259k v\u0259 sosial siyas\u0259t komit\u0259sinin s\u0259dri\u00a0Musa Quliyev\u00a0\u00e7\u0131x\u0131\u015f edib. Komit\u0259 s\u0259dri h\u0259m\u00e7inin t\u0259klif edib ki, televiziyalarda u\u011furlu qad\u0131n obraz\u0131 se\u00e7il\u0259rk\u0259n \u015fou-biznes n\u00fcmay\u0259nd\u0259l\u0259ri deyil, alim, d\u00f6vl\u0259t\u00e7i, sahibkar qad\u0131nlar, \u015f\u0259hid analar\u0131 v\u0259 h\u0259yat yolda\u015flar\u0131 diqq\u0259t m\u0259rk\u0259zin\u0259 g\u0259tirilsin.","_links":{"self":[{"href":"https:\/\/arantv.az\/index.php?rest_route=\/wp\/v2\/posts\/393380"}],"collection":[{"href":"https:\/\/arantv.az\/index.php?rest_route=\/wp\/v2\/posts"}],"about":[{"href":"https:\/\/arantv.az\/index.php?rest_route=\/wp\/v2\/types\/post"}],"author":[{"embeddable":true,"href":"https:\/\/arantv.az\/index.php?rest_route=\/wp\/v2\/users\/2"}],"replies":[{"embeddable":true,"href":"https:\/\/arantv.az\/index.php?rest_route=%2Fwp%2Fv2%2Fcomments&post=393380"}],"version-history":[{"count":0,"href":"https:\/\/arantv.az\/index.php?rest_route=\/wp\/v2\/posts\/393380\/revisions"}],"wp:featuredmedia":[{"embeddable":true,"href":"https:\/\/arantv.az\/index.php?rest_route=\/wp\/v2\/media\/393381"}],"wp:attachment":[{"href":"https:\/\/arantv.az\/index.php?rest_route=%2Fwp%2Fv2%2Fmedia&parent=393380"}],"wp:term":[{"taxonomy":"category","embeddable":true,"href":"https:\/\/arantv.az\/index.php?rest_route=%2Fwp%2Fv2%2Fcategories&post=393380"},{"taxonomy":"post_tag","embeddable":true,"href":"https:\/\/arantv.az\/index.php?rest_route=%2Fwp%2Fv2%2Ftags&post=393380"}],"curies":[{"name":"wp","href":"https:\/\/api.w.org\/{rel}","templated":true}]}}