{"id":393388,"date":"2021-10-20T19:24:12","date_gmt":"2021-10-20T16:24:12","guid":{"rendered":"http:\/\/arantv.az\/?p=393388"},"modified":"2021-10-20T19:24:12","modified_gmt":"2021-10-20T16:24:12","slug":"ilham-%c9%99liyev-bu-hamimizin-q%c9%99l%c9%99b%c9%99sidir-az%c9%99rbaycan-xalqinin-q%c9%99l%c9%99b%c9%99sidir","status":"publish","type":"post","link":"https:\/\/arantv.az\/?p=393388","title":{"rendered":"\u0130lham \u018fliyev: \u201cBu, ham\u0131m\u0131z\u0131n q\u0259l\u0259b\u0259sidir, Az\u0259rbaycan xalq\u0131n\u0131n q\u0259l\u0259b\u0259sidir\u201d"},"content":{"rendered":"<p>\u201cBu, ham\u0131m\u0131z\u0131n q\u0259l\u0259b\u0259sidir, Az\u0259rbaycan xalq\u0131n\u0131n q\u0259l\u0259b\u0259sidir. \u00c7\u00fcnki xalq\u0131m\u0131z bu i\u015f\u011fal d\u00f6vr\u00fcnd\u0259 \u0259yilm\u0259di, v\u0259ziyy\u0259tl\u0259 bar\u0131\u015fmad\u0131, \u00f6z do\u011fma torpaqlar\u0131n\u0131 unutmad\u0131\u201d<\/p>\n<div id=\"AdviadNativeVideo0\" class=\"AdviadNativeVideo\"><\/div>\n<p><a href=\"https:\/\/azertag.az\/xeber\/Prezident_Ilham_Aliyev_Bu_hamimizin_qelebesidir_Azerbaycan_xalqinin_qelebesidir-1904552\" target=\"_blank\" rel=\"noopener\">AZ\u018fRTAC<\/a>\u00a0x\u0259b\u0259r verir ki, bu fikirl\u0259ri Prezident \u0130lham \u018fliyev Z\u0259ngilan rayon ictimaiyy\u0259tinin n\u00fcmay\u0259nd\u0259l\u0259ri il\u0259 g\u00f6r\u00fc\u015f\u00fcnd\u0259 s\u00f6yl\u0259yib.<\/p>\n<p>\u201cH\u0259tta bu torpaqlar\u0131 g\u00f6rm\u0259y\u0259n g\u0259ncl\u0259r d\u0259 bu torpaqlar\u0131n azad edilm\u0259si e\u015fqi il\u0259 ya\u015fam\u0131\u015flar v\u0259 \u00f6l\u00fcm\u0259 ged\u0259n d\u0259 m\u0259hz onlar oldu. Birinci s\u0131rada ged\u0259n m\u0259hz o u\u015faqlar idi ki, i\u015f\u011faldan sonra d\u00fcnyaya g\u0259ldil\u0259r v\u0259 b\u0259lk\u0259 d\u0259 i\u015f\u011fal d\u00f6vr\u00fcnd\u0259 onlar\u0131n 5-10 ya\u015f\u0131 var idi. Y\u0259ni bu onu g\u00f6st\u0259rir ki, xalq\u0131m\u0131z bu m\u00fcq\u0259dd\u0259s Z\u0259f\u0259r g\u00fcn\u00fcn\u00fc g\u00f6zl\u0259yirdi v\u0259 b\u00fct\u00fcn \u00e7\u0259tinlikl\u0259r\u0259 baxmayaraq, b\u00fct\u00fcn \u0259zab-\u0259ziyy\u0259tl\u0259r\u0259 baxmayaraq bu g\u00fcn\u00fc g\u00f6zl\u0259yirdi v\u0259 inan\u0131rd\u0131 ki, bu g\u00fcn g\u0259l\u0259c\u0259k\u201d, &#8211; dey\u0259 d\u00f6vl\u0259timizin ba\u015f\u00e7\u0131s\u0131 vur\u011fulay\u0131b.<\/p>\n","protected":false},"excerpt":{"rendered":"<p>\u201cBu, ham\u0131m\u0131z\u0131n q\u0259l\u0259b\u0259sidir, Az\u0259rbaycan xalq\u0131n\u0131n q\u0259l\u0259b\u0259sidir. \u00c7\u00fcnki xalq\u0131m\u0131z bu i\u015f\u011fal d\u00f6vr\u00fcnd\u0259 \u0259yilm\u0259di, v\u0259ziyy\u0259tl\u0259 bar\u0131\u015fmad\u0131, \u00f6z do\u011fma torpaqlar\u0131n\u0131 unutmad\u0131\u201d AZ\u018fRTAC\u00a0x\u0259b\u0259r verir ki, bu fikirl\u0259ri Prezident \u0130lham \u018fliyev Z\u0259ngilan rayon ictimaiyy\u0259tinin n\u00fcmay\u0259nd\u0259l\u0259ri il\u0259 g\u00f6r\u00fc\u015f\u00fcnd\u0259 s\u00f6yl\u0259yib. \u201cH\u0259tta bu torpaqlar\u0131 g\u00f6rm\u0259y\u0259n g\u0259ncl\u0259r d\u0259 bu torpaqlar\u0131n azad edilm\u0259si e\u015fqi il\u0259 ya\u015fam\u0131\u015flar v\u0259 \u00f6l\u00fcm\u0259 ged\u0259n d\u0259 m\u0259hz onlar oldu. Birinci s\u0131rada ged\u0259n m\u0259hz o u\u015faqlar idi ki, i\u015f\u011faldan sonra d\u00fcnyaya g\u0259ldil\u0259r v\u0259 b\u0259lk\u0259 d\u0259 i\u015f\u011fal d\u00f6vr\u00fcnd\u0259 onlar\u0131n 5-10 ya\u015f\u0131 var idi. Y\u0259ni bu onu g\u00f6st\u0259rir ki, xalq\u0131m\u0131z bu m\u00fcq\u0259dd\u0259s Z\u0259f\u0259r g\u00fcn\u00fcn\u00fc g\u00f6zl\u0259yirdi v\u0259 b\u00fct\u00fcn \u00e7\u0259tinlikl\u0259r\u0259 baxmayaraq,&hellip;<\/p>\n","protected":false},"author":2,"featured_media":393389,"comment_status":"closed","ping_status":"closed","sticky":false,"template":"","format":"standard","meta":{"om_disable_all_campaigns":false,"_monsterinsights_skip_tracking":false,"_monsterinsights_sitenote_active":false,"_monsterinsights_sitenote_note":"","_monsterinsights_sitenote_category":0},"categories":[4],"tags":[],"aioseo_notices":[],"gutentor_comment":0,"rttpg_featured_image_url":{"full":["https:\/\/arantv.az\/wp-content\/uploads\/2021\/10\/FotoJet-2021-10-20T200435.751.jpg",620,413,false],"landscape":["https:\/\/arantv.az\/wp-content\/uploads\/2021\/10\/FotoJet-2021-10-20T200435.751.jpg",620,413,false],"portraits":["https:\/\/arantv.az\/wp-content\/uploads\/2021\/10\/FotoJet-2021-10-20T200435.751.jpg",620,413,false],"thumbnail":["https:\/\/arantv.az\/wp-content\/uploads\/2021\/10\/FotoJet-2021-10-20T200435.751-500x280.jpg",500,280,true],"medium":["https:\/\/arantv.az\/wp-content\/uploads\/2021\/10\/FotoJet-2021-10-20T200435.751-548x365.jpg",548,365,true],"large":["https:\/\/arantv.az\/wp-content\/uploads\/2021\/10\/FotoJet-2021-10-20T200435.751.jpg",620,413,false],"1536x1536":["https:\/\/arantv.az\/wp-content\/uploads\/2021\/10\/FotoJet-2021-10-20T200435.751.jpg",620,413,false],"2048x2048":["https:\/\/arantv.az\/wp-content\/uploads\/2021\/10\/FotoJet-2021-10-20T200435.751.jpg",620,413,false],"post-thumbnail":["https:\/\/arantv.az\/wp-content\/uploads\/2021\/10\/FotoJet-2021-10-20T200435.751-240x172.jpg",240,172,true],"advps-thumb-one":["https:\/\/arantv.az\/wp-content\/uploads\/2021\/10\/FotoJet-2021-10-20T200435.751.jpg",620,413,false]},"rttpg_author":{"display_name":"V\u00fcsal Rafiqo\u011flu","author_link":"https:\/\/arantv.az\/?author=2"},"rttpg_comment":0,"rttpg_category":"<a href=\"https:\/\/arantv.az\/?cat=4\" rel=\"category\">Siyas\u0259t<\/a>","rttpg_excerpt":"\u201cBu, ham\u0131m\u0131z\u0131n q\u0259l\u0259b\u0259sidir, Az\u0259rbaycan xalq\u0131n\u0131n q\u0259l\u0259b\u0259sidir. \u00c7\u00fcnki xalq\u0131m\u0131z bu i\u015f\u011fal d\u00f6vr\u00fcnd\u0259 \u0259yilm\u0259di, v\u0259ziyy\u0259tl\u0259 bar\u0131\u015fmad\u0131, \u00f6z do\u011fma torpaqlar\u0131n\u0131 unutmad\u0131\u201d AZ\u018fRTAC\u00a0x\u0259b\u0259r verir ki, bu fikirl\u0259ri Prezident \u0130lham \u018fliyev Z\u0259ngilan rayon ictimaiyy\u0259tinin n\u00fcmay\u0259nd\u0259l\u0259ri il\u0259 g\u00f6r\u00fc\u015f\u00fcnd\u0259 s\u00f6yl\u0259yib. \u201cH\u0259tta bu torpaqlar\u0131 g\u00f6rm\u0259y\u0259n g\u0259ncl\u0259r d\u0259 bu torpaqlar\u0131n azad edilm\u0259si e\u015fqi il\u0259 ya\u015fam\u0131\u015flar v\u0259 \u00f6l\u00fcm\u0259 ged\u0259n d\u0259 m\u0259hz onlar oldu. Birinci s\u0131rada&hellip;","_links":{"self":[{"href":"https:\/\/arantv.az\/index.php?rest_route=\/wp\/v2\/posts\/393388"}],"collection":[{"href":"https:\/\/arantv.az\/index.php?rest_route=\/wp\/v2\/posts"}],"about":[{"href":"https:\/\/arantv.az\/index.php?rest_route=\/wp\/v2\/types\/post"}],"author":[{"embeddable":true,"href":"https:\/\/arantv.az\/index.php?rest_route=\/wp\/v2\/users\/2"}],"replies":[{"embeddable":true,"href":"https:\/\/arantv.az\/index.php?rest_route=%2Fwp%2Fv2%2Fcomments&post=393388"}],"version-history":[{"count":0,"href":"https:\/\/arantv.az\/index.php?rest_route=\/wp\/v2\/posts\/393388\/revisions"}],"wp:featuredmedia":[{"embeddable":true,"href":"https:\/\/arantv.az\/index.php?rest_route=\/wp\/v2\/media\/393389"}],"wp:attachment":[{"href":"https:\/\/arantv.az\/index.php?rest_route=%2Fwp%2Fv2%2Fmedia&parent=393388"}],"wp:term":[{"taxonomy":"category","embeddable":true,"href":"https:\/\/arantv.az\/index.php?rest_route=%2Fwp%2Fv2%2Fcategories&post=393388"},{"taxonomy":"post_tag","embeddable":true,"href":"https:\/\/arantv.az\/index.php?rest_route=%2Fwp%2Fv2%2Ftags&post=393388"}],"curies":[{"name":"wp","href":"https:\/\/api.w.org\/{rel}","templated":true}]}}