{"id":393391,"date":"2021-10-20T19:25:34","date_gmt":"2021-10-20T16:25:34","guid":{"rendered":"http:\/\/arantv.az\/?p=393391"},"modified":"2021-10-20T19:25:34","modified_gmt":"2021-10-20T16:25:34","slug":"prezident-calisacagiq-ki-g%c9%99l%c9%99n-ilin-%c9%99vv%c9%99li-v%c9%99-ya-bu-ilin-sonu-z%c9%99ngilanlilari-z%c9%99ngilana-kocurm%c9%99y%c9%99-baslayaq","status":"publish","type":"post","link":"https:\/\/arantv.az\/?p=393391","title":{"rendered":"Prezident: \u201c\u00c7al\u0131\u015faca\u011f\u0131q ki, g\u0259l\u0259n ilin \u0259vv\u0259li v\u0259 ya bu ilin sonu z\u0259ngilanl\u0131lar\u0131 Z\u0259ngilana k\u00f6\u00e7\u00fcrm\u0259y\u0259 ba\u015flayaq\u201d"},"content":{"rendered":"<p>\u201c\u0130ndi Z\u0259ngilan\u0131n yeni d\u00f6vr\u00fc ba\u015flay\u0131r v\u0259 \u015f\u0259h\u0259rin ba\u015f plan\u0131 art\u0131q haz\u0131rlan\u0131r. Bir xarici \u015firk\u0259t m\u00fcsabiq\u0259d\u0259 qalib g\u0259ldi v\u0259 hesab edir\u0259m ki, yax\u0131n aylarda ba\u015f plan t\u0259qdim edil\u0259c\u0259k\u201d.<\/p>\n<div id=\"AdviadNativeVideo0\" class=\"AdviadNativeVideo\"><\/div>\n<p><a href=\"https:\/\/azertag.az\/xeber\/Prezident_CHalisacagiq_ki_gelen_ilin_evveli_belke_de_bu_ilin_sonu_zengilanlilari_Zengilana_kochurmeye_baslayaq-1904548\" target=\"_blank\" rel=\"noopener\">AZ\u018fRTAC<\/a>\u00a0x\u0259b\u0259r verir ki, bu bar\u0259d\u0259 Prezident \u0130lham \u018fliyev Z\u0259ngilan rayon ictimaiyy\u0259tinin n\u00fcmay\u0259nd\u0259l\u0259ri il\u0259 g\u00f6r\u00fc\u015f\u00fcnd\u0259 bildirib.<\/p>\n<p>D\u00f6vl\u0259timizin ba\u015f\u00e7\u0131s\u0131 deyib ki, bu t\u0259bii g\u00f6z\u0259lliyi n\u0259z\u0259r\u0259 alaraq m\u00fcasir, \u00e7ox g\u00f6z\u0259l bir \u015f\u0259h\u0259r qurulacaq. Azad edilmi\u015f torpaqlarda birinci a\u011f\u0131ll\u0131 k\u0259nd layih\u0259si m\u0259hz Z\u0259ngilan rayonunda h\u0259yata ke\u00e7irilir. Art\u0131q b\u0259zi binalar haz\u0131rd\u0131r v\u0259 \u00e7al\u0131\u015faca\u011f\u0131q ki, g\u0259l\u0259n ilin \u0259vv\u0259li, b\u0259lk\u0259 d\u0259 bu ilin sonu z\u0259ngilanl\u0131lar\u0131 Z\u0259ngilana k\u00f6\u00e7\u00fcrm\u0259y\u0259 ba\u015flayaq.<\/p>\n","protected":false},"excerpt":{"rendered":"<p>\u201c\u0130ndi Z\u0259ngilan\u0131n yeni d\u00f6vr\u00fc ba\u015flay\u0131r v\u0259 \u015f\u0259h\u0259rin ba\u015f plan\u0131 art\u0131q haz\u0131rlan\u0131r. Bir xarici \u015firk\u0259t m\u00fcsabiq\u0259d\u0259 qalib g\u0259ldi v\u0259 hesab edir\u0259m ki, yax\u0131n aylarda ba\u015f plan t\u0259qdim edil\u0259c\u0259k\u201d. AZ\u018fRTAC\u00a0x\u0259b\u0259r verir ki, bu bar\u0259d\u0259 Prezident \u0130lham \u018fliyev Z\u0259ngilan rayon ictimaiyy\u0259tinin n\u00fcmay\u0259nd\u0259l\u0259ri il\u0259 g\u00f6r\u00fc\u015f\u00fcnd\u0259 bildirib. D\u00f6vl\u0259timizin ba\u015f\u00e7\u0131s\u0131 deyib ki, bu t\u0259bii g\u00f6z\u0259lliyi n\u0259z\u0259r\u0259 alaraq m\u00fcasir, \u00e7ox g\u00f6z\u0259l bir \u015f\u0259h\u0259r qurulacaq. Azad edilmi\u015f torpaqlarda birinci a\u011f\u0131ll\u0131 k\u0259nd layih\u0259si m\u0259hz Z\u0259ngilan rayonunda h\u0259yata ke\u00e7irilir. Art\u0131q b\u0259zi binalar haz\u0131rd\u0131r v\u0259 \u00e7al\u0131\u015faca\u011f\u0131q ki, g\u0259l\u0259n ilin \u0259vv\u0259li, b\u0259lk\u0259 d\u0259 bu ilin sonu z\u0259ngilanl\u0131lar\u0131 Z\u0259ngilana k\u00f6\u00e7\u00fcrm\u0259y\u0259 ba\u015flayaq.<\/p>\n","protected":false},"author":2,"featured_media":393392,"comment_status":"closed","ping_status":"closed","sticky":false,"template":"","format":"standard","meta":{"om_disable_all_campaigns":false,"_monsterinsights_skip_tracking":false,"_monsterinsights_sitenote_active":false,"_monsterinsights_sitenote_note":"","_monsterinsights_sitenote_category":0},"categories":[4],"tags":[],"aioseo_notices":[],"gutentor_comment":0,"rttpg_featured_image_url":{"full":["https:\/\/arantv.az\/wp-content\/uploads\/2021\/10\/FotoJet-2021-10-20T195623.897.jpg",620,413,false],"landscape":["https:\/\/arantv.az\/wp-content\/uploads\/2021\/10\/FotoJet-2021-10-20T195623.897.jpg",620,413,false],"portraits":["https:\/\/arantv.az\/wp-content\/uploads\/2021\/10\/FotoJet-2021-10-20T195623.897.jpg",620,413,false],"thumbnail":["https:\/\/arantv.az\/wp-content\/uploads\/2021\/10\/FotoJet-2021-10-20T195623.897-500x280.jpg",500,280,true],"medium":["https:\/\/arantv.az\/wp-content\/uploads\/2021\/10\/FotoJet-2021-10-20T195623.897-548x365.jpg",548,365,true],"large":["https:\/\/arantv.az\/wp-content\/uploads\/2021\/10\/FotoJet-2021-10-20T195623.897.jpg",620,413,false],"1536x1536":["https:\/\/arantv.az\/wp-content\/uploads\/2021\/10\/FotoJet-2021-10-20T195623.897.jpg",620,413,false],"2048x2048":["https:\/\/arantv.az\/wp-content\/uploads\/2021\/10\/FotoJet-2021-10-20T195623.897.jpg",620,413,false],"post-thumbnail":["https:\/\/arantv.az\/wp-content\/uploads\/2021\/10\/FotoJet-2021-10-20T195623.897-240x172.jpg",240,172,true],"advps-thumb-one":["https:\/\/arantv.az\/wp-content\/uploads\/2021\/10\/FotoJet-2021-10-20T195623.897.jpg",620,413,false]},"rttpg_author":{"display_name":"V\u00fcsal Rafiqo\u011flu","author_link":"https:\/\/arantv.az\/?author=2"},"rttpg_comment":0,"rttpg_category":"<a href=\"https:\/\/arantv.az\/?cat=4\" rel=\"category\">Siyas\u0259t<\/a>","rttpg_excerpt":"\u201c\u0130ndi Z\u0259ngilan\u0131n yeni d\u00f6vr\u00fc ba\u015flay\u0131r v\u0259 \u015f\u0259h\u0259rin ba\u015f plan\u0131 art\u0131q haz\u0131rlan\u0131r. Bir xarici \u015firk\u0259t m\u00fcsabiq\u0259d\u0259 qalib g\u0259ldi v\u0259 hesab edir\u0259m ki, yax\u0131n aylarda ba\u015f plan t\u0259qdim edil\u0259c\u0259k\u201d. AZ\u018fRTAC\u00a0x\u0259b\u0259r verir ki, bu bar\u0259d\u0259 Prezident \u0130lham \u018fliyev Z\u0259ngilan rayon ictimaiyy\u0259tinin n\u00fcmay\u0259nd\u0259l\u0259ri il\u0259 g\u00f6r\u00fc\u015f\u00fcnd\u0259 bildirib. D\u00f6vl\u0259timizin ba\u015f\u00e7\u0131s\u0131 deyib ki, bu t\u0259bii g\u00f6z\u0259lliyi n\u0259z\u0259r\u0259 alaraq m\u00fcasir, \u00e7ox g\u00f6z\u0259l bir&hellip;","_links":{"self":[{"href":"https:\/\/arantv.az\/index.php?rest_route=\/wp\/v2\/posts\/393391"}],"collection":[{"href":"https:\/\/arantv.az\/index.php?rest_route=\/wp\/v2\/posts"}],"about":[{"href":"https:\/\/arantv.az\/index.php?rest_route=\/wp\/v2\/types\/post"}],"author":[{"embeddable":true,"href":"https:\/\/arantv.az\/index.php?rest_route=\/wp\/v2\/users\/2"}],"replies":[{"embeddable":true,"href":"https:\/\/arantv.az\/index.php?rest_route=%2Fwp%2Fv2%2Fcomments&post=393391"}],"version-history":[{"count":0,"href":"https:\/\/arantv.az\/index.php?rest_route=\/wp\/v2\/posts\/393391\/revisions"}],"wp:featuredmedia":[{"embeddable":true,"href":"https:\/\/arantv.az\/index.php?rest_route=\/wp\/v2\/media\/393392"}],"wp:attachment":[{"href":"https:\/\/arantv.az\/index.php?rest_route=%2Fwp%2Fv2%2Fmedia&parent=393391"}],"wp:term":[{"taxonomy":"category","embeddable":true,"href":"https:\/\/arantv.az\/index.php?rest_route=%2Fwp%2Fv2%2Fcategories&post=393391"},{"taxonomy":"post_tag","embeddable":true,"href":"https:\/\/arantv.az\/index.php?rest_route=%2Fwp%2Fv2%2Ftags&post=393391"}],"curies":[{"name":"wp","href":"https:\/\/api.w.org\/{rel}","templated":true}]}}