{"id":393394,"date":"2021-10-20T19:26:28","date_gmt":"2021-10-20T16:26:28","guid":{"rendered":"http:\/\/arantv.az\/?p=393394"},"modified":"2021-10-20T19:26:28","modified_gmt":"2021-10-20T16:26:28","slug":"rebuild-karabakh-s%c9%99rgisi-c%c9%99rciv%c9%99sind%c9%99-kobia-nin-stendind%c9%99-isguzar-gorusl%c9%99r-kecirilir-foto","status":"publish","type":"post","link":"https:\/\/arantv.az\/?p=393394","title":{"rendered":"\u201cRebuild Karabakh\u201d s\u0259rgisi \u00e7\u0259r\u00e7iv\u0259sind\u0259 KOB\u0130A-n\u0131n stendind\u0259 i\u015fg\u00fczar g\u00f6r\u00fc\u015fl\u0259r ke\u00e7irilir &#8211; FOTO"},"content":{"rendered":"<p>Oktyabr\u0131n 20-d\u0259 Bak\u0131 Ekspo M\u0259rk\u0259zind\u0259 \u201cRebuild Karabakh\u201d &#8211; 1-ci Az\u0259rbaycan Beyn\u0259lxalq \u201cQaraba\u011f\u0131n B\u0259rpa, Yenid\u0259nqurma v\u0259 \u0130nki\u015faf\u0131\u201d S\u0259rgisi \u00f6z i\u015fin\u0259 ba\u015flay\u0131b.<\/p>\n<p>Ki\u00e7ik v\u0259 Orta Biznesin \u0130nki\u015faf\u0131 Agentliyi (KOB\u0130A) s\u0259rgini d\u0259st\u0259kl\u0259y\u0259n qurumlardand\u0131r v\u0259 s\u0259rgid\u0259 x\u00fcsusi stendl\u0259 t\u0259msil olunur.<\/p>\n<p>KOB\u0130A-n\u0131n stendind\u0259 i\u015f\u011faldan azad olunmu\u015f \u0259razil\u0259r\u0259 investisiya qoyulu\u015funda v\u0259 biznes layih\u0259l\u0259ri h\u0259yata ke\u00e7irm\u0259kd\u0259 maraql\u0131 olan yerli v\u0259 xarici i\u015f adamlar\u0131n\u0131n m\u00fcraci\u0259tl\u0259ri yerind\u0259 q\u0259bul edilir. Stendd\u0259 h\u0259m\u00e7inin, m\u00fcvafiq istiqam\u0259td\u0259 KOB\u0130A-ya daxil olan m\u00fcraci\u0259tl\u0259r\u0259 dair m\u0259lumatland\u0131r\u0131c\u0131 l\u00f6vh\u0259 yerl\u0259\u015fdirilib.<\/p>\n<div id=\"AdviadNativeVideo0\" class=\"AdviadNativeVideo\"><\/div>\n<p>M\u0259lumat \u00fc\u00e7\u00fcn bildir\u0259k ki, indiy\u0259d\u0259k i\u015f\u011faldan azad edilmi\u015f \u0259razil\u0259rd\u0259 biznes qurmaq ist\u0259y\u0259n sahibkarlardan KOB\u0130A-ya 800-d\u0259n \u00e7ox m\u00fcraci\u0259t daxil olub ki, bu m\u00fcraci\u0259tl\u0259rin 240-a yax\u0131n\u0131 30 \u00f6lk\u0259d\u0259n olan xarici investorlar t\u0259r\u0259find\u0259n t\u0259qdim edilib. Agentliyin stendind\u0259 \u0259m\u0259kda\u015fl\u0131qda maraql\u0131 olan yerli v\u0259 xarici i\u015f adamlar\u0131n\u0131n g\u00f6r\u00fc\u015f\u00fc \u00fc\u00e7\u00fcn m\u00fcvafiq \u015f\u0259rait d\u0259 yarad\u0131l\u0131b.<\/p>\n<p>H\u0259m\u00e7inin, KOB\u0130A-n\u0131n stendind\u0259 C\u0259bray\u0131l rayonunun Cocuq M\u0259rcanl\u0131 k\u0259ndind\u0259 KOB\u0130A, T\u00dc\u0130B v\u0259 T\u0130KA t\u0259\u015fkilatlar\u0131n\u0131n birg\u0259 d\u0259st\u0259yi il\u0259 h\u0259yata ke\u00e7iril\u0259n suvenir istehsal\u0131 m\u00fc\u0259ssis\u0259si v\u0259 istixana t\u0259s\u0259rr\u00fcfat\u0131, \u0130qtisadiyyat Nazirliyinin Sahibkarl\u0131\u011f\u0131n \u0130nki\u015faf\u0131 Fondu t\u0259r\u0259find\u0259n sahibkarlara veril\u0259n d\u00f6vl\u0259tin g\u00fcz\u0259\u015ftli kreditl\u0259ri bar\u0259d\u0259 d\u0259 m\u0259lumat verilir.<\/p>\n<p>Qeyd ed\u0259k ki, ilk d\u0259f\u0259 olaraq ke\u00e7iril\u0259n \u201cRebuild Karabakh\u201d s\u0259rgisind\u0259 20-y\u0259 yax\u0131n \u00f6lk\u0259d\u0259n 280-\u0259 yax\u0131n yerli v\u0259 xarici \u015firk\u0259tl\u0259r i\u015ftirak edir. S\u0259rgid\u0259 Qaraba\u011f\u0131n inki\u015faf\u0131 \u00fc\u00e7\u00fcn s\u0259m\u0259r\u0259li m\u0259hsul, layih\u0259 v\u0259 h\u0259ll\u0259r n\u00fcmayi\u015f olunur. \u201cRebuild Karabakh\u201d s\u0259rgisi oktyabr\u0131n 22-d\u0259k davam ed\u0259c\u0259kdir.<\/p>\n<p>&nbsp;<\/p>\n<div class=\"gallery\">\n<div class=\"gallery-i\"><img src=\"https:\/\/cdn.oxu.az\/uploads\/W1siZiIsIjIwMjEvMTAvMjAvMTkvMjUvNTYvMTRlOTRjYzktM2E1Yy00ZmI0LWEyNjQtZDViZDA5NDExZTkxLzMgKDEpLmpwZWciXSxbInAiLCJlbmNvZGUiLCJqcGciLCItcXVhbGl0eSA4MCJdLFsicCIsInRodW1iIiwiNTkweDU5MFx1MDAzZSJdXQ?sha=094efe905d21253a\" alt=\"\" \/><\/p>\n<div class=\"gallery-i-caption\"><\/div>\n<\/div>\n<div class=\"gallery-i\"><img src=\"https:\/\/cdn.oxu.az\/uploads\/W1siZiIsIjIwMjEvMTAvMjAvMTkvMjUvNTYvMWE1NGM0NmYtMjM2NS00MmY4LTgwYTgtZjJhNGI3MTZhODQ2LzEgKDEpLmpwZWciXSxbInAiLCJlbmNvZGUiLCJqcGciLCItcXVhbGl0eSA4MCJdLFsicCIsInRodW1iIiwiNTkweDU5MFx1MDAzZSJdXQ?sha=47c63258f01f9283\" alt=\"\" \/><\/div>\n<\/div>\n","protected":false},"excerpt":{"rendered":"<p>Oktyabr\u0131n 20-d\u0259 Bak\u0131 Ekspo M\u0259rk\u0259zind\u0259 \u201cRebuild Karabakh\u201d &#8211; 1-ci Az\u0259rbaycan Beyn\u0259lxalq \u201cQaraba\u011f\u0131n B\u0259rpa, Yenid\u0259nqurma v\u0259 \u0130nki\u015faf\u0131\u201d S\u0259rgisi \u00f6z i\u015fin\u0259 ba\u015flay\u0131b. Ki\u00e7ik v\u0259 Orta Biznesin \u0130nki\u015faf\u0131 Agentliyi (KOB\u0130A) s\u0259rgini d\u0259st\u0259kl\u0259y\u0259n qurumlardand\u0131r v\u0259 s\u0259rgid\u0259 x\u00fcsusi stendl\u0259 t\u0259msil olunur. KOB\u0130A-n\u0131n stendind\u0259 i\u015f\u011faldan azad olunmu\u015f \u0259razil\u0259r\u0259 investisiya qoyulu\u015funda v\u0259 biznes layih\u0259l\u0259ri h\u0259yata ke\u00e7irm\u0259kd\u0259 maraql\u0131 olan yerli v\u0259 xarici i\u015f adamlar\u0131n\u0131n m\u00fcraci\u0259tl\u0259ri yerind\u0259 q\u0259bul edilir. Stendd\u0259 h\u0259m\u00e7inin, m\u00fcvafiq istiqam\u0259td\u0259 KOB\u0130A-ya daxil olan m\u00fcraci\u0259tl\u0259r\u0259 dair m\u0259lumatland\u0131r\u0131c\u0131 l\u00f6vh\u0259 yerl\u0259\u015fdirilib. M\u0259lumat \u00fc\u00e7\u00fcn bildir\u0259k ki, indiy\u0259d\u0259k i\u015f\u011faldan azad edilmi\u015f \u0259razil\u0259rd\u0259 biznes qurmaq ist\u0259y\u0259n sahibkarlardan KOB\u0130A-ya 800-d\u0259n \u00e7ox m\u00fcraci\u0259t daxil&hellip;<\/p>\n","protected":false},"author":2,"featured_media":393395,"comment_status":"closed","ping_status":"closed","sticky":false,"template":"","format":"standard","meta":{"om_disable_all_campaigns":false,"_monsterinsights_skip_tracking":false,"_monsterinsights_sitenote_active":false,"_monsterinsights_sitenote_note":"","_monsterinsights_sitenote_category":0},"categories":[19],"tags":[],"aioseo_notices":[],"gutentor_comment":0,"rttpg_featured_image_url":{"full":["https:\/\/arantv.az\/wp-content\/uploads\/2021\/10\/FotoJet-2021-10-20T192535.344.jpg",620,413,false],"landscape":["https:\/\/arantv.az\/wp-content\/uploads\/2021\/10\/FotoJet-2021-10-20T192535.344.jpg",620,413,false],"portraits":["https:\/\/arantv.az\/wp-content\/uploads\/2021\/10\/FotoJet-2021-10-20T192535.344.jpg",620,413,false],"thumbnail":["https:\/\/arantv.az\/wp-content\/uploads\/2021\/10\/FotoJet-2021-10-20T192535.344-500x280.jpg",500,280,true],"medium":["https:\/\/arantv.az\/wp-content\/uploads\/2021\/10\/FotoJet-2021-10-20T192535.344-548x365.jpg",548,365,true],"large":["https:\/\/arantv.az\/wp-content\/uploads\/2021\/10\/FotoJet-2021-10-20T192535.344.jpg",620,413,false],"1536x1536":["https:\/\/arantv.az\/wp-content\/uploads\/2021\/10\/FotoJet-2021-10-20T192535.344.jpg",620,413,false],"2048x2048":["https:\/\/arantv.az\/wp-content\/uploads\/2021\/10\/FotoJet-2021-10-20T192535.344.jpg",620,413,false],"post-thumbnail":["https:\/\/arantv.az\/wp-content\/uploads\/2021\/10\/FotoJet-2021-10-20T192535.344-240x172.jpg",240,172,true],"advps-thumb-one":["https:\/\/arantv.az\/wp-content\/uploads\/2021\/10\/FotoJet-2021-10-20T192535.344.jpg",620,413,false]},"rttpg_author":{"display_name":"V\u00fcsal Rafiqo\u011flu","author_link":"https:\/\/arantv.az\/?author=2"},"rttpg_comment":0,"rttpg_category":"<a href=\"https:\/\/arantv.az\/?cat=19\" rel=\"category\">G\u00fcnd\u0259m<\/a>","rttpg_excerpt":"Oktyabr\u0131n 20-d\u0259 Bak\u0131 Ekspo M\u0259rk\u0259zind\u0259 \u201cRebuild Karabakh\u201d &#8211; 1-ci Az\u0259rbaycan Beyn\u0259lxalq \u201cQaraba\u011f\u0131n B\u0259rpa, Yenid\u0259nqurma v\u0259 \u0130nki\u015faf\u0131\u201d S\u0259rgisi \u00f6z i\u015fin\u0259 ba\u015flay\u0131b. Ki\u00e7ik v\u0259 Orta Biznesin \u0130nki\u015faf\u0131 Agentliyi (KOB\u0130A) s\u0259rgini d\u0259st\u0259kl\u0259y\u0259n qurumlardand\u0131r v\u0259 s\u0259rgid\u0259 x\u00fcsusi stendl\u0259 t\u0259msil olunur. KOB\u0130A-n\u0131n stendind\u0259 i\u015f\u011faldan azad olunmu\u015f \u0259razil\u0259r\u0259 investisiya qoyulu\u015funda v\u0259 biznes layih\u0259l\u0259ri h\u0259yata ke\u00e7irm\u0259kd\u0259 maraql\u0131 olan yerli v\u0259 xarici i\u015f&hellip;","_links":{"self":[{"href":"https:\/\/arantv.az\/index.php?rest_route=\/wp\/v2\/posts\/393394"}],"collection":[{"href":"https:\/\/arantv.az\/index.php?rest_route=\/wp\/v2\/posts"}],"about":[{"href":"https:\/\/arantv.az\/index.php?rest_route=\/wp\/v2\/types\/post"}],"author":[{"embeddable":true,"href":"https:\/\/arantv.az\/index.php?rest_route=\/wp\/v2\/users\/2"}],"replies":[{"embeddable":true,"href":"https:\/\/arantv.az\/index.php?rest_route=%2Fwp%2Fv2%2Fcomments&post=393394"}],"version-history":[{"count":0,"href":"https:\/\/arantv.az\/index.php?rest_route=\/wp\/v2\/posts\/393394\/revisions"}],"wp:featuredmedia":[{"embeddable":true,"href":"https:\/\/arantv.az\/index.php?rest_route=\/wp\/v2\/media\/393395"}],"wp:attachment":[{"href":"https:\/\/arantv.az\/index.php?rest_route=%2Fwp%2Fv2%2Fmedia&parent=393394"}],"wp:term":[{"taxonomy":"category","embeddable":true,"href":"https:\/\/arantv.az\/index.php?rest_route=%2Fwp%2Fv2%2Fcategories&post=393394"},{"taxonomy":"post_tag","embeddable":true,"href":"https:\/\/arantv.az\/index.php?rest_route=%2Fwp%2Fv2%2Ftags&post=393394"}],"curies":[{"name":"wp","href":"https:\/\/api.w.org\/{rel}","templated":true}]}}