{"id":393397,"date":"2021-10-20T19:27:25","date_gmt":"2021-10-20T16:27:25","guid":{"rendered":"http:\/\/arantv.az\/?p=393397"},"modified":"2021-10-20T19:27:25","modified_gmt":"2021-10-20T16:27:25","slug":"az%c9%99rbaycan-v%c9%99-turkiy%c9%99-g%c9%99ncl%c9%99rinin-istiraki-il%c9%99-beyn%c9%99lxalq-z%c9%99f%c9%99r-dus%c9%99rg%c9%99sinin-acilisi-kecirilib-foto","status":"publish","type":"post","link":"https:\/\/arantv.az\/?p=393397","title":{"rendered":"Az\u0259rbaycan v\u0259 T\u00fcrkiy\u0259 g\u0259ncl\u0259rinin i\u015ftirak\u0131 il\u0259 \u201cBeyn\u0259lxalq Z\u0259f\u0259r d\u00fc\u015f\u0259rg\u0259si\u201dnin a\u00e7\u0131l\u0131\u015f\u0131 ke\u00e7irilib \u2013 FOTO"},"content":{"rendered":"<p>Az\u0259rbaycan v\u0259 T\u00fcrkiy\u0259 g\u0259ncl\u0259rinin i\u015ftirak\u0131 il\u0259 n\u00f6vb\u0259ti \u201cBeyn\u0259lxalq z\u0259f\u0259r d\u00fc\u015f\u0259rg\u0259si\u201d Qaziantep \u015f\u0259h\u0259rind\u0259 ba\u015flay\u0131b.<\/p>\n<p>Az\u0259rbaycan Respublikas\u0131n\u0131n G\u0259ncl\u0259r Fondu, Nax\u00e7\u0131van Muxtar Respublikas\u0131n\u0131n G\u0259ncl\u0259r Fondu, T\u00fcrkiy\u0259 G\u0259nclik V\u0259qfinin birg\u0259 t\u0259\u015fkilat\u00e7\u0131l\u0131\u011f\u0131 il\u0259 ke\u00e7iril\u0259n d\u00fc\u015f\u0259rg\u0259nin m\u0259qs\u0259di h\u0259r iki \u00f6lk\u0259 g\u0259ncl\u0259rinin \u0259m\u0259kda\u015fl\u0131\u011f\u0131n\u0131n daha da inki\u015faf etdirilm\u0259si, qarda\u015f \u00f6lk\u0259 g\u0259ncl\u0259rinin ortaq h\u0259yata ke\u00e7irdiyi layih\u0259l\u0259rin v\u0259 t\u0259dbirl\u0259rin say\u0131n\u0131n art\u0131r\u0131lmas\u0131, Az\u0259rbaycan v\u0259 T\u00fcrkiy\u0259 m\u0259d\u0259niyy\u0259tinin, tarixinin g\u0259ncl\u0259r aras\u0131nda t\u0259bli\u011fi, M\u00fcz\u0259ff\u0259r Ali Ba\u015f Komandan \u0130lham \u018fliyevin r\u0259hb\u0259rliyi alt\u0131nda V\u0259t\u0259n m\u00fcharib\u0259sind\u0259 qazan\u0131lan Z\u0259f\u0259rin iki \u00f6lk\u0259nin g\u0259ncl\u0259ri aras\u0131nda t\u0259bli\u011f olunmas\u0131d\u0131r.<\/p>\n<p>A\u00e7\u0131l\u0131\u015f m\u0259rasimi h\u0259r iki d\u00f6vl\u0259tin himninin s\u0259sl\u0259ndirilm\u0259si v\u0259 \u015f\u0259hidl\u0259rin ruhunun bir d\u0259qiq\u0259lik s\u00fckutla yad edilm\u0259si il\u0259 ba\u015flay\u0131b. T\u0259dbird\u0259 Az\u0259rbaycan G\u0259ncl\u0259r Fondunun icra\u00e7\u0131 direktoru F\u0259rid C\u0259f\u0259rov, T\u00fcrkiy\u0259 G\u0259nclik V\u0259qfinin icra\u00e7\u0131 direktoru Enes Emino\u011flu, Nax\u00e7\u0131van MR-n\u0131n G\u0259ncl\u0259r Fondunun icra\u00e7\u0131 direktoru C\u0259bi Quliyev v\u0259 dig\u0259r r\u0259smi \u015f\u0259xsl\u0259r a\u00e7\u0131l\u0131\u015f nitql\u0259ri s\u00f6yl\u0259yibl\u0259r.<\/p>\n<div id=\"AdviadNativeVideo0\" class=\"AdviadNativeVideo\"><\/div>\n<p>Qonaqlar \u00e7\u0131x\u0131\u015flar\u0131nda bu ilin 25-31 iyul tarixl\u0259rind\u0259 Nax\u00e7\u0131van \u015f\u0259h\u0259rind\u0259 u\u011furla ke\u00e7iril\u0259n \u201cBeyn\u0259lxalq Z\u0259f\u0259r D\u00fc\u015f\u0259rg\u0259si\u201dnin h\u0259r iki d\u00f6vl\u0259tin g\u0259ncl\u0259ri aras\u0131nda dostluq, \u0259m\u0259kda\u015fl\u0131q \u0259laq\u0259l\u0259rini daha da g\u00fccl\u0259ndirdiyini vur\u011fulayaraq, d\u00fc\u015f\u0259rg\u0259 m\u00fcdd\u0259tind\u0259 g\u0259ncl\u0259rin qarda\u015f d\u00f6vl\u0259tl\u0259rin tarixi v\u0259 m\u0259d\u0259niyy\u0259tin\u0259 dair geni\u015f bilikl\u0259r \u0259ld\u0259 etdikl\u0259rini bildirib, u\u011furla yekunla\u015fan \u00f6t\u0259n d\u00fc\u015f\u0259rg\u0259nin davam\u0131 olaraq, Qaziantep \u015f\u0259h\u0259rind\u0259 ke\u00e7iril\u0259c\u0259k d\u00fc\u015f\u0259rg\u0259nin d\u0259 eyni maraqla qar\u015f\u0131lanaca\u011f\u0131na inand\u0131qlar\u0131n\u0131 qeyd edibl\u0259r.<\/p>\n<p>\u00c7\u0131x\u0131\u015f ed\u0259nl\u0259r M\u00fcz\u0259ff\u0259r Ali Ba\u015f Komandan \u0130lham \u018fliyevin r\u0259hb\u0259rliyi v\u0259 \u015fanl\u0131 ordumuzun \u015f\u00fcca\u0259ti il\u0259 V\u0259t\u0259n m\u00fcharib\u0259sind\u0259 qazan\u0131lm\u0131\u015f z\u0259f\u0259r fonunda m\u00fch\u00fcm bir tarixi d\u00f6vrd\u0259 ya\u015fad\u0131\u011f\u0131m\u0131z\u0131 x\u00fcsusi olaraq vur\u011fulayaraq, tarixi q\u0259l\u0259b\u0259nin qazan\u0131lmas\u0131nda qarda\u015f T\u00fcrkiy\u0259 d\u00f6vl\u0259tinin v\u0259 r\u0259smil\u0259rinin g\u00f6st\u0259rdiyi siyasi v\u0259 m\u0259n\u0259vi d\u0259st\u0259yind\u0259n s\u00f6z a\u00e7\u0131b, h\u0259r iki \u00f6lk\u0259 g\u0259ncl\u0259rinin \u00fcmummilli maraqlara xidm\u0259t ed\u0259n m\u00f6vzular \u0259traf\u0131nda irimiqyasl\u0131 layih\u0259l\u0259r\u0259 c\u0259lb olunmas\u0131n\u0131n \u0259sas m\u0259qs\u0259dl\u0259rd\u0259n biri oldu\u011funu qeyd edibl\u0259r.<\/p>\n<p>T\u00fcrkiy\u0259 v\u0259 Az\u0259rbaycan\u0131n m\u00fcxt\u0259lif b\u00f6lg\u0259l\u0259rind\u0259n olan, h\u0259r iki \u00f6lk\u0259d\u0259n 100 i\u015ftirak\u00e7\u0131 olmaqla, \u00fcmumilikd\u0259 200 g\u0259ncin i\u015ftirak\u0131 il\u0259 ba\u015f tutacaq d\u00fc\u015f\u0259rg\u0259 19-25 oktyabr tarixl\u0259rini \u0259hat\u0259 ed\u0259c\u0259k.<\/p>\n<p>Qeyd ed\u0259k ki, d\u00fc\u015f\u0259rg\u0259 m\u00fcdd\u0259tind\u0259 i\u015ftirak\u00e7\u0131lar iki \u00f6lk\u0259 g\u0259ncl\u0259rinin ortaq m\u0259d\u0259niyy\u0259tinin \u00f6yr\u0259nilm\u0259si, g\u0259ncl\u0259rin h\u0259r iki \u00f6lk\u0259nin tarixi haqq\u0131nda maarifl\u0259ndirilm\u0259si il\u0259 \u0259laq\u0259dar Urfa \u015f\u0259h\u0259rin\u0259, Qaziantepin m\u00fcxt\u0259lif tarixi abid\u0259l\u0259rin\u0259 v\u0259 turizm m\u0259kanlar\u0131na s\u0259f\u0259r ed\u0259c\u0259k, asud\u0259 vaxtlar\u0131n\u0131n s\u0259m\u0259r\u0259li ke\u00e7irilm\u0259si \u00fc\u00e7\u00fcn m\u00fcxt\u0259lif \u0259yl\u0259nc\u0259li oyunlara, intellektual yar\u0131\u015flara v\u0259 \u015f\u0259xsi inki\u015fafla ba\u011fl\u0131 t\u0259liml\u0259r\u0259 c\u0259lb olunacaqlar.<\/p>\n<p>H\u0259r iki \u00f6lk\u0259nin G\u0259ncl\u0259r Fondu t\u0259r\u0259find\u0259n g\u0259l\u0259c\u0259kd\u0259 dig\u0259r irimiqyasl\u0131 d\u00fc\u015f\u0259rg\u0259 v\u0259 layih\u0259l\u0259rin d\u0259 icras\u0131 planla\u015fd\u0131r\u0131l\u0131r.<\/p>\n<p>&nbsp;<\/p>\n<div class=\"gallery\">\n<div class=\"gallery-i\"><img src=\"https:\/\/cdn.oxu.az\/uploads\/W1siZiIsIjIwMjEvMTAvMjAvMTkvMjIvMDAvZDRmMWRiNjgtYTQwNy00NzRiLTkzZGItZWViYWFlOTkxZWNhL1doYXRzQXBwIEltYWdlIDIwMjEtMTAtMjAgYXQgNC4yMy4yMSBQTSAoMSkuanBlZyJdLFsicCIsImVuY29kZSIsImpwZyIsIi1xdWFsaXR5IDgwIl0sWyJwIiwidGh1bWIiLCI1OTB4NTkwXHUwMDNlIl1d?sha=0833e85cb3d891b9\" alt=\"\" \/><\/p>\n<div class=\"gallery-i-caption\"><\/div>\n<\/div>\n<div class=\"gallery-i\"><img src=\"https:\/\/cdn.oxu.az\/uploads\/W1siZiIsIjIwMjEvMTAvMjAvMTkvMjIvMDAvMTE5YTBkMmMtOTI2Ny00ZGU0LWFlOWUtNzFmN2NiNTljODdiL1doYXRzQXBwIEltYWdlIDIwMjEtMTAtMjAgYXQgNC4yMy4yMSBQTSAoMikuanBlZyJdLFsicCIsImVuY29kZSIsImpwZyIsIi1xdWFsaXR5IDgwIl0sWyJwIiwidGh1bWIiLCI1OTB4NTkwXHUwMDNlIl1d?sha=c82da46786112d18\" alt=\"\" \/><\/p>\n<div class=\"gallery-i-caption\"><\/div>\n<\/div>\n<div class=\"gallery-i\"><img src=\"https:\/\/cdn.oxu.az\/uploads\/W1siZiIsIjIwMjEvMTAvMjAvMTkvMjIvMDAvM2Q0ZWM1NzYtY2VkMi00MzkzLThmMjYtMWZjMGMyMjdhNTNmL1doYXRzQXBwIEltYWdlIDIwMjEtMTAtMjAgYXQgNC4yMy4yMSBQTSAoMykuanBlZyJdLFsicCIsImVuY29kZSIsImpwZyIsIi1xdWFsaXR5IDgwIl0sWyJwIiwidGh1bWIiLCI1OTB4NTkwXHUwMDNlIl1d?sha=0ea6b4817a28991c\" alt=\"\" \/><\/p>\n<div class=\"gallery-i-caption\"><\/div>\n<\/div>\n<div class=\"gallery-i\"><img src=\"https:\/\/cdn.oxu.az\/uploads\/W1siZiIsIjIwMjEvMTAvMjAvMTkvMjIvMDAvNjI5NGRkZTgtZjRjOS00NDQzLThiMjMtYWY2OWU0N2FlYTgwL1doYXRzQXBwIEltYWdlIDIwMjEtMTAtMjAgYXQgNC4yMy4yMSBQTSAoNCkuanBlZyJdLFsicCIsImVuY29kZSIsImpwZyIsIi1xdWFsaXR5IDgwIl0sWyJwIiwidGh1bWIiLCI1OTB4NTkwXHUwMDNlIl1d?sha=fb613b0ee95ef81c\" alt=\"\" \/><\/p>\n<div class=\"gallery-i-caption\"><\/div>\n<\/div>\n<div class=\"gallery-i\"><img src=\"https:\/\/cdn.oxu.az\/uploads\/W1siZiIsIjIwMjEvMTAvMjAvMTkvMjIvMDEvYzY1MDA1YjQtMjZmNC00ZjI0LTk4Y2QtNGVkNTIyMTljMjM2L1doYXRzQXBwIEltYWdlIDIwMjEtMTAtMjAgYXQgNC4yMy4yMSBQTSAoNSkuanBlZyJdLFsicCIsImVuY29kZSIsImpwZyIsIi1xdWFsaXR5IDgwIl0sWyJwIiwidGh1bWIiLCI1OTB4NTkwXHUwMDNlIl1d?sha=dd7fbc59481096c7\" alt=\"\" \/><\/p>\n<div class=\"gallery-i-caption\"><\/div>\n<\/div>\n<div class=\"gallery-i\"><img src=\"https:\/\/cdn.oxu.az\/uploads\/W1siZiIsIjIwMjEvMTAvMjAvMTkvMjIvMDEvZTY1M2I0YmYtMDA3YS00ODJiLTkzZGItMWUyNTk5NDFlZDcyL1doYXRzQXBwIEltYWdlIDIwMjEtMTAtMjAgYXQgNC4yMy4yMSBQTSAoNikuanBlZyJdLFsicCIsImVuY29kZSIsImpwZyIsIi1xdWFsaXR5IDgwIl0sWyJwIiwidGh1bWIiLCI1OTB4NTkwXHUwMDNlIl1d?sha=f77505730628fe80\" alt=\"\" \/><\/p>\n<div class=\"gallery-i-caption\"><\/div>\n<\/div>\n<div class=\"gallery-i\"><img src=\"https:\/\/cdn.oxu.az\/uploads\/W1siZiIsIjIwMjEvMTAvMjAvMTkvMjIvMDEvMzgwMDFhMDEtMTAxOS00ZDI2LTk3N2EtYTNmYjJiN2UxNjdlL1doYXRzQXBwIEltYWdlIDIwMjEtMTAtMjAgYXQgNC4yMy4yMSBQTSAoNykuanBlZyJdLFsicCIsImVuY29kZSIsImpwZyIsIi1xdWFsaXR5IDgwIl0sWyJwIiwidGh1bWIiLCI1OTB4NTkwXHUwMDNlIl1d?sha=796bd66e90bce8f6\" alt=\"\" \/><\/p>\n<div class=\"gallery-i-caption\"><\/div>\n<\/div>\n<div class=\"gallery-i\"><img src=\"https:\/\/cdn.oxu.az\/uploads\/W1siZiIsIjIwMjEvMTAvMjAvMTkvMjIvMDEvZWI5ODM4MjktMWJmZC00MDUxLWE2NGEtZDgxZWQ0NDczNGNkL1doYXRzQXBwIEltYWdlIDIwMjEtMTAtMjAgYXQgNC4yMy4yMSBQTS5qcGVnIl0sWyJwIiwiZW5jb2RlIiwianBnIiwiLXF1YWxpdHkgODAiXSxbInAiLCJ0aHVtYiIsIjU5MHg1OTBcdTAwM2UiXV0?sha=187f29a76b2db798\" alt=\"\" \/><\/p>\n<div class=\"gallery-i-caption\"><\/div>\n<\/div>\n<div class=\"gallery-i\"><img src=\"https:\/\/cdn.oxu.az\/uploads\/W1siZiIsIjIwMjEvMTAvMjAvMTkvMjIvMDEvMDc4NDY3NTctYWZhYy00MGQ1LTk0ZjktYmQ5OTdhNGY2MWEwL1doYXRzQXBwIEltYWdlIDIwMjEtMTAtMjAgYXQgNi4yNy4yMyBQTS5qcGVnIl0sWyJwIiwiZW5jb2RlIiwianBnIiwiLXF1YWxpdHkgODAiXSxbInAiLCJ0aHVtYiIsIjU5MHg1OTBcdTAwM2UiXV0?sha=994174f07515f0ad\" alt=\"\" \/><\/p>\n<div class=\"gallery-i-caption\"><\/div>\n<\/div>\n<div class=\"gallery-i\"><img src=\"https:\/\/cdn.oxu.az\/uploads\/W1siZiIsIjIwMjEvMTAvMjAvMTkvMjIvMDIvY2JkYzVlYzMtYmI1ZC00Njc3LWI5MjMtNGM4ZTkxMGM3NDhmL1doYXRzQXBwIEltYWdlIDIwMjEtMTAtMjAgYXQgNi4yNy4yNCBQTS5qcGVnIl0sWyJwIiwiZW5jb2RlIiwianBnIiwiLXF1YWxpdHkgODAiXSxbInAiLCJ0aHVtYiIsIjU5MHg1OTBcdTAwM2UiXV0?sha=2b3f104e1220d909\" alt=\"\" \/><\/div>\n<\/div>\n","protected":false},"excerpt":{"rendered":"<p>Az\u0259rbaycan v\u0259 T\u00fcrkiy\u0259 g\u0259ncl\u0259rinin i\u015ftirak\u0131 il\u0259 n\u00f6vb\u0259ti \u201cBeyn\u0259lxalq z\u0259f\u0259r d\u00fc\u015f\u0259rg\u0259si\u201d Qaziantep \u015f\u0259h\u0259rind\u0259 ba\u015flay\u0131b. Az\u0259rbaycan Respublikas\u0131n\u0131n G\u0259ncl\u0259r Fondu, Nax\u00e7\u0131van Muxtar Respublikas\u0131n\u0131n G\u0259ncl\u0259r Fondu, T\u00fcrkiy\u0259 G\u0259nclik V\u0259qfinin birg\u0259 t\u0259\u015fkilat\u00e7\u0131l\u0131\u011f\u0131 il\u0259 ke\u00e7iril\u0259n d\u00fc\u015f\u0259rg\u0259nin m\u0259qs\u0259di h\u0259r iki \u00f6lk\u0259 g\u0259ncl\u0259rinin \u0259m\u0259kda\u015fl\u0131\u011f\u0131n\u0131n daha da inki\u015faf etdirilm\u0259si, qarda\u015f \u00f6lk\u0259 g\u0259ncl\u0259rinin ortaq h\u0259yata ke\u00e7irdiyi layih\u0259l\u0259rin v\u0259 t\u0259dbirl\u0259rin say\u0131n\u0131n art\u0131r\u0131lmas\u0131, Az\u0259rbaycan v\u0259 T\u00fcrkiy\u0259 m\u0259d\u0259niyy\u0259tinin, tarixinin g\u0259ncl\u0259r aras\u0131nda t\u0259bli\u011fi, M\u00fcz\u0259ff\u0259r Ali Ba\u015f Komandan \u0130lham \u018fliyevin r\u0259hb\u0259rliyi alt\u0131nda V\u0259t\u0259n m\u00fcharib\u0259sind\u0259 qazan\u0131lan Z\u0259f\u0259rin iki \u00f6lk\u0259nin g\u0259ncl\u0259ri aras\u0131nda t\u0259bli\u011f olunmas\u0131d\u0131r. A\u00e7\u0131l\u0131\u015f m\u0259rasimi h\u0259r iki d\u00f6vl\u0259tin himninin s\u0259sl\u0259ndirilm\u0259si v\u0259 \u015f\u0259hidl\u0259rin ruhunun bir d\u0259qiq\u0259lik s\u00fckutla&hellip;<\/p>\n","protected":false},"author":2,"featured_media":393398,"comment_status":"closed","ping_status":"closed","sticky":false,"template":"","format":"standard","meta":{"om_disable_all_campaigns":false,"_monsterinsights_skip_tracking":false,"_monsterinsights_sitenote_active":false,"_monsterinsights_sitenote_note":"","_monsterinsights_sitenote_category":0},"categories":[26],"tags":[],"aioseo_notices":[],"gutentor_comment":0,"rttpg_featured_image_url":{"full":["https:\/\/arantv.az\/wp-content\/uploads\/2021\/10\/FotoJet-2021-10-20T192100.274.jpg",620,413,false],"landscape":["https:\/\/arantv.az\/wp-content\/uploads\/2021\/10\/FotoJet-2021-10-20T192100.274.jpg",620,413,false],"portraits":["https:\/\/arantv.az\/wp-content\/uploads\/2021\/10\/FotoJet-2021-10-20T192100.274.jpg",620,413,false],"thumbnail":["https:\/\/arantv.az\/wp-content\/uploads\/2021\/10\/FotoJet-2021-10-20T192100.274-500x280.jpg",500,280,true],"medium":["https:\/\/arantv.az\/wp-content\/uploads\/2021\/10\/FotoJet-2021-10-20T192100.274-548x365.jpg",548,365,true],"large":["https:\/\/arantv.az\/wp-content\/uploads\/2021\/10\/FotoJet-2021-10-20T192100.274.jpg",620,413,false],"1536x1536":["https:\/\/arantv.az\/wp-content\/uploads\/2021\/10\/FotoJet-2021-10-20T192100.274.jpg",620,413,false],"2048x2048":["https:\/\/arantv.az\/wp-content\/uploads\/2021\/10\/FotoJet-2021-10-20T192100.274.jpg",620,413,false],"post-thumbnail":["https:\/\/arantv.az\/wp-content\/uploads\/2021\/10\/FotoJet-2021-10-20T192100.274-240x172.jpg",240,172,true],"advps-thumb-one":["https:\/\/arantv.az\/wp-content\/uploads\/2021\/10\/FotoJet-2021-10-20T192100.274.jpg",620,413,false]},"rttpg_author":{"display_name":"V\u00fcsal Rafiqo\u011flu","author_link":"https:\/\/arantv.az\/?author=2"},"rttpg_comment":0,"rttpg_category":"<a href=\"https:\/\/arantv.az\/?cat=26\" rel=\"category\">Sosial<\/a>","rttpg_excerpt":"Az\u0259rbaycan v\u0259 T\u00fcrkiy\u0259 g\u0259ncl\u0259rinin i\u015ftirak\u0131 il\u0259 n\u00f6vb\u0259ti \u201cBeyn\u0259lxalq z\u0259f\u0259r d\u00fc\u015f\u0259rg\u0259si\u201d Qaziantep \u015f\u0259h\u0259rind\u0259 ba\u015flay\u0131b. Az\u0259rbaycan Respublikas\u0131n\u0131n G\u0259ncl\u0259r Fondu, Nax\u00e7\u0131van Muxtar Respublikas\u0131n\u0131n G\u0259ncl\u0259r Fondu, T\u00fcrkiy\u0259 G\u0259nclik V\u0259qfinin birg\u0259 t\u0259\u015fkilat\u00e7\u0131l\u0131\u011f\u0131 il\u0259 ke\u00e7iril\u0259n d\u00fc\u015f\u0259rg\u0259nin m\u0259qs\u0259di h\u0259r iki \u00f6lk\u0259 g\u0259ncl\u0259rinin \u0259m\u0259kda\u015fl\u0131\u011f\u0131n\u0131n daha da inki\u015faf etdirilm\u0259si, qarda\u015f \u00f6lk\u0259 g\u0259ncl\u0259rinin ortaq h\u0259yata ke\u00e7irdiyi layih\u0259l\u0259rin v\u0259 t\u0259dbirl\u0259rin say\u0131n\u0131n art\u0131r\u0131lmas\u0131, Az\u0259rbaycan v\u0259 T\u00fcrkiy\u0259 m\u0259d\u0259niyy\u0259tinin,&hellip;","_links":{"self":[{"href":"https:\/\/arantv.az\/index.php?rest_route=\/wp\/v2\/posts\/393397"}],"collection":[{"href":"https:\/\/arantv.az\/index.php?rest_route=\/wp\/v2\/posts"}],"about":[{"href":"https:\/\/arantv.az\/index.php?rest_route=\/wp\/v2\/types\/post"}],"author":[{"embeddable":true,"href":"https:\/\/arantv.az\/index.php?rest_route=\/wp\/v2\/users\/2"}],"replies":[{"embeddable":true,"href":"https:\/\/arantv.az\/index.php?rest_route=%2Fwp%2Fv2%2Fcomments&post=393397"}],"version-history":[{"count":0,"href":"https:\/\/arantv.az\/index.php?rest_route=\/wp\/v2\/posts\/393397\/revisions"}],"wp:featuredmedia":[{"embeddable":true,"href":"https:\/\/arantv.az\/index.php?rest_route=\/wp\/v2\/media\/393398"}],"wp:attachment":[{"href":"https:\/\/arantv.az\/index.php?rest_route=%2Fwp%2Fv2%2Fmedia&parent=393397"}],"wp:term":[{"taxonomy":"category","embeddable":true,"href":"https:\/\/arantv.az\/index.php?rest_route=%2Fwp%2Fv2%2Fcategories&post=393397"},{"taxonomy":"post_tag","embeddable":true,"href":"https:\/\/arantv.az\/index.php?rest_route=%2Fwp%2Fv2%2Ftags&post=393397"}],"curies":[{"name":"wp","href":"https:\/\/api.w.org\/{rel}","templated":true}]}}