{"id":393403,"date":"2021-10-20T19:29:28","date_gmt":"2021-10-20T16:29:28","guid":{"rendered":"http:\/\/arantv.az\/?p=393403"},"modified":"2021-10-20T19:29:28","modified_gmt":"2021-10-20T16:29:28","slug":"b%c9%99sitcay-dovl%c9%99t-t%c9%99bi%c9%99t-qorugunun-f%c9%99aliyy%c9%99ti-b%c9%99rpa-edilir-s%c9%99r%c9%99ncam","status":"publish","type":"post","link":"https:\/\/arantv.az\/?p=393403","title":{"rendered":"B\u0259sit\u00e7ay D\u00f6vl\u0259t T\u0259bi\u0259t Qoru\u011funun f\u0259aliyy\u0259ti b\u0259rpa edilir &#8211; S\u018fR\u018fNCAM"},"content":{"rendered":"<p>Prezident \u0130lham \u018fliyev oktyabr\u0131n 20-d\u0259 \u201cAz\u0259rbaycan Respublikas\u0131n\u0131n B\u0259sit\u00e7ay D\u00f6vl\u0259t T\u0259bi\u0259t Qoru\u011funun f\u0259aliyy\u0259tinin t\u0259\u015fkili il\u0259 ba\u011fl\u0131 t\u0259dbirl\u0259r haqq\u0131nda\u201d S\u0259r\u0259ncam imzalay\u0131b.<\/p>\n<p><a href=\"https:\/\/azertag.az\/xeber\/Azerbaycan_Respublikasinin_Besitchay_Dovlet_Tebiet_Qorugunun_fealiyyetinin_teskili_ile_bagli_tedbirler_haqqinda__Azerbaycan_Respublikasi_Prezidentinin_Serencami-1904446\" target=\"_blank\" rel=\"noopener\">AZ\u018fRTAC<\/a>\u00a0x\u0259b\u0259r verir ki, s\u0259n\u0259dd\u0259 Erm\u0259nistan\u0131n Az\u0259rbaycan Respublikas\u0131na qar\u015f\u0131 h\u0259rbi t\u0259cav\u00fcz\u00fcn\u00fcn insan h\u00fcquqlar\u0131n\u0131n v\u0259 \u00e7oxsayl\u0131 beyn\u0259lxalq h\u00fcquq normalar\u0131n\u0131n pozulmas\u0131, sosial-iqtisadi f\u0259sadlar v\u0259 m\u0259d\u0259ni irs\u0259 vurulan ziyanla yana\u015f\u0131, misli g\u00f6r\u00fcnm\u0259mi\u015f ekoloji terror, t\u0259bii s\u0259rv\u0259tl\u0259rin geni\u015fmiqyasl\u0131 v\u0259 uzunm\u00fcdd\u0259tli talan\u0131 il\u0259 n\u0259tic\u0259l\u0259ndiyi vur\u011fulan\u0131b.<\/p>\n<p>Qeyd olunub ki, \u0259razil\u0259rin 30 il\u0259 yax\u0131n i\u015f\u011fal alt\u0131nda qald\u0131\u011f\u0131 m\u00fcdd\u0259t \u0259rzind\u0259 tarixi torpaqlar\u0131m\u0131zda t\u0259bi\u0259t\u0259, bioloji m\u00fcxt\u0259lifliy\u0259 v\u0259 su h\u00f6vz\u0259l\u0259rin\u0259 qar\u015f\u0131 ciddi ekoloji f\u0259sadlar t\u00f6r\u0259dilib. Az\u0259rbaycan\u0131n \u201cQ\u0131rm\u0131z\u0131 kitab\u0131\u201dna v\u0259 Beyn\u0259lxalq T\u0259bi\u0259ti M\u00fchafiz\u0259 \u0130ttifaq\u0131n\u0131n \u201cQ\u0131rm\u0131z\u0131 siyah\u0131s\u0131\u201dna daxil edilmi\u015f nadir t\u0259bi\u0259t incil\u0259ri m\u0259hv edilib, flora v\u0259 faunaya k\u00fclli miqdarda ziyan vurulub. \u018ftraf m\u00fchitin fiziki v\u0259 kimy\u0259vi \u00e7irkl\u0259nm\u0259y\u0259 m\u0259ruz qalmas\u0131 b\u00fct\u00f6vl\u00fckd\u0259 regionda ekoloji tarazl\u0131\u011f\u0131n pozulmas\u0131na g\u0259tirib \u00e7\u0131xar\u0131b.<\/p>\n<div id=\"AdviadNativeVideo0\" class=\"AdviadNativeVideo\"><\/div>\n<p>\u0130\u015f\u011faldan azad edilmi\u015f \u0259razil\u0259r\u0259 B\u00f6y\u00fck Qay\u0131d\u0131\u015f \u00e7\u0259r\u00e7iv\u0259sind\u0259 qar\u015f\u0131da duran \u0259sas v\u0259zif\u0259l\u0259rd\u0259n biri d\u0259 m\u0259hz h\u0259min \u0259razil\u0259rd\u0259 t\u0259bii v\u0259 keyfiyy\u0259tli ekosistemin, bioloji m\u00fcxt\u0259lifliyin, habel\u0259 nadir v\u0259 itm\u0259kd\u0259 olan bitki n\u00f6vl\u0259rinin b\u0259rpa edil\u0259r\u0259k sa\u011flamla\u015fd\u0131r\u0131lmas\u0131d\u0131r. Bu \u0259razil\u0259rd\u0259 m\u00fcasir yana\u015fmalar\u0131n t\u0259tbiqi \u0259sas\u0131nda unikal me\u015f\u0259 fondunun v\u0259 m\u00fchafiz\u0259 olunan t\u0259bi\u0259t kompleksl\u0259rinin f\u0259aliyy\u0259tinin b\u0259rpa edilm\u0259si b\u00fct\u00f6vl\u00fckd\u0259 regionun \u201cya\u015f\u0131l zona\u201dya \u00e7evrilm\u0259sin\u0259 \u015f\u0259rait yaradacaq.<\/p>\n<p>S\u0259r\u0259ncama \u0259sas\u0259n, i\u015f\u011faldan azad olunan \u0259razil\u0259rd\u0259 \u0259traf m\u00fchitin sa\u011flamla\u015fd\u0131r\u0131lmas\u0131 v\u0259 t\u0259bii s\u0259rv\u0259tl\u0259rd\u0259n dayan\u0131ql\u0131 istifad\u0259nin t\u0259min edilm\u0259si, x\u00fcsusi m\u00fchafiz\u0259 olunan t\u0259bi\u0259t \u0259razil\u0259ri \u015f\u0259b\u0259k\u0259sinin, nadir t\u0259bi\u0259t kompleksl\u0259rinin v\u0259 obyektl\u0259rinin t\u0259bii v\u0259ziyy\u0259td\u0259 qorunub saxlan\u0131lmas\u0131 m\u0259qs\u0259dil\u0259 \u015e\u0259rqi Z\u0259ng\u0259zur iqtisadi rayonuna daxil olan Z\u0259ngilan rayonunun inzibati \u0259razisind\u0259 107 hektar sah\u0259d\u0259 yerl\u0259\u015f\u0259n B\u0259sit\u00e7ay D\u00f6vl\u0259t T\u0259bi\u0259t Qoru\u011funun f\u0259aliyy\u0259ti b\u0259rpa edilir.<\/p>\n<p>Nazirl\u0259r Kabinetin\u0259 Az\u0259rbaycan Respublikas\u0131n\u0131n Prezidenti il\u0259 raz\u0131la\u015fd\u0131rmaqla, Qoru\u011fun \u018fsasnam\u0259sini v\u0259 sanitariya-m\u00fchafiz\u0259 zonas\u0131n\u0131 d\u00f6rd ay m\u00fcdd\u0259tind\u0259 m\u00fc\u0259yy\u0259nl\u0259\u015fdirib t\u0259sdiql\u0259m\u0259k, Qoru\u011fun m\u00fchafiz\u0259si, t\u0259bli\u011fi v\u0259 f\u0259aliyy\u0259tinin maddi-texniki t\u0259minat\u0131 il\u0259 ba\u011fl\u0131 z\u0259ruri t\u0259dbirl\u0259r g\u00f6rm\u0259k v\u0259 S\u0259r\u0259ncamdan ir\u0259li g\u0259l\u0259n dig\u0259r m\u0259s\u0259l\u0259l\u0259ri h\u0259ll etm\u0259k tap\u015f\u0131r\u0131l\u0131b.<\/p>\n<p>Ekologiya v\u0259 T\u0259bii S\u0259rv\u0259tl\u0259r Nazirliyi is\u0259 Qoruq \u0259razisind\u0259 yerl\u0259\u015f\u0259n t\u0259bi\u0259t obyektl\u0259rinin inventarla\u015fd\u0131r\u0131lmas\u0131n\u0131, h\u0259m\u00e7inin xarici v\u0259 yerli m\u00fct\u0259x\u0259ssisl\u0259ri c\u0259lb etm\u0259kl\u0259 ekoloji v\u0259ziyy\u0259tin qiym\u0259tl\u0259ndirilm\u0259sini aparmal\u0131d\u0131r.<\/p>\n<p>Aidiyy\u0259ti d\u00f6vl\u0259t orqanlar\u0131na da s\u0259r\u0259ncamdan ir\u0259li g\u0259l\u0259n m\u0259s\u0259l\u0259l\u0259rin h\u0259lli il\u0259 ba\u011fl\u0131 z\u0259ruri t\u0259dbirl\u0259r g\u00f6rm\u0259k tap\u015f\u0131r\u0131l\u0131b.<\/p>\n","protected":false},"excerpt":{"rendered":"<p>Prezident \u0130lham \u018fliyev oktyabr\u0131n 20-d\u0259 \u201cAz\u0259rbaycan Respublikas\u0131n\u0131n B\u0259sit\u00e7ay D\u00f6vl\u0259t T\u0259bi\u0259t Qoru\u011funun f\u0259aliyy\u0259tinin t\u0259\u015fkili il\u0259 ba\u011fl\u0131 t\u0259dbirl\u0259r haqq\u0131nda\u201d S\u0259r\u0259ncam imzalay\u0131b. AZ\u018fRTAC\u00a0x\u0259b\u0259r verir ki, s\u0259n\u0259dd\u0259 Erm\u0259nistan\u0131n Az\u0259rbaycan Respublikas\u0131na qar\u015f\u0131 h\u0259rbi t\u0259cav\u00fcz\u00fcn\u00fcn insan h\u00fcquqlar\u0131n\u0131n v\u0259 \u00e7oxsayl\u0131 beyn\u0259lxalq h\u00fcquq normalar\u0131n\u0131n pozulmas\u0131, sosial-iqtisadi f\u0259sadlar v\u0259 m\u0259d\u0259ni irs\u0259 vurulan ziyanla yana\u015f\u0131, misli g\u00f6r\u00fcnm\u0259mi\u015f ekoloji terror, t\u0259bii s\u0259rv\u0259tl\u0259rin geni\u015fmiqyasl\u0131 v\u0259 uzunm\u00fcdd\u0259tli talan\u0131 il\u0259 n\u0259tic\u0259l\u0259ndiyi vur\u011fulan\u0131b. Qeyd olunub ki, \u0259razil\u0259rin 30 il\u0259 yax\u0131n i\u015f\u011fal alt\u0131nda qald\u0131\u011f\u0131 m\u00fcdd\u0259t \u0259rzind\u0259 tarixi torpaqlar\u0131m\u0131zda t\u0259bi\u0259t\u0259, bioloji m\u00fcxt\u0259lifliy\u0259 v\u0259 su h\u00f6vz\u0259l\u0259rin\u0259 qar\u015f\u0131 ciddi ekoloji f\u0259sadlar t\u00f6r\u0259dilib. Az\u0259rbaycan\u0131n \u201cQ\u0131rm\u0131z\u0131 kitab\u0131\u201dna v\u0259 Beyn\u0259lxalq T\u0259bi\u0259ti M\u00fchafiz\u0259&hellip;<\/p>\n","protected":false},"author":2,"featured_media":393404,"comment_status":"closed","ping_status":"closed","sticky":false,"template":"","format":"standard","meta":{"om_disable_all_campaigns":false,"_monsterinsights_skip_tracking":false,"_monsterinsights_sitenote_active":false,"_monsterinsights_sitenote_note":"","_monsterinsights_sitenote_category":0},"categories":[4],"tags":[],"aioseo_notices":[],"gutentor_comment":0,"rttpg_featured_image_url":{"full":["https:\/\/arantv.az\/wp-content\/uploads\/2021\/10\/FotoJet-2021-10-19T185607.015-1.jpg",620,413,false],"landscape":["https:\/\/arantv.az\/wp-content\/uploads\/2021\/10\/FotoJet-2021-10-19T185607.015-1.jpg",620,413,false],"portraits":["https:\/\/arantv.az\/wp-content\/uploads\/2021\/10\/FotoJet-2021-10-19T185607.015-1.jpg",620,413,false],"thumbnail":["https:\/\/arantv.az\/wp-content\/uploads\/2021\/10\/FotoJet-2021-10-19T185607.015-1-500x280.jpg",500,280,true],"medium":["https:\/\/arantv.az\/wp-content\/uploads\/2021\/10\/FotoJet-2021-10-19T185607.015-1-548x365.jpg",548,365,true],"large":["https:\/\/arantv.az\/wp-content\/uploads\/2021\/10\/FotoJet-2021-10-19T185607.015-1.jpg",620,413,false],"1536x1536":["https:\/\/arantv.az\/wp-content\/uploads\/2021\/10\/FotoJet-2021-10-19T185607.015-1.jpg",620,413,false],"2048x2048":["https:\/\/arantv.az\/wp-content\/uploads\/2021\/10\/FotoJet-2021-10-19T185607.015-1.jpg",620,413,false],"post-thumbnail":["https:\/\/arantv.az\/wp-content\/uploads\/2021\/10\/FotoJet-2021-10-19T185607.015-1-240x172.jpg",240,172,true],"advps-thumb-one":["https:\/\/arantv.az\/wp-content\/uploads\/2021\/10\/FotoJet-2021-10-19T185607.015-1.jpg",620,413,false]},"rttpg_author":{"display_name":"V\u00fcsal Rafiqo\u011flu","author_link":"https:\/\/arantv.az\/?author=2"},"rttpg_comment":0,"rttpg_category":"<a href=\"https:\/\/arantv.az\/?cat=4\" rel=\"category\">Siyas\u0259t<\/a>","rttpg_excerpt":"Prezident \u0130lham \u018fliyev oktyabr\u0131n 20-d\u0259 \u201cAz\u0259rbaycan Respublikas\u0131n\u0131n B\u0259sit\u00e7ay D\u00f6vl\u0259t T\u0259bi\u0259t Qoru\u011funun f\u0259aliyy\u0259tinin t\u0259\u015fkili il\u0259 ba\u011fl\u0131 t\u0259dbirl\u0259r haqq\u0131nda\u201d S\u0259r\u0259ncam imzalay\u0131b. AZ\u018fRTAC\u00a0x\u0259b\u0259r verir ki, s\u0259n\u0259dd\u0259 Erm\u0259nistan\u0131n Az\u0259rbaycan Respublikas\u0131na qar\u015f\u0131 h\u0259rbi t\u0259cav\u00fcz\u00fcn\u00fcn insan h\u00fcquqlar\u0131n\u0131n v\u0259 \u00e7oxsayl\u0131 beyn\u0259lxalq h\u00fcquq normalar\u0131n\u0131n pozulmas\u0131, sosial-iqtisadi f\u0259sadlar v\u0259 m\u0259d\u0259ni irs\u0259 vurulan ziyanla yana\u015f\u0131, misli g\u00f6r\u00fcnm\u0259mi\u015f ekoloji terror, t\u0259bii s\u0259rv\u0259tl\u0259rin geni\u015fmiqyasl\u0131 v\u0259 uzunm\u00fcdd\u0259tli talan\u0131&hellip;","_links":{"self":[{"href":"https:\/\/arantv.az\/index.php?rest_route=\/wp\/v2\/posts\/393403"}],"collection":[{"href":"https:\/\/arantv.az\/index.php?rest_route=\/wp\/v2\/posts"}],"about":[{"href":"https:\/\/arantv.az\/index.php?rest_route=\/wp\/v2\/types\/post"}],"author":[{"embeddable":true,"href":"https:\/\/arantv.az\/index.php?rest_route=\/wp\/v2\/users\/2"}],"replies":[{"embeddable":true,"href":"https:\/\/arantv.az\/index.php?rest_route=%2Fwp%2Fv2%2Fcomments&post=393403"}],"version-history":[{"count":0,"href":"https:\/\/arantv.az\/index.php?rest_route=\/wp\/v2\/posts\/393403\/revisions"}],"wp:featuredmedia":[{"embeddable":true,"href":"https:\/\/arantv.az\/index.php?rest_route=\/wp\/v2\/media\/393404"}],"wp:attachment":[{"href":"https:\/\/arantv.az\/index.php?rest_route=%2Fwp%2Fv2%2Fmedia&parent=393403"}],"wp:term":[{"taxonomy":"category","embeddable":true,"href":"https:\/\/arantv.az\/index.php?rest_route=%2Fwp%2Fv2%2Fcategories&post=393403"},{"taxonomy":"post_tag","embeddable":true,"href":"https:\/\/arantv.az\/index.php?rest_route=%2Fwp%2Fv2%2Ftags&post=393403"}],"curies":[{"name":"wp","href":"https:\/\/api.w.org\/{rel}","templated":true}]}}