{"id":393591,"date":"2021-10-21T11:52:38","date_gmt":"2021-10-21T08:52:38","guid":{"rendered":"http:\/\/arantv.az\/?p=393591"},"modified":"2021-10-21T11:52:38","modified_gmt":"2021-10-21T08:52:38","slug":"%c9%99rdogan-haqlidir-ancaq-imkan-verm%c9%99y%c9%99c%c9%99kl%c9%99r-suhankin","status":"publish","type":"post","link":"https:\/\/arantv.az\/?p=393591","title":{"rendered":"\u018frdo\u011fan haql\u0131d\u0131r, ancaq imkan verm\u0259y\u0259c\u0259kl\u0259r &#8211; Suhankin"},"content":{"rendered":"<p><strong>D\u00fc\u015f\u00fcn\u00fcr\u0259m ki, bel\u0259 bir islahata ehtiyac var. Son otuz ild\u0259 d\u00fcnyada b\u0259zi d\u0259rin d\u0259yi\u015fiklikl\u0259r ba\u015f verdi v\u0259 BMT T\u0259hl\u00fck\u0259sizlik \u015euras\u0131n\u0131n haz\u0131rk\u0131 t\u0259rkibi bu d\u0259yi\u015fiklikl\u0259rin mahiyy\u0259tini \u0259ks etdirmir.<\/strong><\/p>\n<p><strong>ARANTV.AZ<\/strong> bildirir ki, bu s\u00f6zl\u0259ri Axar.az-a Beyn\u0259lxalq Siyas\u0259t Ara\u015fd\u0131rmalar\u0131 M\u0259rk\u0259zinin eksperti, Barselona Beyn\u0259lxalq Ara\u015fd\u0131rmalar \u0130nstitutunun \u00fczv\u00fc Sergey Suhankin BMT T\u0259hl\u00fck\u0259sizlik \u015euras\u0131ndak\u0131 veto h\u00fcququna malik d\u00f6vl\u0259tl\u0259rin say\u0131n\u0131n art\u0131r\u0131lma ehtimal\u0131ndan dan\u0131\u015fark\u0259n deyib.<\/p>\n<p>Onun s\u00f6zl\u0259rin\u0259 g\u00f6r\u0259, BMT-nin indiki v\u0259ziyy\u0259ti \u0130kinci D\u00fcnya m\u00fcharib\u0259sind\u0259n sonrak\u0131 d\u00f6vr\u0259 daha \u00e7ox uy\u011fundur, n\u0259inki XXI \u0259sr\u0259:<\/p>\n<p>&#8220;B\u0259zi g\u00fccl\u00fc, n\u00fcfuzlu regional oyun\u00e7ular\u0131n, o c\u00fcml\u0259d\u0259n, T\u00fcrkiy\u0259, Hindistan v\u0259 Yaponiyan\u0131n (bir ne\u00e7\u0259 ba\u015fqas\u0131n\u0131n da ad\u0131n\u0131 \u00e7\u0259km\u0259k olar) k\u0259narda saxlan\u0131lmas\u0131 qlobal b\u00f6hranlar v\u0259 transmilli probleml\u0259rl\u0259 effektiv v\u0259 t\u0259sirli \u00fcsullarla m\u0259\u015f\u011ful olma\u011fa imkan vermir. T\u00fcrkiy\u0259 Prezidenti gizli bir motivi olmu\u015f olsa da, bu m\u0259s\u0259l\u0259d\u0259 haql\u0131d\u0131r. D\u00fcnyada s\u00fcr\u0259tl\u0259 artan islam \u0259halisi a\u00e7\u0131q \u015f\u0259kild\u0259 BMT T\u0259hl\u00fck\u0259sizlik \u015euras\u0131nda t\u0259msil olunmur, bu problem qlobal bir institusional s\u0259viyy\u0259d\u0259 h\u0259ll edilm\u0259lidir. \u0130slam d\u00fcnyas\u0131ndak\u0131 bu narahatl\u0131q aradan qald\u0131r\u0131lmal\u0131d\u0131r, ancaq t\u0259kc\u0259 veto mexanizminin d\u0259yi\u015fdirilm\u0259sinin ideal bir vasit\u0259 oldu\u011funa \u0259min deyil\u0259m &#8211; bu ayr\u0131 bir m\u00fczakir\u0259 m\u00f6vzusudur&#8221;.<\/p>\n<p>M\u00fct\u0259x\u0259ssis hans\u0131 \u00f6lk\u0259l\u0259rin BMT T\u0259hl\u00fck\u0259sizlik \u015euras\u0131n\u0131n daimi \u00fczvl\u0259ri s\u0259viyy\u0259sin\u0259 y\u00fcks\u0259lm\u0259li oldu\u011fundan da dan\u0131\u015f\u0131b:<\/p>\n<p>&#8220;T\u00fcrkiy\u0259 bu siyah\u0131da olmal\u0131d\u0131r, potensial olaraq \u0130ran da siyah\u0131ya daxil edil\u0259 bil\u0259r (bu add\u0131m m\u00fcxt\u0259lif s\u0259b\u0259bl\u0259rd\u0259n \u0259h\u0259miyy\u0259tli olard\u0131). Siyah\u0131ya Hindistan, Yaponiya, Almaniya v\u0259 Braziliyan\u0131 da \u0259lav\u0259 etm\u0259k olar. Daimi \u00fczv olaraq BMT T\u015e-d\u0259 bir Afrika \u00f6lk\u0259sinin (Qara Afrika) t\u0259msil olunmas\u0131 da yax\u015f\u0131 olard\u0131, lakin b\u00fct\u00fcn regional oyun\u00e7ular\u0131n qar\u015f\u0131la\u015fd\u0131qlar\u0131 \u00e7\u0259tinlikl\u0259rin say\u0131 v\u0259 xarakterini n\u0259z\u0259r\u0259 alarsaq, bel\u0259 bir se\u00e7im masadan k\u0259narda g\u00f6r\u00fcn\u00fcr&#8221;, &#8211; dey\u0259 ekspert bildirib.<\/p>\n<div>\n<div id=\"AdviadNativeVideo0\" class=\"AdviadNativeVideo\"><\/div>\n<\/div>\n<p>M\u00fct\u0259x\u0259ssis s\u00f6z\u00fcged\u0259n d\u0259yi\u015fiklikl\u0259rin yax\u0131n g\u0259l\u0259c\u0259kd\u0259 ba\u015f tutaca\u011f\u0131ndan \u0259min olmad\u0131\u011f\u0131n\u0131 da vur\u011fulay\u0131b:<\/p>\n<p>&#8220;Rusiya da daxil olmaqla, b\u0259zi aktorlar, onlara &#8220;dost olmayan&#8221; d\u00f6vl\u0259tl\u0259rin veto h\u00fcququna malik daimi \u00fczvl\u0259r s\u0131ras\u0131na daxil edilm\u0259sin\u0259 qar\u015f\u0131 \u00e7ox m\u0259nfi m\u00f6vqe tutacaqlar&#8221;.<\/p>\n","protected":false},"excerpt":{"rendered":"<p>D\u00fc\u015f\u00fcn\u00fcr\u0259m ki, bel\u0259 bir islahata ehtiyac var. Son otuz ild\u0259 d\u00fcnyada b\u0259zi d\u0259rin d\u0259yi\u015fiklikl\u0259r ba\u015f verdi v\u0259 BMT T\u0259hl\u00fck\u0259sizlik \u015euras\u0131n\u0131n haz\u0131rk\u0131 t\u0259rkibi bu d\u0259yi\u015fiklikl\u0259rin mahiyy\u0259tini \u0259ks etdirmir. ARANTV.AZ bildirir ki, bu s\u00f6zl\u0259ri Axar.az-a Beyn\u0259lxalq Siyas\u0259t Ara\u015fd\u0131rmalar\u0131 M\u0259rk\u0259zinin eksperti, Barselona Beyn\u0259lxalq Ara\u015fd\u0131rmalar \u0130nstitutunun \u00fczv\u00fc Sergey Suhankin BMT T\u0259hl\u00fck\u0259sizlik \u015euras\u0131ndak\u0131 veto h\u00fcququna malik d\u00f6vl\u0259tl\u0259rin say\u0131n\u0131n art\u0131r\u0131lma ehtimal\u0131ndan dan\u0131\u015fark\u0259n deyib. Onun s\u00f6zl\u0259rin\u0259 g\u00f6r\u0259, BMT-nin indiki v\u0259ziyy\u0259ti \u0130kinci D\u00fcnya m\u00fcharib\u0259sind\u0259n sonrak\u0131 d\u00f6vr\u0259 daha \u00e7ox uy\u011fundur, n\u0259inki XXI \u0259sr\u0259: &#8220;B\u0259zi g\u00fccl\u00fc, n\u00fcfuzlu regional oyun\u00e7ular\u0131n, o c\u00fcml\u0259d\u0259n, T\u00fcrkiy\u0259, Hindistan v\u0259 Yaponiyan\u0131n (bir ne\u00e7\u0259 ba\u015fqas\u0131n\u0131n da ad\u0131n\u0131&hellip;<\/p>\n","protected":false},"author":2,"featured_media":393592,"comment_status":"closed","ping_status":"closed","sticky":false,"template":"","format":"standard","meta":{"om_disable_all_campaigns":false,"_monsterinsights_skip_tracking":false,"_monsterinsights_sitenote_active":false,"_monsterinsights_sitenote_note":"","_monsterinsights_sitenote_category":0},"categories":[7],"tags":[],"aioseo_notices":[],"gutentor_comment":0,"rttpg_featured_image_url":{"full":["https:\/\/arantv.az\/wp-content\/uploads\/2021\/10\/erdogan-t.jpg",637,400,false],"landscape":["https:\/\/arantv.az\/wp-content\/uploads\/2021\/10\/erdogan-t.jpg",637,400,false],"portraits":["https:\/\/arantv.az\/wp-content\/uploads\/2021\/10\/erdogan-t.jpg",637,400,false],"thumbnail":["https:\/\/arantv.az\/wp-content\/uploads\/2021\/10\/erdogan-t-500x280.jpg",500,280,true],"medium":["https:\/\/arantv.az\/wp-content\/uploads\/2021\/10\/erdogan-t-581x365.jpg",581,365,true],"large":["https:\/\/arantv.az\/wp-content\/uploads\/2021\/10\/erdogan-t.jpg",637,400,false],"1536x1536":["https:\/\/arantv.az\/wp-content\/uploads\/2021\/10\/erdogan-t.jpg",637,400,false],"2048x2048":["https:\/\/arantv.az\/wp-content\/uploads\/2021\/10\/erdogan-t.jpg",637,400,false],"post-thumbnail":["https:\/\/arantv.az\/wp-content\/uploads\/2021\/10\/erdogan-t-240x172.jpg",240,172,true],"advps-thumb-one":["https:\/\/arantv.az\/wp-content\/uploads\/2021\/10\/erdogan-t.jpg",637,400,false]},"rttpg_author":{"display_name":"V\u00fcsal Rafiqo\u011flu","author_link":"https:\/\/arantv.az\/?author=2"},"rttpg_comment":0,"rttpg_category":"<a href=\"https:\/\/arantv.az\/?cat=7\" rel=\"category\">D\u00fcnya<\/a>","rttpg_excerpt":"D\u00fc\u015f\u00fcn\u00fcr\u0259m ki, bel\u0259 bir islahata ehtiyac var. Son otuz ild\u0259 d\u00fcnyada b\u0259zi d\u0259rin d\u0259yi\u015fiklikl\u0259r ba\u015f verdi v\u0259 BMT T\u0259hl\u00fck\u0259sizlik \u015euras\u0131n\u0131n haz\u0131rk\u0131 t\u0259rkibi bu d\u0259yi\u015fiklikl\u0259rin mahiyy\u0259tini \u0259ks etdirmir. ARANTV.AZ bildirir ki, bu s\u00f6zl\u0259ri Axar.az-a Beyn\u0259lxalq Siyas\u0259t Ara\u015fd\u0131rmalar\u0131 M\u0259rk\u0259zinin eksperti, Barselona Beyn\u0259lxalq Ara\u015fd\u0131rmalar \u0130nstitutunun \u00fczv\u00fc Sergey Suhankin BMT T\u0259hl\u00fck\u0259sizlik \u015euras\u0131ndak\u0131 veto h\u00fcququna malik d\u00f6vl\u0259tl\u0259rin say\u0131n\u0131n art\u0131r\u0131lma ehtimal\u0131ndan&hellip;","_links":{"self":[{"href":"https:\/\/arantv.az\/index.php?rest_route=\/wp\/v2\/posts\/393591"}],"collection":[{"href":"https:\/\/arantv.az\/index.php?rest_route=\/wp\/v2\/posts"}],"about":[{"href":"https:\/\/arantv.az\/index.php?rest_route=\/wp\/v2\/types\/post"}],"author":[{"embeddable":true,"href":"https:\/\/arantv.az\/index.php?rest_route=\/wp\/v2\/users\/2"}],"replies":[{"embeddable":true,"href":"https:\/\/arantv.az\/index.php?rest_route=%2Fwp%2Fv2%2Fcomments&post=393591"}],"version-history":[{"count":0,"href":"https:\/\/arantv.az\/index.php?rest_route=\/wp\/v2\/posts\/393591\/revisions"}],"wp:featuredmedia":[{"embeddable":true,"href":"https:\/\/arantv.az\/index.php?rest_route=\/wp\/v2\/media\/393592"}],"wp:attachment":[{"href":"https:\/\/arantv.az\/index.php?rest_route=%2Fwp%2Fv2%2Fmedia&parent=393591"}],"wp:term":[{"taxonomy":"category","embeddable":true,"href":"https:\/\/arantv.az\/index.php?rest_route=%2Fwp%2Fv2%2Fcategories&post=393591"},{"taxonomy":"post_tag","embeddable":true,"href":"https:\/\/arantv.az\/index.php?rest_route=%2Fwp%2Fv2%2Ftags&post=393591"}],"curies":[{"name":"wp","href":"https:\/\/api.w.org\/{rel}","templated":true}]}}