{"id":393594,"date":"2021-10-21T11:56:20","date_gmt":"2021-10-21T08:56:20","guid":{"rendered":"http:\/\/arantv.az\/?p=393594"},"modified":"2021-10-21T11:56:20","modified_gmt":"2021-10-21T08:56:20","slug":"prezident-v%c9%99-mehriban-%c9%99liyeva-s%c9%99hriyar-m%c9%99mm%c9%99dyarovun-atasi-il%c9%99-gorusub","status":"publish","type":"post","link":"https:\/\/arantv.az\/?p=393594","title":{"rendered":"Prezident v\u0259 Mehriban \u018fliyeva \u015e\u0259hriyar M\u0259mm\u0259dyarovun atas\u0131 il\u0259 g\u00f6r\u00fc\u015f\u00fcb"},"content":{"rendered":"<p>Prezident \u0130lham \u018fliyev v\u0259 birinci xan\u0131m Mehriban \u018fliyevan\u0131n Z\u0259ngilan ictimaiyy\u0259tinin n\u00fcmay\u0259nd\u0259l\u0259ri il\u0259 g\u00f6r\u00fc\u015f\u00fcnd\u0259 Az\u0259rbaycan \u015fahmat\u00e7\u0131s\u0131 \u015e\u0259hriyar M\u0259mm\u0259dyarovun atas\u0131 H\u0259mid M\u0259mm\u0259dyarov da i\u015ftirak edib.<\/p>\n<p><strong>ARANTV.AZ x\u0259b\u0259r verir ki,<\/strong>\u00a0d\u00f6vl\u0259t ba\u015f\u00e7\u0131s\u0131 \u0130lham \u018fliyev v\u0259 birinci xan\u0131m Mehriban \u018fliyeva il\u0259 \u015fahmat\u00e7\u0131n\u0131n atas\u0131 H\u0259mid M\u0259mm\u0259dyarov aras\u0131nda s\u00f6hb\u0259t bel\u0259 davam edib:<\/p>\n<p><strong>Prezident \u0130lham \u018fliyev:<\/strong>\u00a0Salam, nec\u0259siniz? Bu ki\u015fini tan\u0131y\u0131rsan, Mehriban?<\/p>\n<p><strong>Birinci xan\u0131m Mehriban \u018fliyeva:\u00a0<\/strong>Salam, nec\u0259siniz? \u015e\u0259hriyar M\u0259mm\u0259dyarovun atas\u0131d\u0131r?<\/p>\n<p><strong>Prezident \u0130lham \u018fliyev:\u00a0<\/strong>\u015e\u0259hriyar M\u0259mm\u0259dyarovun atas\u0131d\u0131r.<\/p>\n<p><strong>Birinci xan\u0131m Mehriban \u018fliyeva:\u00a0<\/strong>Xo\u015f g\u00f6rd\u00fck.<\/p>\n<p><strong>Prezident \u0130lham \u018fliyev:\u00a0<\/strong>\u015e\u0259hriyar nec\u0259dir?<\/p>\n<p><strong>H\u0259mid M\u0259mm\u0259dyarov:\u00a0<\/strong>\u00c7ox sa\u011f olun. H\u0259r \u015fey g\u00f6z\u0259ldir, sa\u011f olun.<\/p>\n<p><strong>Prezident \u0130lham \u018fliyev:\u00a0<\/strong>Sa\u011f ol.<\/p>\n","protected":false},"excerpt":{"rendered":"<p>Prezident \u0130lham \u018fliyev v\u0259 birinci xan\u0131m Mehriban \u018fliyevan\u0131n Z\u0259ngilan ictimaiyy\u0259tinin n\u00fcmay\u0259nd\u0259l\u0259ri il\u0259 g\u00f6r\u00fc\u015f\u00fcnd\u0259 Az\u0259rbaycan \u015fahmat\u00e7\u0131s\u0131 \u015e\u0259hriyar M\u0259mm\u0259dyarovun atas\u0131 H\u0259mid M\u0259mm\u0259dyarov da i\u015ftirak edib. ARANTV.AZ x\u0259b\u0259r verir ki,\u00a0d\u00f6vl\u0259t ba\u015f\u00e7\u0131s\u0131 \u0130lham \u018fliyev v\u0259 birinci xan\u0131m Mehriban \u018fliyeva il\u0259 \u015fahmat\u00e7\u0131n\u0131n atas\u0131 H\u0259mid M\u0259mm\u0259dyarov aras\u0131nda s\u00f6hb\u0259t bel\u0259 davam edib: Prezident \u0130lham \u018fliyev:\u00a0Salam, nec\u0259siniz? Bu ki\u015fini tan\u0131y\u0131rsan, Mehriban? Birinci xan\u0131m Mehriban \u018fliyeva:\u00a0Salam, nec\u0259siniz? \u015e\u0259hriyar M\u0259mm\u0259dyarovun atas\u0131d\u0131r? Prezident \u0130lham \u018fliyev:\u00a0\u015e\u0259hriyar M\u0259mm\u0259dyarovun atas\u0131d\u0131r. Birinci xan\u0131m Mehriban \u018fliyeva:\u00a0Xo\u015f g\u00f6rd\u00fck. Prezident \u0130lham \u018fliyev:\u00a0\u015e\u0259hriyar nec\u0259dir? H\u0259mid M\u0259mm\u0259dyarov:\u00a0\u00c7ox sa\u011f olun. H\u0259r \u015fey g\u00f6z\u0259ldir, sa\u011f olun. Prezident \u0130lham \u018fliyev:\u00a0Sa\u011f ol.<\/p>\n","protected":false},"author":2,"featured_media":393595,"comment_status":"closed","ping_status":"closed","sticky":false,"template":"","format":"standard","meta":{"om_disable_all_campaigns":false,"_monsterinsights_skip_tracking":false,"_monsterinsights_sitenote_active":false,"_monsterinsights_sitenote_note":"","_monsterinsights_sitenote_category":0},"categories":[4],"tags":[],"aioseo_notices":[],"gutentor_comment":0,"rttpg_featured_image_url":{"full":["https:\/\/arantv.az\/wp-content\/uploads\/2021\/10\/4b3acf48163480610299831212710563933.jpg",975,540,false],"landscape":["https:\/\/arantv.az\/wp-content\/uploads\/2021\/10\/4b3acf48163480610299831212710563933.jpg",975,540,false],"portraits":["https:\/\/arantv.az\/wp-content\/uploads\/2021\/10\/4b3acf48163480610299831212710563933.jpg",975,540,false],"thumbnail":["https:\/\/arantv.az\/wp-content\/uploads\/2021\/10\/4b3acf48163480610299831212710563933-500x280.jpg",500,280,true],"medium":["https:\/\/arantv.az\/wp-content\/uploads\/2021\/10\/4b3acf48163480610299831212710563933-660x365.jpg",660,365,true],"large":["https:\/\/arantv.az\/wp-content\/uploads\/2021\/10\/4b3acf48163480610299831212710563933-840x465.jpg",640,354,true],"1536x1536":["https:\/\/arantv.az\/wp-content\/uploads\/2021\/10\/4b3acf48163480610299831212710563933.jpg",975,540,false],"2048x2048":["https:\/\/arantv.az\/wp-content\/uploads\/2021\/10\/4b3acf48163480610299831212710563933.jpg",975,540,false],"post-thumbnail":["https:\/\/arantv.az\/wp-content\/uploads\/2021\/10\/4b3acf48163480610299831212710563933-240x172.jpg",240,172,true],"advps-thumb-one":["https:\/\/arantv.az\/wp-content\/uploads\/2021\/10\/4b3acf48163480610299831212710563933.jpg",975,540,false]},"rttpg_author":{"display_name":"V\u00fcsal Rafiqo\u011flu","author_link":"https:\/\/arantv.az\/?author=2"},"rttpg_comment":0,"rttpg_category":"<a href=\"https:\/\/arantv.az\/?cat=4\" rel=\"category\">Siyas\u0259t<\/a>","rttpg_excerpt":"Prezident \u0130lham \u018fliyev v\u0259 birinci xan\u0131m Mehriban \u018fliyevan\u0131n Z\u0259ngilan ictimaiyy\u0259tinin n\u00fcmay\u0259nd\u0259l\u0259ri il\u0259 g\u00f6r\u00fc\u015f\u00fcnd\u0259 Az\u0259rbaycan \u015fahmat\u00e7\u0131s\u0131 \u015e\u0259hriyar M\u0259mm\u0259dyarovun atas\u0131 H\u0259mid M\u0259mm\u0259dyarov da i\u015ftirak edib. ARANTV.AZ x\u0259b\u0259r verir ki,\u00a0d\u00f6vl\u0259t ba\u015f\u00e7\u0131s\u0131 \u0130lham \u018fliyev v\u0259 birinci xan\u0131m Mehriban \u018fliyeva il\u0259 \u015fahmat\u00e7\u0131n\u0131n atas\u0131 H\u0259mid M\u0259mm\u0259dyarov aras\u0131nda s\u00f6hb\u0259t bel\u0259 davam edib: Prezident \u0130lham \u018fliyev:\u00a0Salam, nec\u0259siniz? Bu ki\u015fini tan\u0131y\u0131rsan, Mehriban? Birinci xan\u0131m&hellip;","_links":{"self":[{"href":"https:\/\/arantv.az\/index.php?rest_route=\/wp\/v2\/posts\/393594"}],"collection":[{"href":"https:\/\/arantv.az\/index.php?rest_route=\/wp\/v2\/posts"}],"about":[{"href":"https:\/\/arantv.az\/index.php?rest_route=\/wp\/v2\/types\/post"}],"author":[{"embeddable":true,"href":"https:\/\/arantv.az\/index.php?rest_route=\/wp\/v2\/users\/2"}],"replies":[{"embeddable":true,"href":"https:\/\/arantv.az\/index.php?rest_route=%2Fwp%2Fv2%2Fcomments&post=393594"}],"version-history":[{"count":0,"href":"https:\/\/arantv.az\/index.php?rest_route=\/wp\/v2\/posts\/393594\/revisions"}],"wp:featuredmedia":[{"embeddable":true,"href":"https:\/\/arantv.az\/index.php?rest_route=\/wp\/v2\/media\/393595"}],"wp:attachment":[{"href":"https:\/\/arantv.az\/index.php?rest_route=%2Fwp%2Fv2%2Fmedia&parent=393594"}],"wp:term":[{"taxonomy":"category","embeddable":true,"href":"https:\/\/arantv.az\/index.php?rest_route=%2Fwp%2Fv2%2Fcategories&post=393594"},{"taxonomy":"post_tag","embeddable":true,"href":"https:\/\/arantv.az\/index.php?rest_route=%2Fwp%2Fv2%2Ftags&post=393594"}],"curies":[{"name":"wp","href":"https:\/\/api.w.org\/{rel}","templated":true}]}}