{"id":393602,"date":"2021-10-21T12:06:02","date_gmt":"2021-10-21T09:06:02","guid":{"rendered":"http:\/\/arantv.az\/?p=393602"},"modified":"2021-10-21T12:06:02","modified_gmt":"2021-10-21T09:06:02","slug":"lacin-d%c9%99hlizin%c9%99-cixdiqda-dusm%c9%99n-d%c9%99-bildi-ki-artiq-muqavim%c9%99t-gost%c9%99rm%c9%99yin-m%c9%99nasi-qalmayib","status":"publish","type":"post","link":"https:\/\/arantv.az\/?p=393602","title":{"rendered":"La\u00e7\u0131n d\u0259hlizin\u0259 \u00e7\u0131xd\u0131qda d\u00fc\u015fm\u0259n d\u0259 bildi ki, art\u0131q m\u00fcqavim\u0259t g\u00f6st\u0259rm\u0259yin m\u0259nas\u0131 qalmay\u0131b"},"content":{"rendered":"<p><em>&#8220;Z\u0259ngilan do\u011frudan da \u00e7ox f\u00fcsunkar t\u0259bi\u0259t\u0259 malik olan bir diyard\u0131r. M\u0259n ilk d\u0259f\u0259 Z\u0259ngilana ke\u00e7\u0259n ilin sonlar\u0131nda g\u0259ldim, dekabr ay\u0131nda v\u0259 o vaxt heyran oldum bu diyara. \u018fz\u0259m\u0259tli da\u011flar, ya\u015f\u0131l me\u015f\u0259l\u0259r, \u00e7aylar, iqlim &#8211; bura do\u011frudan da Az\u0259rbaycan\u0131n \u0259n g\u00f6z\u0259l yerl\u0259rind\u0259n biridir v\u0259 m\u0259qs\u0259dimiz d\u0259 odur ki, Z\u0259ngilan\u0131 yenid\u0259n quraq. \u00c7\u00fcnki k\u00f6hn\u0259 Z\u0259ngilandan bir \u015fey qalmay\u0131b. Siz indi g\u00f6r\u00fcrs\u00fcn\u00fcz, m\u0259nfur d\u00fc\u015fm\u0259n dem\u0259k olar ki, b\u00fct\u00fcn binalar\u0131 da\u011f\u0131tm\u0131\u015fd\u0131r&#8221;.<\/em><\/p>\n<p><strong>ARANTV.AZ\u00a0 x\u0259b\u0259r verir ki,<\/strong>\u00a0bunu Prezident \u0130lham \u018fliyev oktyabr\u0131n 20-d\u0259 Z\u0259ngilan rayon ictimaiyy\u0259tinin n\u00fcmay\u0259nd\u0259l\u0259ri il\u0259 g\u00f6r\u00fc\u015fd\u0259 bildirib.<\/p>\n<p>&#8220;Bir ne\u00e7\u0259 bina qal\u0131b ki, orada h\u0259rb\u00e7il\u0259r yerl\u0259\u015firdi. Qalan b\u00fct\u00fcn binalar\u0131, b\u00fct\u00fcn k\u0259ndl\u0259rin binalar\u0131n\u0131 bir m\u0259qs\u0259dl\u0259 da\u011f\u0131tm\u0131\u015flar ki, biz buraya qay\u0131tmayaq. Amma biz qay\u0131tm\u0131\u015f\u0131q, \u015fanl\u0131 Ordumuz d\u00fcz bir il bundan \u0259vv\u0259l Az\u0259rbaycan bayra\u011f\u0131n\u0131 Z\u0259ngilanda qald\u0131rd\u0131 v\u0259 d\u00fc\u015fm\u0259ni bu torpaqlardan qovdu. Z\u0259ngilan azad olunandan sonra art\u0131q yolumuz Qubadl\u0131ya a\u00e7\u0131ld\u0131 v\u0259 be\u015f g\u00fcn sonra Qubadl\u0131 azad olundu, ondan sonra da La\u00e7\u0131n d\u0259hlizin\u0259 \u00e7\u0131xd\u0131q. La\u00e7\u0131n d\u0259hlizin\u0259 \u00e7\u0131xd\u0131qda dem\u0259k olar, d\u00fc\u015fm\u0259n d\u0259 bildi ki, art\u0131q m\u00fcqavim\u0259t g\u00f6st\u0259rm\u0259yin m\u0259nas\u0131 qalmay\u0131b.<\/p>\n<p>Amma indi Z\u0259ngilan\u0131n yeni d\u00f6vr\u00fc ba\u015flay\u0131r v\u0259 \u015f\u0259h\u0259rin ba\u015f plan\u0131 art\u0131q haz\u0131rlan\u0131r. Bir xarici \u015firk\u0259t m\u00fcsabiq\u0259d\u0259 qalib g\u0259ldi v\u0259 hesab edir\u0259m ki, yax\u0131n aylarda ba\u015f plan t\u0259qdim edil\u0259c\u0259k. B\u00fct\u00fcn bu t\u0259bii g\u00f6z\u0259llik n\u0259z\u0259r\u0259 al\u0131naraq m\u00fcasir, \u00e7ox g\u00f6z\u0259l bir \u015f\u0259h\u0259r qurulacaq, h\u0259m\u00e7inin d\u0259 k\u0259ndl\u0259r. Siz d\u0259 bilirsiniz ki, azad edilmi\u015f b\u00fct\u00fcn torpaqlarda birinci \u201cA\u011f\u0131ll\u0131 k\u0259nd\u201d layih\u0259si m\u0259hz Z\u0259ngilan rayonunda h\u0259yata ke\u00e7irildi&#8221;, &#8211; d\u00f6vl\u0259t ba\u015f\u00e7\u0131s\u0131 bildirib.<\/p>\n","protected":false},"excerpt":{"rendered":"<p>&#8220;Z\u0259ngilan do\u011frudan da \u00e7ox f\u00fcsunkar t\u0259bi\u0259t\u0259 malik olan bir diyard\u0131r. M\u0259n ilk d\u0259f\u0259 Z\u0259ngilana ke\u00e7\u0259n ilin sonlar\u0131nda g\u0259ldim, dekabr ay\u0131nda v\u0259 o vaxt heyran oldum bu diyara. \u018fz\u0259m\u0259tli da\u011flar, ya\u015f\u0131l me\u015f\u0259l\u0259r, \u00e7aylar, iqlim &#8211; bura do\u011frudan da Az\u0259rbaycan\u0131n \u0259n g\u00f6z\u0259l yerl\u0259rind\u0259n biridir v\u0259 m\u0259qs\u0259dimiz d\u0259 odur ki, Z\u0259ngilan\u0131 yenid\u0259n quraq. \u00c7\u00fcnki k\u00f6hn\u0259 Z\u0259ngilandan bir \u015fey qalmay\u0131b. Siz indi g\u00f6r\u00fcrs\u00fcn\u00fcz, m\u0259nfur d\u00fc\u015fm\u0259n dem\u0259k olar ki, b\u00fct\u00fcn binalar\u0131 da\u011f\u0131tm\u0131\u015fd\u0131r&#8221;. ARANTV.AZ\u00a0 x\u0259b\u0259r verir ki,\u00a0bunu Prezident \u0130lham \u018fliyev oktyabr\u0131n 20-d\u0259 Z\u0259ngilan rayon ictimaiyy\u0259tinin n\u00fcmay\u0259nd\u0259l\u0259ri il\u0259 g\u00f6r\u00fc\u015fd\u0259 bildirib. &#8220;Bir ne\u00e7\u0259 bina qal\u0131b ki, orada h\u0259rb\u00e7il\u0259r&hellip;<\/p>\n","protected":false},"author":2,"featured_media":393604,"comment_status":"closed","ping_status":"closed","sticky":false,"template":"","format":"standard","meta":{"om_disable_all_campaigns":false,"_monsterinsights_skip_tracking":false,"_monsterinsights_sitenote_active":false,"_monsterinsights_sitenote_note":"","_monsterinsights_sitenote_category":0},"categories":[4],"tags":[],"aioseo_notices":[],"gutentor_comment":0,"rttpg_featured_image_url":{"full":["https:\/\/arantv.az\/wp-content\/uploads\/2021\/10\/f03704cb16348069888582337361011401.jpg",975,540,false],"landscape":["https:\/\/arantv.az\/wp-content\/uploads\/2021\/10\/f03704cb16348069888582337361011401.jpg",975,540,false],"portraits":["https:\/\/arantv.az\/wp-content\/uploads\/2021\/10\/f03704cb16348069888582337361011401.jpg",975,540,false],"thumbnail":["https:\/\/arantv.az\/wp-content\/uploads\/2021\/10\/f03704cb16348069888582337361011401-500x280.jpg",500,280,true],"medium":["https:\/\/arantv.az\/wp-content\/uploads\/2021\/10\/f03704cb16348069888582337361011401-660x365.jpg",660,365,true],"large":["https:\/\/arantv.az\/wp-content\/uploads\/2021\/10\/f03704cb16348069888582337361011401-840x465.jpg",640,354,true],"1536x1536":["https:\/\/arantv.az\/wp-content\/uploads\/2021\/10\/f03704cb16348069888582337361011401.jpg",975,540,false],"2048x2048":["https:\/\/arantv.az\/wp-content\/uploads\/2021\/10\/f03704cb16348069888582337361011401.jpg",975,540,false],"post-thumbnail":["https:\/\/arantv.az\/wp-content\/uploads\/2021\/10\/f03704cb16348069888582337361011401-240x172.jpg",240,172,true],"advps-thumb-one":["https:\/\/arantv.az\/wp-content\/uploads\/2021\/10\/f03704cb16348069888582337361011401.jpg",975,540,false]},"rttpg_author":{"display_name":"V\u00fcsal Rafiqo\u011flu","author_link":"https:\/\/arantv.az\/?author=2"},"rttpg_comment":0,"rttpg_category":"<a href=\"https:\/\/arantv.az\/?cat=4\" rel=\"category\">Siyas\u0259t<\/a>","rttpg_excerpt":"&#8220;Z\u0259ngilan do\u011frudan da \u00e7ox f\u00fcsunkar t\u0259bi\u0259t\u0259 malik olan bir diyard\u0131r. M\u0259n ilk d\u0259f\u0259 Z\u0259ngilana ke\u00e7\u0259n ilin sonlar\u0131nda g\u0259ldim, dekabr ay\u0131nda v\u0259 o vaxt heyran oldum bu diyara. \u018fz\u0259m\u0259tli da\u011flar, ya\u015f\u0131l me\u015f\u0259l\u0259r, \u00e7aylar, iqlim &#8211; bura do\u011frudan da Az\u0259rbaycan\u0131n \u0259n g\u00f6z\u0259l yerl\u0259rind\u0259n biridir v\u0259 m\u0259qs\u0259dimiz d\u0259 odur ki, Z\u0259ngilan\u0131 yenid\u0259n quraq. \u00c7\u00fcnki k\u00f6hn\u0259 Z\u0259ngilandan bir \u015fey&hellip;","_links":{"self":[{"href":"https:\/\/arantv.az\/index.php?rest_route=\/wp\/v2\/posts\/393602"}],"collection":[{"href":"https:\/\/arantv.az\/index.php?rest_route=\/wp\/v2\/posts"}],"about":[{"href":"https:\/\/arantv.az\/index.php?rest_route=\/wp\/v2\/types\/post"}],"author":[{"embeddable":true,"href":"https:\/\/arantv.az\/index.php?rest_route=\/wp\/v2\/users\/2"}],"replies":[{"embeddable":true,"href":"https:\/\/arantv.az\/index.php?rest_route=%2Fwp%2Fv2%2Fcomments&post=393602"}],"version-history":[{"count":0,"href":"https:\/\/arantv.az\/index.php?rest_route=\/wp\/v2\/posts\/393602\/revisions"}],"wp:featuredmedia":[{"embeddable":true,"href":"https:\/\/arantv.az\/index.php?rest_route=\/wp\/v2\/media\/393604"}],"wp:attachment":[{"href":"https:\/\/arantv.az\/index.php?rest_route=%2Fwp%2Fv2%2Fmedia&parent=393602"}],"wp:term":[{"taxonomy":"category","embeddable":true,"href":"https:\/\/arantv.az\/index.php?rest_route=%2Fwp%2Fv2%2Fcategories&post=393602"},{"taxonomy":"post_tag","embeddable":true,"href":"https:\/\/arantv.az\/index.php?rest_route=%2Fwp%2Fv2%2Ftags&post=393602"}],"curies":[{"name":"wp","href":"https:\/\/api.w.org\/{rel}","templated":true}]}}