{"id":393606,"date":"2021-10-21T12:06:29","date_gmt":"2021-10-21T09:06:29","guid":{"rendered":"http:\/\/arantv.az\/?p=393606"},"modified":"2021-10-21T12:06:29","modified_gmt":"2021-10-21T09:06:29","slug":"ilham-%c9%99liyev-buradan-naxcivana-yol-acilacaq","status":"publish","type":"post","link":"https:\/\/arantv.az\/?p=393606","title":{"rendered":"\u0130lham \u018fliyev: \u201cBuradan Nax\u00e7\u0131vana yol a\u00e7\u0131lacaq\u201d"},"content":{"rendered":"<p>\u201cM\u0259n birinci d\u0259f\u0259 g\u0259l\u0259nd\u0259 Mincivana getdim, orada d\u0259mir yolu stansiyas\u0131n\u0131n \u00f6n\u00fcnd\u0259 Az\u0259rbaycan xalq\u0131na m\u00fcraci\u0259t etdim. Orada dem\u0259k olar ki, h\u0259r \u015fey da\u011f\u0131d\u0131l\u0131b. Bir \u015fey yoxdur, d\u0259mir yollar\u0131n\u0131 onlar \u00e7oxdan da\u015f\u0131y\u0131b aparm\u0131\u015fd\u0131lar. O relsl\u0259rd\u0259n tank \u0259leyhin\u0259 istehkamlar qurmu\u015fdular. Stansiyan\u0131n binas\u0131 da tamamil\u0259 da\u011f\u0131lm\u0131\u015f v\u0259ziyy\u0259td\u0259 idi\u201d.<\/p>\n<div id=\"AdviadNativeVideo0\" class=\"AdviadNativeVideo\"><\/div>\n<p>Bu s\u00f6zl\u0259ri Prezident \u0130lham \u018fliyev oktyabr\u0131n 20-d\u0259 Z\u0259ngilan rayon ictimaiyy\u0259tinin n\u00fcmay\u0259nd\u0259l\u0259ri il\u0259 g\u00f6r\u00fc\u015f\u00fcnd\u0259 deyib.<\/p>\n<p>\u201cBuradan Nax\u00e7\u0131vana yol a\u00e7\u0131lacaq. Oradan da T\u00fcrkiy\u0259y\u0259, oradan da Avropaya\u201d, &#8211; dey\u0259 d\u00f6vl\u0259t ba\u015f\u00e7\u0131s\u0131 qeyd edib.<\/p>\n","protected":false},"excerpt":{"rendered":"<p>\u201cM\u0259n birinci d\u0259f\u0259 g\u0259l\u0259nd\u0259 Mincivana getdim, orada d\u0259mir yolu stansiyas\u0131n\u0131n \u00f6n\u00fcnd\u0259 Az\u0259rbaycan xalq\u0131na m\u00fcraci\u0259t etdim. Orada dem\u0259k olar ki, h\u0259r \u015fey da\u011f\u0131d\u0131l\u0131b. Bir \u015fey yoxdur, d\u0259mir yollar\u0131n\u0131 onlar \u00e7oxdan da\u015f\u0131y\u0131b aparm\u0131\u015fd\u0131lar. O relsl\u0259rd\u0259n tank \u0259leyhin\u0259 istehkamlar qurmu\u015fdular. Stansiyan\u0131n binas\u0131 da tamamil\u0259 da\u011f\u0131lm\u0131\u015f v\u0259ziyy\u0259td\u0259 idi\u201d. Bu s\u00f6zl\u0259ri Prezident \u0130lham \u018fliyev oktyabr\u0131n 20-d\u0259 Z\u0259ngilan rayon ictimaiyy\u0259tinin n\u00fcmay\u0259nd\u0259l\u0259ri il\u0259 g\u00f6r\u00fc\u015f\u00fcnd\u0259 deyib. \u201cBuradan Nax\u00e7\u0131vana yol a\u00e7\u0131lacaq. Oradan da T\u00fcrkiy\u0259y\u0259, oradan da Avropaya\u201d, &#8211; dey\u0259 d\u00f6vl\u0259t ba\u015f\u00e7\u0131s\u0131 qeyd edib.<\/p>\n","protected":false},"author":2,"featured_media":393607,"comment_status":"closed","ping_status":"closed","sticky":false,"template":"","format":"standard","meta":{"om_disable_all_campaigns":false,"_monsterinsights_skip_tracking":false,"_monsterinsights_sitenote_active":false,"_monsterinsights_sitenote_note":"","_monsterinsights_sitenote_category":0},"categories":[4],"tags":[],"aioseo_notices":[],"gutentor_comment":0,"rttpg_featured_image_url":{"full":["https:\/\/arantv.az\/wp-content\/uploads\/2021\/10\/1634802752566125980_1000x669.jpg",620,413,false],"landscape":["https:\/\/arantv.az\/wp-content\/uploads\/2021\/10\/1634802752566125980_1000x669.jpg",620,413,false],"portraits":["https:\/\/arantv.az\/wp-content\/uploads\/2021\/10\/1634802752566125980_1000x669.jpg",620,413,false],"thumbnail":["https:\/\/arantv.az\/wp-content\/uploads\/2021\/10\/1634802752566125980_1000x669-500x280.jpg",500,280,true],"medium":["https:\/\/arantv.az\/wp-content\/uploads\/2021\/10\/1634802752566125980_1000x669-548x365.jpg",548,365,true],"large":["https:\/\/arantv.az\/wp-content\/uploads\/2021\/10\/1634802752566125980_1000x669.jpg",620,413,false],"1536x1536":["https:\/\/arantv.az\/wp-content\/uploads\/2021\/10\/1634802752566125980_1000x669.jpg",620,413,false],"2048x2048":["https:\/\/arantv.az\/wp-content\/uploads\/2021\/10\/1634802752566125980_1000x669.jpg",620,413,false],"post-thumbnail":["https:\/\/arantv.az\/wp-content\/uploads\/2021\/10\/1634802752566125980_1000x669-240x172.jpg",240,172,true],"advps-thumb-one":["https:\/\/arantv.az\/wp-content\/uploads\/2021\/10\/1634802752566125980_1000x669.jpg",620,413,false]},"rttpg_author":{"display_name":"V\u00fcsal Rafiqo\u011flu","author_link":"https:\/\/arantv.az\/?author=2"},"rttpg_comment":0,"rttpg_category":"<a href=\"https:\/\/arantv.az\/?cat=4\" rel=\"category\">Siyas\u0259t<\/a>","rttpg_excerpt":"\u201cM\u0259n birinci d\u0259f\u0259 g\u0259l\u0259nd\u0259 Mincivana getdim, orada d\u0259mir yolu stansiyas\u0131n\u0131n \u00f6n\u00fcnd\u0259 Az\u0259rbaycan xalq\u0131na m\u00fcraci\u0259t etdim. Orada dem\u0259k olar ki, h\u0259r \u015fey da\u011f\u0131d\u0131l\u0131b. Bir \u015fey yoxdur, d\u0259mir yollar\u0131n\u0131 onlar \u00e7oxdan da\u015f\u0131y\u0131b aparm\u0131\u015fd\u0131lar. O relsl\u0259rd\u0259n tank \u0259leyhin\u0259 istehkamlar qurmu\u015fdular. Stansiyan\u0131n binas\u0131 da tamamil\u0259 da\u011f\u0131lm\u0131\u015f v\u0259ziyy\u0259td\u0259 idi\u201d. Bu s\u00f6zl\u0259ri Prezident \u0130lham \u018fliyev oktyabr\u0131n 20-d\u0259 Z\u0259ngilan rayon ictimaiyy\u0259tinin n\u00fcmay\u0259nd\u0259l\u0259ri&hellip;","_links":{"self":[{"href":"https:\/\/arantv.az\/index.php?rest_route=\/wp\/v2\/posts\/393606"}],"collection":[{"href":"https:\/\/arantv.az\/index.php?rest_route=\/wp\/v2\/posts"}],"about":[{"href":"https:\/\/arantv.az\/index.php?rest_route=\/wp\/v2\/types\/post"}],"author":[{"embeddable":true,"href":"https:\/\/arantv.az\/index.php?rest_route=\/wp\/v2\/users\/2"}],"replies":[{"embeddable":true,"href":"https:\/\/arantv.az\/index.php?rest_route=%2Fwp%2Fv2%2Fcomments&post=393606"}],"version-history":[{"count":0,"href":"https:\/\/arantv.az\/index.php?rest_route=\/wp\/v2\/posts\/393606\/revisions"}],"wp:featuredmedia":[{"embeddable":true,"href":"https:\/\/arantv.az\/index.php?rest_route=\/wp\/v2\/media\/393607"}],"wp:attachment":[{"href":"https:\/\/arantv.az\/index.php?rest_route=%2Fwp%2Fv2%2Fmedia&parent=393606"}],"wp:term":[{"taxonomy":"category","embeddable":true,"href":"https:\/\/arantv.az\/index.php?rest_route=%2Fwp%2Fv2%2Fcategories&post=393606"},{"taxonomy":"post_tag","embeddable":true,"href":"https:\/\/arantv.az\/index.php?rest_route=%2Fwp%2Fv2%2Ftags&post=393606"}],"curies":[{"name":"wp","href":"https:\/\/api.w.org\/{rel}","templated":true}]}}