{"id":393612,"date":"2021-10-21T12:13:43","date_gmt":"2021-10-21T09:13:43","guid":{"rendered":"http:\/\/arantv.az\/?p=393612"},"modified":"2021-10-21T12:13:43","modified_gmt":"2021-10-21T09:13:43","slug":"az%c9%99rbaycanda-toydan-ev%c9%99-qayidan-ail%c9%99-uzvl%c9%99ri-d%c9%99hs%c9%99t-yasadi-4-n%c9%99f%c9%99r-oldu-foto","status":"publish","type":"post","link":"https:\/\/arantv.az\/?p=393612","title":{"rendered":"Az\u0259rbaycanda toydan ev\u0259 qay\u0131dan ail\u0259 \u00fczvl\u0259ri d\u0259h\u015f\u0259t ya\u015fad\u0131 \u2013 4 N\u018fF\u018fR \u00d6LD\u00dc\/FOTO"},"content":{"rendered":"<div class=\"row\">\n<div class=\"post single\">\n<div class=\"post_content page_margin_top_section clearfix\">\n<div class=\"content_box\">\n<div class=\"text\">\n<p><strong>Bir ne\u00e7\u0259 g\u00fcn \u0259vv\u0259l gec\u0259 saatlar\u0131nda Quba rayonunun Z\u0259rdabi q\u0259s\u0259b\u0259si \u0259razisind\u0259 4 n\u0259f\u0259rin \u00f6l\u00fcm\u00fcn\u0259 s\u0259b\u0259b olan d\u0259h\u015f\u0259tli yol q\u0259zas\u0131 il\u0259 ba\u011fl\u0131 b\u0259zi m\u0259qamlar \u00fcz\u0259 \u00e7\u0131x\u0131b.<\/strong><\/p>\n<p><strong>ARANTV.AZ\u00a0<\/strong> x\u0259b\u0259r verir ki, s\u00fcr\u0259tl\u0259 h\u0259r\u0259k\u0259t ed\u0259rk\u0259n yoldan \u00e7\u0131x\u0131b \u00e7inar a\u011fac\u0131na \u00e7\u0131rp\u0131lan avtomobild\u0259 olan 4 n\u0259f\u0259r saat 22 rad\u0259l\u0259rind\u0259 Xa\u00e7maz rayonu istiqam\u0259tind\u0259n Qubaya do\u011fru toydan qay\u0131d\u0131rm\u0131\u015f. Bel\u0259 ki, dumanl\u0131 hava \u015f\u0259raitind\u0259 Alekseyevka k\u0259nd sakini 1999-cu il t\u0259v\u0259ll\u00fcdl\u00fc M\u0259h\u0259mm\u0259d Allahverdiyevin idar\u0259 etdiyi \u201cVAZ-2107\u201d markal\u0131 avtomobili yoldan \u00e7\u0131x\u0131b. N\u0259tic\u0259d\u0259 s\u00fcr\u00fcc\u00fc v\u0259 s\u0259rni\u015finl\u0259ri &#8211; atas\u0131 1973-c\u00fc il t\u0259v\u0259ll\u00fcdl\u00fc Allahverdiyev Kamil Atabala o\u011flu, \u0259misi Allahverdiyev A\u011fabala Atabala o\u011flu v\u0259 qohumlar\u0131 1969-cu il t\u0259v\u0259ll\u00fcdl\u00fc M\u0259mm\u0259dr\u0259himov \u015eamil H\u0259s\u0259nbala o\u011flu z\u0259rb\u0259nin t\u0259sirind\u0259n v\u0259fat edib.<\/p>\n<p>Faktla ba\u011fl\u0131 cinay\u0259t i\u015fi a\u00e7\u0131l\u0131b, ara\u015fd\u0131rma apar\u0131l\u0131r.<\/p>\n<div id=\"AdviadNativeVideo0\" class=\"AdviadNativeVideo\"><\/div>\n<p>Qey ed\u0259k ki Quba-Xa\u00e7maz yolunda tez-tez a\u011f\u0131r yol q\u0259zalar\u0131 ba\u015f verir.<\/p>\n<p>&nbsp;<\/p>\n<\/div>\n<\/div>\n<\/div>\n<div class=\"social_like\">\n<div>\n<div class=\"fb-like\" data-href=\"\" data-layout=\"button_count\" data-action=\"recommend\" data-size=\"small\" data-show-faces=\"false\" data-share=\"false\"><\/div>\n<\/div>\n<div><\/div>\n<\/div>\n<\/div>\n<\/div>\n<div class=\"row page_margin_top\">\n<div id=\"news_media_gallery\" class=\"eagle-gallery img600 in as1\">\n<div class=\"eagle-medium-wrap\">\n<div class=\"scale-ico\"><\/div>\n<p><a class=\"eagle-view-medium-img\"><img src=\"https:\/\/publika.az\/storage\/2021\/10\/21\/245908775_4411788682237680_4929171118886318452_n.jpg\" alt=\"\" \/><\/a><\/div>\n<div class=\"owl-carousel mini-slider\">\n<div class=\"owl-wrapper-outer\">\n<div class=\"owl-wrapper\">\n<div class=\"owl-item\"><img src=\"https:\/\/publika.az\/storage\/2021\/10\/21\/250x250f\/246312781_3329161474021035_8997026981376989261_n.jpg\" alt=\"\" data-medium-img=\"https:\/\/publika.az\/storage\/2021\/10\/21\/246312781_3329161474021035_8997026981376989261_n.jpg\" data-big-img=\"https:\/\/publika.az\/storage\/2021\/10\/21\/246312781_3329161474021035_8997026981376989261_n.jpg\" data-title=\"\" \/><\/div>\n<div class=\"owl-item\"><img src=\"https:\/\/publika.az\/storage\/2021\/10\/21\/250x250f\/246035440_3329161470687702_2425909089095982474_n.jpg\" alt=\"\" data-medium-img=\"https:\/\/publika.az\/storage\/2021\/10\/21\/246035440_3329161470687702_2425909089095982474_n.jpg\" data-big-img=\"https:\/\/publika.az\/storage\/2021\/10\/21\/246035440_3329161470687702_2425909089095982474_n.jpg\" data-title=\"\" \/><\/div>\n<div class=\"owl-item active\"><img src=\"https:\/\/publika.az\/storage\/2021\/10\/21\/250x250f\/245908775_4411788682237680_4929171118886318452_n.jpg\" alt=\"\" data-medium-img=\"https:\/\/publika.az\/storage\/2021\/10\/21\/245908775_4411788682237680_4929171118886318452_n.jpg\" data-big-img=\"https:\/\/publika.az\/storage\/2021\/10\/21\/245908775_4411788682237680_4929171118886318452_n.jpg\" data-title=\"\" \/><\/div>\n<div class=\"owl-item\"><img src=\"https:\/\/publika.az\/storage\/2021\/10\/21\/250x250f\/245883036_3329161467354369_4438388405055885548_n.jpg\" alt=\"\" data-medium-img=\"https:\/\/publika.az\/storage\/2021\/10\/21\/245883036_3329161467354369_4438388405055885548_n.jpg\" data-big-img=\"https:\/\/publika.az\/storage\/2021\/10\/21\/245883036_3329161467354369_4438388405055885548_n.jpg\" data-title=\"\" \/><\/div>\n<\/div>\n<\/div>\n<\/div>\n<\/div>\n<\/div>\n","protected":false},"excerpt":{"rendered":"<p>Bir ne\u00e7\u0259 g\u00fcn \u0259vv\u0259l gec\u0259 saatlar\u0131nda Quba rayonunun Z\u0259rdabi q\u0259s\u0259b\u0259si \u0259razisind\u0259 4 n\u0259f\u0259rin \u00f6l\u00fcm\u00fcn\u0259 s\u0259b\u0259b olan d\u0259h\u015f\u0259tli yol q\u0259zas\u0131 il\u0259 ba\u011fl\u0131 b\u0259zi m\u0259qamlar \u00fcz\u0259 \u00e7\u0131x\u0131b. ARANTV.AZ\u00a0 x\u0259b\u0259r verir ki, s\u00fcr\u0259tl\u0259 h\u0259r\u0259k\u0259t ed\u0259rk\u0259n yoldan \u00e7\u0131x\u0131b \u00e7inar a\u011fac\u0131na \u00e7\u0131rp\u0131lan avtomobild\u0259 olan 4 n\u0259f\u0259r saat 22 rad\u0259l\u0259rind\u0259 Xa\u00e7maz rayonu istiqam\u0259tind\u0259n Qubaya do\u011fru toydan qay\u0131d\u0131rm\u0131\u015f. Bel\u0259 ki, dumanl\u0131 hava \u015f\u0259raitind\u0259 Alekseyevka k\u0259nd sakini 1999-cu il t\u0259v\u0259ll\u00fcdl\u00fc M\u0259h\u0259mm\u0259d Allahverdiyevin idar\u0259 etdiyi \u201cVAZ-2107\u201d markal\u0131 avtomobili yoldan \u00e7\u0131x\u0131b. N\u0259tic\u0259d\u0259 s\u00fcr\u00fcc\u00fc v\u0259 s\u0259rni\u015finl\u0259ri &#8211; atas\u0131 1973-c\u00fc il t\u0259v\u0259ll\u00fcdl\u00fc Allahverdiyev Kamil Atabala o\u011flu, \u0259misi Allahverdiyev A\u011fabala Atabala o\u011flu v\u0259&hellip;<\/p>\n","protected":false},"author":2,"featured_media":393613,"comment_status":"closed","ping_status":"closed","sticky":false,"template":"","format":"standard","meta":{"om_disable_all_campaigns":false,"_monsterinsights_skip_tracking":false,"_monsterinsights_sitenote_active":false,"_monsterinsights_sitenote_note":"","_monsterinsights_sitenote_category":0},"categories":[5],"tags":[],"aioseo_notices":[],"gutentor_comment":0,"rttpg_featured_image_url":{"full":["https:\/\/arantv.az\/wp-content\/uploads\/2021\/10\/meyit-3.jpg",800,450,false],"landscape":["https:\/\/arantv.az\/wp-content\/uploads\/2021\/10\/meyit-3.jpg",800,450,false],"portraits":["https:\/\/arantv.az\/wp-content\/uploads\/2021\/10\/meyit-3.jpg",800,450,false],"thumbnail":["https:\/\/arantv.az\/wp-content\/uploads\/2021\/10\/meyit-3-500x280.jpg",500,280,true],"medium":["https:\/\/arantv.az\/wp-content\/uploads\/2021\/10\/meyit-3-649x365.jpg",649,365,true],"large":["https:\/\/arantv.az\/wp-content\/uploads\/2021\/10\/meyit-3.jpg",640,360,false],"1536x1536":["https:\/\/arantv.az\/wp-content\/uploads\/2021\/10\/meyit-3.jpg",800,450,false],"2048x2048":["https:\/\/arantv.az\/wp-content\/uploads\/2021\/10\/meyit-3.jpg",800,450,false],"post-thumbnail":["https:\/\/arantv.az\/wp-content\/uploads\/2021\/10\/meyit-3-240x172.jpg",240,172,true],"advps-thumb-one":["https:\/\/arantv.az\/wp-content\/uploads\/2021\/10\/meyit-3.jpg",800,450,false]},"rttpg_author":{"display_name":"V\u00fcsal Rafiqo\u011flu","author_link":"https:\/\/arantv.az\/?author=2"},"rttpg_comment":0,"rttpg_category":"<a href=\"https:\/\/arantv.az\/?cat=5\" rel=\"category\">Hadis\u0259<\/a>","rttpg_excerpt":"Bir ne\u00e7\u0259 g\u00fcn \u0259vv\u0259l gec\u0259 saatlar\u0131nda Quba rayonunun Z\u0259rdabi q\u0259s\u0259b\u0259si \u0259razisind\u0259 4 n\u0259f\u0259rin \u00f6l\u00fcm\u00fcn\u0259 s\u0259b\u0259b olan d\u0259h\u015f\u0259tli yol q\u0259zas\u0131 il\u0259 ba\u011fl\u0131 b\u0259zi m\u0259qamlar \u00fcz\u0259 \u00e7\u0131x\u0131b. ARANTV.AZ\u00a0 x\u0259b\u0259r verir ki, s\u00fcr\u0259tl\u0259 h\u0259r\u0259k\u0259t ed\u0259rk\u0259n yoldan \u00e7\u0131x\u0131b \u00e7inar a\u011fac\u0131na \u00e7\u0131rp\u0131lan avtomobild\u0259 olan 4 n\u0259f\u0259r saat 22 rad\u0259l\u0259rind\u0259 Xa\u00e7maz rayonu istiqam\u0259tind\u0259n Qubaya do\u011fru toydan qay\u0131d\u0131rm\u0131\u015f. Bel\u0259 ki, dumanl\u0131 hava&hellip;","_links":{"self":[{"href":"https:\/\/arantv.az\/index.php?rest_route=\/wp\/v2\/posts\/393612"}],"collection":[{"href":"https:\/\/arantv.az\/index.php?rest_route=\/wp\/v2\/posts"}],"about":[{"href":"https:\/\/arantv.az\/index.php?rest_route=\/wp\/v2\/types\/post"}],"author":[{"embeddable":true,"href":"https:\/\/arantv.az\/index.php?rest_route=\/wp\/v2\/users\/2"}],"replies":[{"embeddable":true,"href":"https:\/\/arantv.az\/index.php?rest_route=%2Fwp%2Fv2%2Fcomments&post=393612"}],"version-history":[{"count":0,"href":"https:\/\/arantv.az\/index.php?rest_route=\/wp\/v2\/posts\/393612\/revisions"}],"wp:featuredmedia":[{"embeddable":true,"href":"https:\/\/arantv.az\/index.php?rest_route=\/wp\/v2\/media\/393613"}],"wp:attachment":[{"href":"https:\/\/arantv.az\/index.php?rest_route=%2Fwp%2Fv2%2Fmedia&parent=393612"}],"wp:term":[{"taxonomy":"category","embeddable":true,"href":"https:\/\/arantv.az\/index.php?rest_route=%2Fwp%2Fv2%2Fcategories&post=393612"},{"taxonomy":"post_tag","embeddable":true,"href":"https:\/\/arantv.az\/index.php?rest_route=%2Fwp%2Fv2%2Ftags&post=393612"}],"curies":[{"name":"wp","href":"https:\/\/api.w.org\/{rel}","templated":true}]}}