{"id":393625,"date":"2021-10-21T14:17:58","date_gmt":"2021-10-21T11:17:58","guid":{"rendered":"http:\/\/arantv.az\/?p=393625"},"modified":"2021-10-21T14:17:58","modified_gmt":"2021-10-21T11:17:58","slug":"kamanca-ustadinin-arzusu-reallasdi-video","status":"publish","type":"post","link":"https:\/\/arantv.az\/?p=393625","title":{"rendered":"Kaman\u00e7a ustad\u0131n\u0131n arzusu realla\u015fd\u0131 &#8211; V\u0130DEO"},"content":{"rendered":"<article class=\"news\">\n<div class=\"news-inner\">\n<p>Prezident \u0130lham \u018fliyev v\u0259 Birinci vitse-prezident Mehriban \u018fliyevan\u0131n oktyabr\u0131n 20-d\u0259 Z\u0259ngilan rayon ictimaiyy\u0259tinin n\u00fcmay\u0259nd\u0259l\u0259ri il\u0259 g\u00f6r\u00fc\u015f\u00fcnd\u0259 kaman\u00e7a ustad\u0131, \u018fm\u0259kdar artist Elnur \u018fhm\u0259dov da i\u015ftirak edib.<\/p>\n<p>E.\u018fhm\u0259dov \u0259n b\u00f6y\u00fck arzusunun Z\u0259ngilanda anadan oldu\u011fu evd\u0259 kaman\u00e7a ifa etm\u0259si oldu\u011funu deyib:<\/p>\n<p>\u201cDo\u011fma Z\u0259ngilan torpa\u011f\u0131nda Sizi salamlay\u0131ram, Mehriban xan\u0131m\u0131 \u00fcr\u0259kd\u0259n salamlay\u0131ram. M\u0259n bu torpaqda d\u00fcnyaya g\u00f6z a\u00e7m\u0131\u015fam, m\u0259hz da\u015f\u0131y\u0131c\u0131s\u0131 oldu\u011fum bu s\u0259n\u0259ti Z\u0259ngilan rayonunun M\u0259mm\u0259db\u0259yli k\u0259ndind\u0259 sevmi\u015f\u0259m. Allah Sizl\u0259ri var el\u0259sin. Mehriban xan\u0131ma m\u0259n m\u0259xsusi t\u0259\u015f\u0259kk\u00fcr\u00fcm\u00fc bildirir\u0259m ki, bizim mu\u011fam\u0131m\u0131z\u0131n d\u00fcnyaya inteqrasiya olunmas\u0131nda m\u0259xsusi xidm\u0259tl\u0259ri var.<\/p>\n<div id=\"AdviadNativeVideo0\" class=\"AdviadNativeVideo\"><\/div>\n<p>C\u0259nab Prezident, biz \u201cQaraba\u011f\u201d mu\u011fam qrupu olaraq xan\u0259nd\u0259, Xalq artisti M\u0259nsum \u0130brahimov, s\u0259n\u0259t dostlar\u0131m El\u00e7in H\u0259\u015fimov v\u0259 Kamran K\u0259rimov il\u0259 birg\u0259 d\u00fcnyan\u0131n dem\u0259k olar, el\u0259 bir \u00f6lk\u0259si yoxdur ki, orada konsert proqram\u0131 il\u0259 \u00e7\u0131x\u0131\u015f etm\u0259y\u0259k. Amma h\u0259r birimizin b\u00f6y\u00fck arzumuz, bizim \u00fc\u00e7\u00fcn d\u00fcnyan\u0131n \u0259n b\u00f6y\u00fck s\u0259hn\u0259si Siz ba\u015fda olmaqla, Mehriban xan\u0131m ba\u015fda olmaqla \u015eu\u015fada C\u0131d\u0131r d\u00fcz\u00fcnd\u0259 ke\u00e7iril\u0259n \u201cXar\u0131b\u00fclb\u00fcl\u201d festival\u0131 idi. \u00c7\u00fcnki bizim \u00fc\u00e7\u00fcn ondan b\u00f6y\u00fck, \u015f\u0259r\u0259fli g\u00fcn yox idi. C\u0259nab Prezident, h\u00f6rm\u0259tli Mehriban xan\u0131m, m\u0259nim \u0259n b\u00f6y\u00fck arzum o idi ki, anadan oldu\u011fum o k\u0259ndd\u0259, u\u00e7uq da olsa, o evd\u0259 kaman\u00e7am\u0131n s\u0259si g\u0259lsin\u201d.<\/p>\n<p>\u018fm\u0259kdar artist d\u00f6vl\u0259t ba\u015f\u00e7\u0131s\u0131na yarad\u0131lan \u015f\u0259rait\u0259 g\u00f6r\u0259 t\u0259\u015f\u0259kk\u00fcr edib.<\/p>\n<p>Daha sonra \u018fm\u0259kdar artist Almaz Orucova Elnur \u018fhm\u0259dovun m\u00fc\u015fayi\u0259ti il\u0259 mu\u011fam ifa edib.<\/p>\n<div><iframe loading=\"lazy\" title=\"YouTube video player\" src=\"https:\/\/www.youtube.com\/embed\/cpwgb3-DJSw\" width=\"560\" height=\"315\" frameborder=\"0\" allowfullscreen=\"allowfullscreen\" data-mce-fragment=\"1\"><\/iframe><\/div>\n<\/div>\n<\/article>\n","protected":false},"excerpt":{"rendered":"<p>Prezident \u0130lham \u018fliyev v\u0259 Birinci vitse-prezident Mehriban \u018fliyevan\u0131n oktyabr\u0131n 20-d\u0259 Z\u0259ngilan rayon ictimaiyy\u0259tinin n\u00fcmay\u0259nd\u0259l\u0259ri il\u0259 g\u00f6r\u00fc\u015f\u00fcnd\u0259 kaman\u00e7a ustad\u0131, \u018fm\u0259kdar artist Elnur \u018fhm\u0259dov da i\u015ftirak edib. E.\u018fhm\u0259dov \u0259n b\u00f6y\u00fck arzusunun Z\u0259ngilanda anadan oldu\u011fu evd\u0259 kaman\u00e7a ifa etm\u0259si oldu\u011funu deyib: \u201cDo\u011fma Z\u0259ngilan torpa\u011f\u0131nda Sizi salamlay\u0131ram, Mehriban xan\u0131m\u0131 \u00fcr\u0259kd\u0259n salamlay\u0131ram. M\u0259n bu torpaqda d\u00fcnyaya g\u00f6z a\u00e7m\u0131\u015fam, m\u0259hz da\u015f\u0131y\u0131c\u0131s\u0131 oldu\u011fum bu s\u0259n\u0259ti Z\u0259ngilan rayonunun M\u0259mm\u0259db\u0259yli k\u0259ndind\u0259 sevmi\u015f\u0259m. Allah Sizl\u0259ri var el\u0259sin. Mehriban xan\u0131ma m\u0259n m\u0259xsusi t\u0259\u015f\u0259kk\u00fcr\u00fcm\u00fc bildirir\u0259m ki, bizim mu\u011fam\u0131m\u0131z\u0131n d\u00fcnyaya inteqrasiya olunmas\u0131nda m\u0259xsusi xidm\u0259tl\u0259ri var. C\u0259nab Prezident, biz \u201cQaraba\u011f\u201d mu\u011fam qrupu olaraq xan\u0259nd\u0259,&hellip;<\/p>\n","protected":false},"author":2,"featured_media":393626,"comment_status":"closed","ping_status":"closed","sticky":false,"template":"","format":"standard","meta":{"om_disable_all_campaigns":false,"_monsterinsights_skip_tracking":false,"_monsterinsights_sitenote_active":false,"_monsterinsights_sitenote_note":"","_monsterinsights_sitenote_category":0},"categories":[4],"tags":[],"aioseo_notices":[],"gutentor_comment":0,"rttpg_featured_image_url":{"full":["https:\/\/arantv.az\/wp-content\/uploads\/2021\/10\/FotoJet-4-10.jpg",620,413,false],"landscape":["https:\/\/arantv.az\/wp-content\/uploads\/2021\/10\/FotoJet-4-10.jpg",620,413,false],"portraits":["https:\/\/arantv.az\/wp-content\/uploads\/2021\/10\/FotoJet-4-10.jpg",620,413,false],"thumbnail":["https:\/\/arantv.az\/wp-content\/uploads\/2021\/10\/FotoJet-4-10-500x280.jpg",500,280,true],"medium":["https:\/\/arantv.az\/wp-content\/uploads\/2021\/10\/FotoJet-4-10-548x365.jpg",548,365,true],"large":["https:\/\/arantv.az\/wp-content\/uploads\/2021\/10\/FotoJet-4-10.jpg",620,413,false],"1536x1536":["https:\/\/arantv.az\/wp-content\/uploads\/2021\/10\/FotoJet-4-10.jpg",620,413,false],"2048x2048":["https:\/\/arantv.az\/wp-content\/uploads\/2021\/10\/FotoJet-4-10.jpg",620,413,false],"post-thumbnail":["https:\/\/arantv.az\/wp-content\/uploads\/2021\/10\/FotoJet-4-10-240x172.jpg",240,172,true],"advps-thumb-one":["https:\/\/arantv.az\/wp-content\/uploads\/2021\/10\/FotoJet-4-10.jpg",620,413,false]},"rttpg_author":{"display_name":"V\u00fcsal Rafiqo\u011flu","author_link":"https:\/\/arantv.az\/?author=2"},"rttpg_comment":0,"rttpg_category":"<a href=\"https:\/\/arantv.az\/?cat=4\" rel=\"category\">Siyas\u0259t<\/a>","rttpg_excerpt":"Prezident \u0130lham \u018fliyev v\u0259 Birinci vitse-prezident Mehriban \u018fliyevan\u0131n oktyabr\u0131n 20-d\u0259 Z\u0259ngilan rayon ictimaiyy\u0259tinin n\u00fcmay\u0259nd\u0259l\u0259ri il\u0259 g\u00f6r\u00fc\u015f\u00fcnd\u0259 kaman\u00e7a ustad\u0131, \u018fm\u0259kdar artist Elnur \u018fhm\u0259dov da i\u015ftirak edib. E.\u018fhm\u0259dov \u0259n b\u00f6y\u00fck arzusunun Z\u0259ngilanda anadan oldu\u011fu evd\u0259 kaman\u00e7a ifa etm\u0259si oldu\u011funu deyib: \u201cDo\u011fma Z\u0259ngilan torpa\u011f\u0131nda Sizi salamlay\u0131ram, Mehriban xan\u0131m\u0131 \u00fcr\u0259kd\u0259n salamlay\u0131ram. M\u0259n bu torpaqda d\u00fcnyaya g\u00f6z a\u00e7m\u0131\u015fam, m\u0259hz da\u015f\u0131y\u0131c\u0131s\u0131&hellip;","_links":{"self":[{"href":"https:\/\/arantv.az\/index.php?rest_route=\/wp\/v2\/posts\/393625"}],"collection":[{"href":"https:\/\/arantv.az\/index.php?rest_route=\/wp\/v2\/posts"}],"about":[{"href":"https:\/\/arantv.az\/index.php?rest_route=\/wp\/v2\/types\/post"}],"author":[{"embeddable":true,"href":"https:\/\/arantv.az\/index.php?rest_route=\/wp\/v2\/users\/2"}],"replies":[{"embeddable":true,"href":"https:\/\/arantv.az\/index.php?rest_route=%2Fwp%2Fv2%2Fcomments&post=393625"}],"version-history":[{"count":0,"href":"https:\/\/arantv.az\/index.php?rest_route=\/wp\/v2\/posts\/393625\/revisions"}],"wp:featuredmedia":[{"embeddable":true,"href":"https:\/\/arantv.az\/index.php?rest_route=\/wp\/v2\/media\/393626"}],"wp:attachment":[{"href":"https:\/\/arantv.az\/index.php?rest_route=%2Fwp%2Fv2%2Fmedia&parent=393625"}],"wp:term":[{"taxonomy":"category","embeddable":true,"href":"https:\/\/arantv.az\/index.php?rest_route=%2Fwp%2Fv2%2Fcategories&post=393625"},{"taxonomy":"post_tag","embeddable":true,"href":"https:\/\/arantv.az\/index.php?rest_route=%2Fwp%2Fv2%2Ftags&post=393625"}],"curies":[{"name":"wp","href":"https:\/\/api.w.org\/{rel}","templated":true}]}}