{"id":393628,"date":"2021-10-21T14:19:20","date_gmt":"2021-10-21T11:19:20","guid":{"rendered":"http:\/\/arantv.az\/?p=393628"},"modified":"2021-10-21T14:19:20","modified_gmt":"2021-10-21T11:19:20","slug":"%c9%99rdogandan-z%c9%99ng%c9%99zur-d%c9%99hlizin%c9%99-dair-aciqlama","status":"publish","type":"post","link":"https:\/\/arantv.az\/?p=393628","title":{"rendered":"\u018frdo\u011fandan Z\u0259ng\u0259zur d\u0259hlizin\u0259 dair A\u00c7IQLAMA"},"content":{"rendered":"<p>\u201cZ\u0259ng\u0259zur d\u0259hlizinin a\u00e7\u0131lmas\u0131 il\u0259 ba\u011fl\u0131 T\u00fcrkiy\u0259nin q\u0259rar\u0131 d\u0259yi\u015fm\u0259yib\u201d.<\/p>\n<p>\u201cHaberGlobal\u201d x\u0259b\u0259r verir ki, bunu T\u00fcrkiy\u0259 Prezidenti R\u0259c\u0259b Tayyib \u018frdo\u011fan Afrikadan qay\u0131dark\u0259n jurnalistl\u0259r\u0259 a\u00e7\u0131qlamas\u0131nda deyib.<\/p>\n<div id=\"AdviadNativeVideo0\" class=\"AdviadNativeVideo\"><\/div>\n<p>T\u00fcrkiy\u0259 lideri Az\u0259rbaycana minalar\u0131n z\u0259r\u0259rsizl\u0259\u015fdirilm\u0259si istiqam\u0259tind\u0259 d\u0259 d\u0259st\u0259k verm\u0259y\u0259 davam ed\u0259c\u0259kl\u0259rini vur\u011fulay\u0131b.<\/p>\n<p>\u201cAz\u0259rbaycana minaaxtaranlar verdik v\u0259 verm\u0259kd\u0259 davam ed\u0259c\u0259yik. Onlar\u00a0da bunu y\u00fcks\u0259k qiym\u0259tl\u0259ndirdil\u0259r\u201d, &#8211; dey\u0259 R.T.\u018frdo\u011fan vur\u011fulay\u0131b.<\/p>\n","protected":false},"excerpt":{"rendered":"<p>\u201cZ\u0259ng\u0259zur d\u0259hlizinin a\u00e7\u0131lmas\u0131 il\u0259 ba\u011fl\u0131 T\u00fcrkiy\u0259nin q\u0259rar\u0131 d\u0259yi\u015fm\u0259yib\u201d. \u201cHaberGlobal\u201d x\u0259b\u0259r verir ki, bunu T\u00fcrkiy\u0259 Prezidenti R\u0259c\u0259b Tayyib \u018frdo\u011fan Afrikadan qay\u0131dark\u0259n jurnalistl\u0259r\u0259 a\u00e7\u0131qlamas\u0131nda deyib. T\u00fcrkiy\u0259 lideri Az\u0259rbaycana minalar\u0131n z\u0259r\u0259rsizl\u0259\u015fdirilm\u0259si istiqam\u0259tind\u0259 d\u0259 d\u0259st\u0259k verm\u0259y\u0259 davam ed\u0259c\u0259kl\u0259rini vur\u011fulay\u0131b. \u201cAz\u0259rbaycana minaaxtaranlar verdik v\u0259 verm\u0259kd\u0259 davam ed\u0259c\u0259yik. Onlar\u00a0da bunu y\u00fcks\u0259k qiym\u0259tl\u0259ndirdil\u0259r\u201d, &#8211; dey\u0259 R.T.\u018frdo\u011fan vur\u011fulay\u0131b.<\/p>\n","protected":false},"author":2,"featured_media":393629,"comment_status":"closed","ping_status":"closed","sticky":false,"template":"","format":"standard","meta":{"om_disable_all_campaigns":false,"_monsterinsights_skip_tracking":false,"_monsterinsights_sitenote_active":false,"_monsterinsights_sitenote_note":"","_monsterinsights_sitenote_category":0},"categories":[7],"tags":[],"aioseo_notices":[],"gutentor_comment":0,"rttpg_featured_image_url":{"full":["https:\/\/arantv.az\/wp-content\/uploads\/2021\/10\/FotoJet-2021-10-21T144500.618.jpg",620,413,false],"landscape":["https:\/\/arantv.az\/wp-content\/uploads\/2021\/10\/FotoJet-2021-10-21T144500.618.jpg",620,413,false],"portraits":["https:\/\/arantv.az\/wp-content\/uploads\/2021\/10\/FotoJet-2021-10-21T144500.618.jpg",620,413,false],"thumbnail":["https:\/\/arantv.az\/wp-content\/uploads\/2021\/10\/FotoJet-2021-10-21T144500.618-500x280.jpg",500,280,true],"medium":["https:\/\/arantv.az\/wp-content\/uploads\/2021\/10\/FotoJet-2021-10-21T144500.618-548x365.jpg",548,365,true],"large":["https:\/\/arantv.az\/wp-content\/uploads\/2021\/10\/FotoJet-2021-10-21T144500.618.jpg",620,413,false],"1536x1536":["https:\/\/arantv.az\/wp-content\/uploads\/2021\/10\/FotoJet-2021-10-21T144500.618.jpg",620,413,false],"2048x2048":["https:\/\/arantv.az\/wp-content\/uploads\/2021\/10\/FotoJet-2021-10-21T144500.618.jpg",620,413,false],"post-thumbnail":["https:\/\/arantv.az\/wp-content\/uploads\/2021\/10\/FotoJet-2021-10-21T144500.618-240x172.jpg",240,172,true],"advps-thumb-one":["https:\/\/arantv.az\/wp-content\/uploads\/2021\/10\/FotoJet-2021-10-21T144500.618.jpg",620,413,false]},"rttpg_author":{"display_name":"V\u00fcsal Rafiqo\u011flu","author_link":"https:\/\/arantv.az\/?author=2"},"rttpg_comment":0,"rttpg_category":"<a href=\"https:\/\/arantv.az\/?cat=7\" rel=\"category\">D\u00fcnya<\/a>","rttpg_excerpt":"\u201cZ\u0259ng\u0259zur d\u0259hlizinin a\u00e7\u0131lmas\u0131 il\u0259 ba\u011fl\u0131 T\u00fcrkiy\u0259nin q\u0259rar\u0131 d\u0259yi\u015fm\u0259yib\u201d. \u201cHaberGlobal\u201d x\u0259b\u0259r verir ki, bunu T\u00fcrkiy\u0259 Prezidenti R\u0259c\u0259b Tayyib \u018frdo\u011fan Afrikadan qay\u0131dark\u0259n jurnalistl\u0259r\u0259 a\u00e7\u0131qlamas\u0131nda deyib. T\u00fcrkiy\u0259 lideri Az\u0259rbaycana minalar\u0131n z\u0259r\u0259rsizl\u0259\u015fdirilm\u0259si istiqam\u0259tind\u0259 d\u0259 d\u0259st\u0259k verm\u0259y\u0259 davam ed\u0259c\u0259kl\u0259rini vur\u011fulay\u0131b. \u201cAz\u0259rbaycana minaaxtaranlar verdik v\u0259 verm\u0259kd\u0259 davam ed\u0259c\u0259yik. Onlar\u00a0da bunu y\u00fcks\u0259k qiym\u0259tl\u0259ndirdil\u0259r\u201d, &#8211; dey\u0259 R.T.\u018frdo\u011fan vur\u011fulay\u0131b.","_links":{"self":[{"href":"https:\/\/arantv.az\/index.php?rest_route=\/wp\/v2\/posts\/393628"}],"collection":[{"href":"https:\/\/arantv.az\/index.php?rest_route=\/wp\/v2\/posts"}],"about":[{"href":"https:\/\/arantv.az\/index.php?rest_route=\/wp\/v2\/types\/post"}],"author":[{"embeddable":true,"href":"https:\/\/arantv.az\/index.php?rest_route=\/wp\/v2\/users\/2"}],"replies":[{"embeddable":true,"href":"https:\/\/arantv.az\/index.php?rest_route=%2Fwp%2Fv2%2Fcomments&post=393628"}],"version-history":[{"count":0,"href":"https:\/\/arantv.az\/index.php?rest_route=\/wp\/v2\/posts\/393628\/revisions"}],"wp:featuredmedia":[{"embeddable":true,"href":"https:\/\/arantv.az\/index.php?rest_route=\/wp\/v2\/media\/393629"}],"wp:attachment":[{"href":"https:\/\/arantv.az\/index.php?rest_route=%2Fwp%2Fv2%2Fmedia&parent=393628"}],"wp:term":[{"taxonomy":"category","embeddable":true,"href":"https:\/\/arantv.az\/index.php?rest_route=%2Fwp%2Fv2%2Fcategories&post=393628"},{"taxonomy":"post_tag","embeddable":true,"href":"https:\/\/arantv.az\/index.php?rest_route=%2Fwp%2Fv2%2Ftags&post=393628"}],"curies":[{"name":"wp","href":"https:\/\/api.w.org\/{rel}","templated":true}]}}